{"id":14971,"date":"2022-03-23T15:20:04","date_gmt":"2022-03-23T18:20:04","guid":{"rendered":"https:\/\/radiorevelacionfm.cl\/?p=14971"},"modified":"2022-03-23T18:33:35","modified_gmt":"2022-03-23T21:33:35","slug":"comienza-el-horario-de-invierno-cuando-se-cambia-la-hora-y-que-debo-hacer","status":"publish","type":"post","link":"https:\/\/radiorevelacionfm.cl\/?p=14971","title":{"rendered":"Comienza el horario de invierno: \u00bfCu\u00e1ndo se cambia la hora y qu\u00e9 debo hacer?"},"content":{"rendered":"<div class=\"flex_column av_one_full  flex_column_div av-zero-column-padding first  avia-builder-el-0  el_before_av_one_full  avia-builder-el-first  \" style='border-radius:0px; '><div  class='avia-image-container  av-styling-    avia-builder-el-1  avia-builder-el-no-sibling  avia-align-center '  itemprop=\"image\" itemscope=\"itemscope\" itemtype=\"https:\/\/schema.org\/ImageObject\"  ><div class='avia-image-container-inner'><div class='avia-image-overlay-wrap'><img decoding=\"async\" class='wp-image-14972 avia-img-lazy-loading-not-14972 avia_image' src=\"https:\/\/radiorevelacionfm.cl\/wp-content\/uploads\/2022\/03\/cambio-de-hora-1-1.jpg\" alt='' title='cambio-de-hora (1) (1)' height=\"600\" width=\"1067\"  itemprop=\"thumbnailUrl\" srcset=\"https:\/\/radiorevelacionfm.cl\/wp-content\/uploads\/2022\/03\/cambio-de-hora-1-1.jpg 1067w, https:\/\/radiorevelacionfm.cl\/wp-content\/uploads\/2022\/03\/cambio-de-hora-1-1-300x169.jpg 300w, https:\/\/radiorevelacionfm.cl\/wp-content\/uploads\/2022\/03\/cambio-de-hora-1-1-1030x579.jpg 1030w, https:\/\/radiorevelacionfm.cl\/wp-content\/uploads\/2022\/03\/cambio-de-hora-1-1-768x432.jpg 768w, https:\/\/radiorevelacionfm.cl\/wp-content\/uploads\/2022\/03\/cambio-de-hora-1-1-705x396.jpg 705w, https:\/\/radiorevelacionfm.cl\/wp-content\/uploads\/2022\/03\/cambio-de-hora-1-1-600x337.jpg 600w\" sizes=\"(max-width: 1067px) 100vw, 1067px\" \/><\/div><\/div><\/div><\/div><div class=\"flex_column av_one_full  flex_column_div av-zero-column-padding first  avia-builder-el-2  el_after_av_one_full  el_before_av_one_full  column-top-margin\" style='border-radius:0px; '><section class=\"av_textblock_section \"  itemscope=\"itemscope\" itemtype=\"https:\/\/schema.org\/BlogPosting\" itemprop=\"blogPost\" ><div class='avia_textblock  '   itemprop=\"text\" ><p style=\"text-align: center;\"><strong><span style=\"font-size: 18pt;\">Comienza el horario de invierno: \u00bfCu\u00e1ndo se cambia la hora y qu\u00e9 debo hacer?<\/span><\/strong><\/p>\n<div id=\"gtx-trans\" style=\"position: absolute; left: -50px; top: 4.31534px;\">\n<div class=\"gtx-trans-icon\"><\/div>\n<\/div>\n<\/div><\/section><\/div><div class=\"flex_column av_one_full  flex_column_div av-zero-column-padding first  avia-builder-el-4  el_after_av_one_full  el_before_av_hr  column-top-margin\" style='border-radius:0px; '><section class=\"av_textblock_section \"  itemscope=\"itemscope\" itemtype=\"https:\/\/schema.org\/BlogPosting\" itemprop=\"blogPost\" ><div class='avia_textblock  '   itemprop=\"text\" ><p style=\"text-align: justify;\">Como cada a\u00f1o, el sol comienza a iluminar cada vez menos durante las ma\u00f1anas y se esconde m\u00e1s temprano en las tardes. Lo anterior, es signo de que quedan pocos d\u00edas para realizar el\u00a0cambio de horario en Chile continental e insular.<\/p>\n<p style=\"text-align: justify;\">La medida que busca\u00a0privilegiar el uso de la luz durante las primeras horas del d\u00eda, a\u00fan es discutida por los efectos en la salud de las personas.<\/p>\n<p style=\"text-align: justify;\">Seg\u00fan el\u00a0<a href=\"https:\/\/www.interior.gob.cl\/transparencia\/doc\/ActosyDocumentosDiarioOficial\/200\/5724629.pdf\">Decreto Presidencial<\/a>\u00a0de 2018, el cambio al horario de invierno deber\u00e1 realizarse el s\u00e1bado 2 de abril de 2022, ese d\u00eda,\u00a0a las 00:00 horas, se deben retrasar los relojes en una hora\u00a0(60 minutos), para as\u00ed quedar a las 23:00 horas. En esa instancia, Chile pasar\u00e1 del actual huso horario GMT-3 a GMT-4.<\/p>\n<p style=\"text-align: justify;\">&#8211; Chile Continental (desde la regi\u00f3n de Arica y Parinacota hasta la regi\u00f3n de Ays\u00e9n) pasar\u00e1 de UTC-4 a UTC-3<\/p>\n<p style=\"text-align: justify;\">&#8211; Rapa Nui (Isla de Pascua) pasar\u00e1 de GMT-5 a GMT-6.<\/p>\n<p style=\"text-align: justify;\">&#8211; Para la Regi\u00f3n de Magallanes y la Ant\u00e1rtica Chilena este cambio de horario no los involucrar\u00e1, puesto que, al menos hasta este a\u00f1o, se decret\u00f3 que dicha \u00e1rea mantenga de forma permanente el \u00abhorario de verano\u00bb.<\/p>\n<p style=\"text-align: justify;\">Aunque la medida tiene entusiastas y detractores, la medida busca aprovechar mejor las horas de luz diurna y est\u00e1 fijado por ley.<\/p>\n<p style=\"text-align: justify;\">La ley 8.777 estableci\u00f3 que el nuevo cambio horario (de invierno) empezara en Chile Continental a contar del primer s\u00e1bado del mes de abril de 2022 y que se extendiera hasta las 00:00 horas del primer s\u00e1bado del mes de septiembre 2022.<\/p>\n<\/div><\/section><\/div><div  style='height:50px' class='hr hr-invisible   avia-builder-el-6  el_after_av_one_full  el_before_av_social_share '><span class='hr-inner ' ><span class='hr-inner-style'><\/span><\/span><\/div><\/p>\n<div  class='av-social-sharing-box  avia-builder-el-7  el_after_av_hr  el_before_av_hr  '><div class='av-share-box'><h5 class='av-share-link-description av-no-toc '>Compartir esta noticia<\/h5><ul class='av-share-box-list noLightbox'><li class='av-share-link av-social-link-facebook' ><a target=\"_blank\" aria-label=\"Compartir en Facebook\" href='https:\/\/www.facebook.com\/sharer.php?u=https:\/\/radiorevelacionfm.cl\/?p=14971&#038;t=Comienza%20el%20horario%20de%20invierno%3A%20%C2%BFCu%C3%A1ndo%20se%20cambia%20la%20hora%20y%20qu%C3%A9%20debo%20hacer%3F' aria-hidden='false' data-av_icon='\ue8f3' data-av_iconfont='entypo-fontello' title='' data-avia-related-tooltip='Compartir en Facebook' rel=\"noopener\"><span class='avia_hidden_link_text'>Compartir en Facebook<\/span><\/a><\/li><li class='av-share-link av-social-link-twitter' ><a target=\"_blank\" aria-label=\"Compartir en Twitter\" href='https:\/\/twitter.com\/share?text=Comienza%20el%20horario%20de%20invierno%3A%20%C2%BFCu%C3%A1ndo%20se%20cambia%20la%20hora%20y%20qu%C3%A9%20debo%20hacer%3F&#038;url=https:\/\/radiorevelacionfm.cl\/?p=14971' aria-hidden='false' data-av_icon='\ue8f1' data-av_iconfont='entypo-fontello' title='' data-avia-related-tooltip='Compartir en Twitter' rel=\"noopener\"><span class='avia_hidden_link_text'>Compartir en Twitter<\/span><\/a><\/li><li class='av-share-link av-social-link-whatsapp' ><a target=\"_blank\" aria-label=\"Compartir en Whatsapp\" href='https:\/\/api.whatsapp.com\/send?text=https:\/\/radiorevelacionfm.cl\/?p=14971' aria-hidden='false' data-av_icon='\uf232' data-av_iconfont='entypo-fontello' title='' data-avia-related-tooltip='Compartir en Whatsapp' rel=\"noopener\"><span class='avia_hidden_link_text'>Compartir en Whatsapp<\/span><\/a><\/li><li class='av-share-link av-social-link-linkedin' ><a target=\"_blank\" aria-label=\"Compartir en LinkedIn\" href='https:\/\/linkedin.com\/shareArticle?mini=true&#038;title=Comienza%20el%20horario%20de%20invierno%3A%20%C2%BFCu%C3%A1ndo%20se%20cambia%20la%20hora%20y%20qu%C3%A9%20debo%20hacer%3F&#038;url=https:\/\/radiorevelacionfm.cl\/?p=14971' aria-hidden='false' data-av_icon='\ue8fc' data-av_iconfont='entypo-fontello' title='' data-avia-related-tooltip='Compartir en LinkedIn' rel=\"noopener\"><span class='avia_hidden_link_text'>Compartir en LinkedIn<\/span><\/a><\/li><li class='av-share-link av-social-link-mail' ><a  aria-label=\"Compartir por correo\" href='mailto:?subject=Comienza%20el%20horario%20de%20invierno%3A%20%C2%BFCu%C3%A1ndo%20se%20cambia%20la%20hora%20y%20qu%C3%A9%20debo%20hacer%3F&#038;body=https:\/\/radiorevelacionfm.cl\/?p=14971' aria-hidden='false' data-av_icon='\ue805' data-av_iconfont='entypo-fontello' title='' data-avia-related-tooltip='Compartir por correo'><span class='avia_hidden_link_text'>Compartir por correo<\/span><\/a><\/li><\/ul><\/div><\/div>\n<div  style='height:50px' class='hr hr-invisible   avia-builder-el-8  el_after_av_social_share  el_before_av_comments_list '><span class='hr-inner ' ><span class='hr-inner-style'><\/span><\/span><\/div>\n<div  class='av-buildercomment  av-blog-meta-html-info-disabled av-blog-meta-tag-disabled  '><\/div>\n","protected":false},"excerpt":{"rendered":"","protected":false},"author":1,"featured_media":14972,"comment_status":"open","ping_status":"open","sticky":false,"template":"","format":"standard","meta":{"footnotes":""},"categories":[61],"tags":[],"class_list":["post-14971","post","type-post","status-publish","format-standard","has-post-thumbnail","hentry","category-nacional"],"jetpack_featured_media_url":"https:\/\/radiorevelacionfm.cl\/wp-content\/uploads\/2022\/03\/cambio-de-hora-1-1.jpg","_links":{"self":[{"href":"https:\/\/radiorevelacionfm.cl\/index.php?rest_route=\/wp\/v2\/posts\/14971","targetHints":{"allow":["GET"]}}],"collection":[{"href":"https:\/\/radiorevelacionfm.cl\/index.php?rest_route=\/wp\/v2\/posts"}],"about":[{"href":"https:\/\/radiorevelacionfm.cl\/index.php?rest_route=\/wp\/v2\/types\/post"}],"author":[{"embeddable":true,"href":"https:\/\/radiorevelacionfm.cl\/index.php?rest_route=\/wp\/v2\/users\/1"}],"replies":[{"embeddable":true,"href":"https:\/\/radiorevelacionfm.cl\/index.php?rest_route=%2Fwp%2Fv2%2Fcomments&post=14971"}],"version-history":[{"count":2,"href":"https:\/\/radiorevelacionfm.cl\/index.php?rest_route=\/wp\/v2\/posts\/14971\/revisions"}],"predecessor-version":[{"id":14975,"href":"https:\/\/radiorevelacionfm.cl\/index.php?rest_route=\/wp\/v2\/posts\/14971\/revisions\/14975"}],"wp:featuredmedia":[{"embeddable":true,"href":"https:\/\/radiorevelacionfm.cl\/index.php?rest_route=\/wp\/v2\/media\/14972"}],"wp:attachment":[{"href":"https:\/\/radiorevelacionfm.cl\/index.php?rest_route=%2Fwp%2Fv2%2Fmedia&parent=14971"}],"wp:term":[{"taxonomy":"category","embeddable":true,"href":"https:\/\/radiorevelacionfm.cl\/index.php?rest_route=%2Fwp%2Fv2%2Fcategories&post=14971"},{"taxonomy":"post_tag","embeddable":true,"href":"https:\/\/radiorevelacionfm.cl\/index.php?rest_route=%2Fwp%2Fv2%2Ftags&post=14971"}],"curies":[{"name":"wp","href":"https:\/\/api.w.org\/{rel}","templated":true}]}}