{"id":14964,"date":"2022-03-24T10:14:39","date_gmt":"2022-03-24T13:14:39","guid":{"rendered":"https:\/\/radiorevelacionfm.cl\/?p=14964"},"modified":"2022-03-24T10:14:39","modified_gmt":"2022-03-24T13:14:39","slug":"ministerio-de-educacion-y-confech-inician-mesa-de-trabajo-para-avanzar-en-la-agenda-de-educacion-superior","status":"publish","type":"post","link":"https:\/\/radiorevelacionfm.cl\/?p=14964","title":{"rendered":"Ministerio de Educaci\u00f3n y Confech inician mesa de trabajo para avanzar en la agenda de Educaci\u00f3n Superior"},"content":{"rendered":"<div class=\"flex_column av_one_full  flex_column_div av-zero-column-padding first  avia-builder-el-0  el_before_av_one_full  avia-builder-el-first  \" style='border-radius:0px; '><div  class='avia-image-container  av-styling-    avia-builder-el-1  avia-builder-el-no-sibling  avia-align-center '  itemprop=\"image\" itemscope=\"itemscope\" itemtype=\"https:\/\/schema.org\/ImageObject\"  ><div class='avia-image-container-inner'><div class='avia-image-overlay-wrap'><img decoding=\"async\" class='wp-image-14965 avia-img-lazy-loading-not-14965 avia_image' src=\"https:\/\/radiorevelacionfm.cl\/wp-content\/uploads\/2022\/03\/Educacion-y-Confech-1-1.jpeg\" alt='' title='Educacion y Confech (1) (1)' height=\"600\" width=\"967\"  itemprop=\"thumbnailUrl\" srcset=\"https:\/\/radiorevelacionfm.cl\/wp-content\/uploads\/2022\/03\/Educacion-y-Confech-1-1.jpeg 967w, https:\/\/radiorevelacionfm.cl\/wp-content\/uploads\/2022\/03\/Educacion-y-Confech-1-1-300x186.jpeg 300w, https:\/\/radiorevelacionfm.cl\/wp-content\/uploads\/2022\/03\/Educacion-y-Confech-1-1-768x477.jpeg 768w, https:\/\/radiorevelacionfm.cl\/wp-content\/uploads\/2022\/03\/Educacion-y-Confech-1-1-705x437.jpeg 705w, https:\/\/radiorevelacionfm.cl\/wp-content\/uploads\/2022\/03\/Educacion-y-Confech-1-1-600x372.jpeg 600w\" sizes=\"(max-width: 967px) 100vw, 967px\" \/><\/div><\/div><\/div><\/div><div class=\"flex_column av_one_full  flex_column_div av-zero-column-padding first  avia-builder-el-2  el_after_av_one_full  el_before_av_one_full  column-top-margin\" style='border-radius:0px; '><section class=\"av_textblock_section \"  itemscope=\"itemscope\" itemtype=\"https:\/\/schema.org\/BlogPosting\" itemprop=\"blogPost\" ><div class='avia_textblock  '   itemprop=\"text\" ><p style=\"text-align: center;\"><span style=\"font-size: 18pt;\"><b><span lang=\"ES\">Ministerio de Educaci\u00f3n y Confech inician mesa de trabajo para avanzar en la agenda de Educaci\u00f3n Superior<\/span><\/b><\/span><\/p>\n<div id=\"gtx-trans\" style=\"position: absolute; left: -50px; top: 4.31534px;\">\n<div class=\"gtx-trans-icon\"><\/div>\n<\/div>\n<\/div><\/section><\/div><div class=\"flex_column av_one_full  flex_column_div av-zero-column-padding first  avia-builder-el-4  el_after_av_one_full  el_before_av_hr  column-top-margin\" style='border-radius:0px; '><section class=\"av_textblock_section \"  itemscope=\"itemscope\" itemtype=\"https:\/\/schema.org\/BlogPosting\" itemprop=\"blogPost\" ><div class='avia_textblock  '   itemprop=\"text\" ><p class=\"v1MsoNormal\" style=\"text-align: justify;\"><span lang=\"ES\">Como parte del trabajo por establecer procesos de di\u00e1logo con todos los actores del sistema educativo, el ministro de Educaci\u00f3n, Marco Antonio \u00c1vila, junto a la subsecretaria de Educaci\u00f3n Superior, Ver\u00f3nica Figueroa Huencho, recibieron la tarde de ayer a las y los dirigentes estudiantiles de la Confederaci\u00f3n de Estudiantes de Chile, Confech, para escuchar y conversar sobre sus demandas.<\/span><\/p>\n<p class=\"v1MsoNormal\" style=\"text-align: justify;\"><span lang=\"ES\">\u201cHemos tenido una muy interesante y fruct\u00edfera reuni\u00f3n, hemos acordado algunos puntos, as\u00ed que quisiera destacar este espacio nuevo que hemos instaurado desde ahora con este Mineduc que acoge a los y las estudiantes para conocer sus propuestas\u201d, destac\u00f3 el ministro.<\/span><\/p>\n<p class=\"v1MsoNormal\" style=\"text-align: justify;\"><span lang=\"ES\">A partir de la reuni\u00f3n, las autoridades anunciaron la creaci\u00f3n de una mesa de trabajo con el estudiantado, con el objetivo de analizar en profundidad sus petitorios para avanzar en pol\u00edticas p\u00fablicas que puedan asegurar a las y los estudiantes el derecho a la educaci\u00f3n de manera plena y condiciones dignas.<\/span><\/p>\n<p class=\"v1MsoNormal\" style=\"text-align: justify;\"><span lang=\"ES\">\u201cHemos acordado la posibilidad de\u00a0 avanzar de manera colaborativa a trav\u00e9s de una mesa de trabajo, que va a contar con una agenda donde nosotros como subsecretar\u00eda vamos a poder ir recogiendo tambi\u00e9n, no solamente estas demandas de urgencia, sino tambi\u00e9n c\u00f3mo vamos construyendo el camino hacia los grandes cambios estructurales, profundos que est\u00e1n en nuestro programa, como es avanzar hacia una educaci\u00f3n p\u00fablica, gratuita y de calidad, que reconozca las diversidades de los territorios y como lo hemos mencionado en ocasiones anteriores, con tres ejes,\u00a0 con igualdad de g\u00e9nero, con un enfoque plurinacional y reconociendo las diversidades de los territorios\u201d, detall\u00f3 la subsecretaria Figueroa Huencho.<\/span><\/p>\n<p class=\"v1MsoNormal\" style=\"text-align: justify;\"><span lang=\"ES\">Por su parte, Josefina Ojeda Pando, presidenta de la Federaci\u00f3n de Estudiantes de la Universidad Austral y vocera Confech, explic\u00f3 que \u201cestamos agradecidos por esta invitaci\u00f3n, la cual est\u00e1bamos esperando hace mucho tiempo, aunque\u00a0 eso no significa que vamos a quedarnos de brazos cruzados. D\u00eda a d\u00eda vamos a trabajar para poder satisfacer estas demandas estudiantiles, vamos a estar en nuestros territorios luchando por esto y esperando que el ministerio recoja todas nuestras demandas y poder trabajar paulatinamente en estas. Pero valoramos esta invitaci\u00f3n y esperamos que esto se pueda cumplir entre todos\u201d.<\/span><\/p>\n<p class=\"v1MsoNormal\" style=\"text-align: justify;\"><span lang=\"ES\">\u00a0<\/span><\/p>\n<\/div><\/section><\/div><div  style='height:50px' class='hr hr-invisible   avia-builder-el-6  el_after_av_one_full  el_before_av_social_share '><span class='hr-inner ' ><span class='hr-inner-style'><\/span><\/span><\/div><\/p>\n<div  class='av-social-sharing-box  avia-builder-el-7  el_after_av_hr  el_before_av_hr  '><div class='av-share-box'><h5 class='av-share-link-description av-no-toc '>Compartir esta noticia<\/h5><ul class='av-share-box-list noLightbox'><li class='av-share-link av-social-link-facebook' ><a target=\"_blank\" aria-label=\"Compartir en Facebook\" href='https:\/\/www.facebook.com\/sharer.php?u=https:\/\/radiorevelacionfm.cl\/?p=14964&#038;t=Ministerio%20de%20Educaci%C3%B3n%20y%20Confech%20inician%20mesa%20de%20trabajo%20para%20avanzar%20en%20la%20agenda%20de%20Educaci%C3%B3n%20Superior' aria-hidden='false' data-av_icon='\ue8f3' data-av_iconfont='entypo-fontello' title='' data-avia-related-tooltip='Compartir en Facebook' rel=\"noopener\"><span class='avia_hidden_link_text'>Compartir en Facebook<\/span><\/a><\/li><li class='av-share-link av-social-link-twitter' ><a target=\"_blank\" aria-label=\"Compartir en Twitter\" href='https:\/\/twitter.com\/share?text=Ministerio%20de%20Educaci%C3%B3n%20y%20Confech%20inician%20mesa%20de%20trabajo%20para%20avanzar%20en%20la%20agenda%20de%20Educaci%C3%B3n%20Superior&#038;url=https:\/\/radiorevelacionfm.cl\/?p=14964' aria-hidden='false' data-av_icon='\ue8f1' data-av_iconfont='entypo-fontello' title='' data-avia-related-tooltip='Compartir en Twitter' rel=\"noopener\"><span class='avia_hidden_link_text'>Compartir en Twitter<\/span><\/a><\/li><li class='av-share-link av-social-link-whatsapp' ><a target=\"_blank\" aria-label=\"Compartir en Whatsapp\" href='https:\/\/api.whatsapp.com\/send?text=https:\/\/radiorevelacionfm.cl\/?p=14964' aria-hidden='false' data-av_icon='\uf232' data-av_iconfont='entypo-fontello' title='' data-avia-related-tooltip='Compartir en Whatsapp' rel=\"noopener\"><span class='avia_hidden_link_text'>Compartir en Whatsapp<\/span><\/a><\/li><li class='av-share-link av-social-link-linkedin' ><a target=\"_blank\" aria-label=\"Compartir en LinkedIn\" href='https:\/\/linkedin.com\/shareArticle?mini=true&#038;title=Ministerio%20de%20Educaci%C3%B3n%20y%20Confech%20inician%20mesa%20de%20trabajo%20para%20avanzar%20en%20la%20agenda%20de%20Educaci%C3%B3n%20Superior&#038;url=https:\/\/radiorevelacionfm.cl\/?p=14964' aria-hidden='false' data-av_icon='\ue8fc' data-av_iconfont='entypo-fontello' title='' data-avia-related-tooltip='Compartir en LinkedIn' rel=\"noopener\"><span class='avia_hidden_link_text'>Compartir en LinkedIn<\/span><\/a><\/li><li class='av-share-link av-social-link-mail' ><a  aria-label=\"Compartir por correo\" href='mailto:?subject=Ministerio%20de%20Educaci%C3%B3n%20y%20Confech%20inician%20mesa%20de%20trabajo%20para%20avanzar%20en%20la%20agenda%20de%20Educaci%C3%B3n%20Superior&#038;body=https:\/\/radiorevelacionfm.cl\/?p=14964' aria-hidden='false' data-av_icon='\ue805' data-av_iconfont='entypo-fontello' title='' data-avia-related-tooltip='Compartir por correo'><span class='avia_hidden_link_text'>Compartir por correo<\/span><\/a><\/li><\/ul><\/div><\/div>\n<div  style='height:50px' class='hr hr-invisible   avia-builder-el-8  el_after_av_social_share  el_before_av_comments_list '><span class='hr-inner ' ><span class='hr-inner-style'><\/span><\/span><\/div>\n<div  class='av-buildercomment  av-blog-meta-html-info-disabled av-blog-meta-tag-disabled  '><\/div>\n","protected":false},"excerpt":{"rendered":"","protected":false},"author":1,"featured_media":14965,"comment_status":"open","ping_status":"open","sticky":false,"template":"","format":"standard","meta":{"footnotes":""},"categories":[49],"tags":[],"class_list":["post-14964","post","type-post","status-publish","format-standard","has-post-thumbnail","hentry","category-educacion"],"jetpack_featured_media_url":"https:\/\/radiorevelacionfm.cl\/wp-content\/uploads\/2022\/03\/Educacion-y-Confech-1-1.jpeg","_links":{"self":[{"href":"https:\/\/radiorevelacionfm.cl\/index.php?rest_route=\/wp\/v2\/posts\/14964","targetHints":{"allow":["GET"]}}],"collection":[{"href":"https:\/\/radiorevelacionfm.cl\/index.php?rest_route=\/wp\/v2\/posts"}],"about":[{"href":"https:\/\/radiorevelacionfm.cl\/index.php?rest_route=\/wp\/v2\/types\/post"}],"author":[{"embeddable":true,"href":"https:\/\/radiorevelacionfm.cl\/index.php?rest_route=\/wp\/v2\/users\/1"}],"replies":[{"embeddable":true,"href":"https:\/\/radiorevelacionfm.cl\/index.php?rest_route=%2Fwp%2Fv2%2Fcomments&post=14964"}],"version-history":[{"count":2,"href":"https:\/\/radiorevelacionfm.cl\/index.php?rest_route=\/wp\/v2\/posts\/14964\/revisions"}],"predecessor-version":[{"id":14985,"href":"https:\/\/radiorevelacionfm.cl\/index.php?rest_route=\/wp\/v2\/posts\/14964\/revisions\/14985"}],"wp:featuredmedia":[{"embeddable":true,"href":"https:\/\/radiorevelacionfm.cl\/index.php?rest_route=\/wp\/v2\/media\/14965"}],"wp:attachment":[{"href":"https:\/\/radiorevelacionfm.cl\/index.php?rest_route=%2Fwp%2Fv2%2Fmedia&parent=14964"}],"wp:term":[{"taxonomy":"category","embeddable":true,"href":"https:\/\/radiorevelacionfm.cl\/index.php?rest_route=%2Fwp%2Fv2%2Fcategories&post=14964"},{"taxonomy":"post_tag","embeddable":true,"href":"https:\/\/radiorevelacionfm.cl\/index.php?rest_route=%2Fwp%2Fv2%2Ftags&post=14964"}],"curies":[{"name":"wp","href":"https:\/\/api.w.org\/{rel}","templated":true}]}}