{"id":14961,"date":"2022-03-23T15:24:50","date_gmt":"2022-03-23T18:24:50","guid":{"rendered":"https:\/\/radiorevelacionfm.cl\/?p=14961"},"modified":"2022-03-23T15:24:50","modified_gmt":"2022-03-23T18:24:50","slug":"pdi-reitera-llamado-a-estar-alerta-frente-a-la-violencia-de-genero-para-evitar-femicidios","status":"publish","type":"post","link":"https:\/\/radiorevelacionfm.cl\/?p=14961","title":{"rendered":"PDI reitera llamado a estar alerta frente a la violencia de g\u00e9nero para evitar femicidios"},"content":{"rendered":"<div class=\"flex_column av_one_full  flex_column_div av-zero-column-padding first  avia-builder-el-0  el_before_av_one_full  avia-builder-el-first  \" style='border-radius:0px; '><div  class='avia-image-container  av-styling-    avia-builder-el-1  avia-builder-el-no-sibling  avia-align-center '  itemprop=\"image\" itemscope=\"itemscope\" itemtype=\"https:\/\/schema.org\/ImageObject\"  ><div class='avia-image-container-inner'><div class='avia-image-overlay-wrap'><img decoding=\"async\" class='wp-image-8122 avia-img-lazy-loading-not-8122 avia_image' src=\"https:\/\/radiorevelacionfm.cl\/wp-content\/uploads\/2021\/08\/Imagen-referencial-PDI-003-1-1.jpg\" alt='' title='Imagen referencial PDI 003 (1) (1)' height=\"600\" width=\"903\"  itemprop=\"thumbnailUrl\" srcset=\"https:\/\/radiorevelacionfm.cl\/wp-content\/uploads\/2021\/08\/Imagen-referencial-PDI-003-1-1.jpg 903w, https:\/\/radiorevelacionfm.cl\/wp-content\/uploads\/2021\/08\/Imagen-referencial-PDI-003-1-1-300x199.jpg 300w, https:\/\/radiorevelacionfm.cl\/wp-content\/uploads\/2021\/08\/Imagen-referencial-PDI-003-1-1-768x510.jpg 768w, https:\/\/radiorevelacionfm.cl\/wp-content\/uploads\/2021\/08\/Imagen-referencial-PDI-003-1-1-705x468.jpg 705w, https:\/\/radiorevelacionfm.cl\/wp-content\/uploads\/2021\/08\/Imagen-referencial-PDI-003-1-1-600x399.jpg 600w\" sizes=\"(max-width: 903px) 100vw, 903px\" \/><\/div><\/div><\/div><\/div><div class=\"flex_column av_one_full  flex_column_div av-zero-column-padding first  avia-builder-el-2  el_after_av_one_full  el_before_av_one_full  column-top-margin\" style='border-radius:0px; '><section class=\"av_textblock_section \"  itemscope=\"itemscope\" itemtype=\"https:\/\/schema.org\/BlogPosting\" itemprop=\"blogPost\" ><div class='avia_textblock  '   itemprop=\"text\" ><p style=\"text-align: center;\"><span style=\"font-size: 18pt;\"><strong>PDI reitera llamado a estar alerta frente a la violencia de g\u00e9nero para evitar femicidios<\/strong><\/span><\/p>\n<div id=\"gtx-trans\" style=\"position: absolute; left: -50px; top: 4.31534px;\">\n<div class=\"gtx-trans-icon\"><\/div>\n<\/div>\n<\/div><\/section><\/div><div class=\"flex_column av_one_full  flex_column_div av-zero-column-padding first  avia-builder-el-4  el_after_av_one_full  el_before_av_hr  column-top-margin\" style='border-radius:0px; '><section class=\"av_textblock_section \"  itemscope=\"itemscope\" itemtype=\"https:\/\/schema.org\/BlogPosting\" itemprop=\"blogPost\" ><div class='avia_textblock  '   itemprop=\"text\" ><p style=\"text-align: justify;\">En el marco de la reciente conmemoraci\u00f3n del D\u00eda Internacional de la Mujer el pasado 8 de marzo y como medida para fortalecer la denuncia de hechos que afecten a las mujeres, la Polic\u00eda de Investigaciones, a trav\u00e9s de la Brigada de Homicidios (BH) Coyhaique, reitera el llamado a estar alerta frente a episodios de violencia de g\u00e9nero para evitar el \u00faltimo eslab\u00f3n de la cadena de violencia extrema: el femicidio.<\/p>\n<p style=\"text-align: justify;\">Justamente, \u201cla Brigada de Homicidios de Coyhaique es la unidad especializada en investigar toda muerte sospechosa de criminalidad, incluyendo los suicidios y, en especial, los homicidios, parricidios, infanticidios y femicidios\u201d, se\u00f1al\u00f3 el subprefecto Mauro Guti\u00e9rrez, jefe de la BH Coyhaique. Adem\u00e1s, los detectives de esta brigada especializada dan cumplimiento a los decretos de los tribunales y fiscal\u00edas cuando se trate de materias de su competencia, concurren a los sitios del suceso conforme a los c\u00f3digos de Procedimiento Penal y Procesal Penal y asesoran a los tribunales cuando le sea requerido en asuntos de su especialidad, como reconstituci\u00f3n de escenas, inspecciones oculares, entre otros.<\/p>\n<p style=\"text-align: justify;\">Cabe hacer presente que, en estas materias, existe una modificaci\u00f3n en el marco legal, ya que el 4 de marzo del 2020, se promulg\u00f3 de la Ley N\u00b021.212, m\u00e1s conocida como Ley Gabriela, que modifica el C\u00f3digo Penal, el C\u00f3digo Procesal Penal y la Ley N\u00b018.216 en materia de tipificaci\u00f3n del femicidio. \u201cEsta Ley redefine el femicidio, extray\u00e9ndolo del \u00e1mbito exclusivamente intrafamiliar, ampli\u00e1ndose el femicidio \u00edntimo que s\u00f3lo consideraba a los asesinatos de mujeres por sus c\u00f3nyuges o ex c\u00f3nyuges y convivientes, incluyendo a los padres de hijos en com\u00fan y a las parejas sin convivencia, aun as\u00ed, no exista relaci\u00f3n entre los involucrados. Esto quiere decir que el femicidio es todo asesinato de mujeres y ni\u00f1as en raz\u00f3n de su g\u00e9nero\u201d, explic\u00f3 el jefe de la Brigada de Homicidios Coyhaique.<\/p>\n<p style=\"text-align: justify;\">Para abordar este fen\u00f3meno de una manera interdisciplinaria, la PDI participa en el \u201cCircuito Intersectorial de Femicidio\u201d (CIF) desde el a\u00f1o 2011, junto a instituciones como el Ministerio del Interior y Seguridad P\u00fablica -por medio del programa Apoyo a V\u00edctimas-, el Servicio Nacional de la Mujer y la Equidad de G\u00e9nero, el Servicio Mejor Ni\u00f1ez, Ministerio P\u00fablico y Carabineros de Chile. La labor de la Polic\u00eda de Investigaciones de Chile en esta mesa es aportar al Sistema Inform\u00e1tico del Mecanismo del CIF la informaci\u00f3n de caracterizaci\u00f3n de los casos de femicidios consumados y frustrados en los cuales la elaboraci\u00f3n de la Ficha Policial ha estado a su cargo. Con esto, el CIF activa diversos canales de ayuda a la familia y\/o protecci\u00f3n a la v\u00edctima y a su n\u00facleo familiar cuando corresponda. Los canales de ayuda consisten en asesor\u00eda legal, acompa\u00f1amiento y reubicaci\u00f3n de los hijos menores de edad.<\/p>\n<p style=\"text-align: justify;\">El jefe de la Brigada de Homicidios Coyhaique, subprefecto Mauro Guti\u00e9rrez, enfatiz\u00f3 que \u201ccomo PDI realizamos el llamado ante cualquier tipo de expresi\u00f3n de violencia contra la mujer, ya sea las mismas v\u00edctimas, testigos y el entorno inmediato, denuncien de manera inmediata estos hechos, porque el femicidio ya no solo es un asunto de pareja, y las personas deben informarse y denunciar\u201d.<\/p>\n<p style=\"text-align: justify;\">El detective recalc\u00f3 que \u201cuna denuncia temprana de la violencia de g\u00e9nero puede evitar la ocurrencia de un femicidio, ya que el femicidio es la expresi\u00f3n m\u00e1s \u00e1lgida de la violencia contra la mujer. Es por ello que reiteramos a la comunidad que adem\u00e1s de las v\u00edctimas, el entorno de \u00e9stas denuncie hechos de violencia que afecten a las mujeres, solo as\u00ed podremos desnaturalizar este tipo de episodios\u201d.<\/p>\n<p style=\"text-align: justify;\">Finalmente, a modo de balance la PDI a nivel nacional entre los a\u00f1os 2019 y 2021 investig\u00f3 112 femicidios de un total de 133 femicidios consumados durante este per\u00edodo. Adem\u00e1s, a nivel pa\u00eds entre el per\u00edodo del 1 de enero al 11 de febrero del 2022 la PDI ha investigado seis femicidios, cifra considerablemente mayor en comparaci\u00f3n a la misma fecha del a\u00f1o 2021, donde se registraban dos femicidios consumados investigados por la Polic\u00eda Civil.<\/p>\n<p style=\"text-align: justify;\">A nivel regional, entre el 2019 y 2021, la Brigada de Homicidios Coyhaique investig\u00f3 un femicidio, ocurrido en octubre de 2020, donde a trav\u00e9s del trabajo investigativo y de an\u00e1lisis criminal desarrollado por esta unidad, se logr\u00f3 la detenci\u00f3n del imputado y presentar las pruebas al tribunal para condenarlo por este delito.<\/p>\n<\/div><\/section><\/div><div  style='height:50px' class='hr hr-invisible   avia-builder-el-6  el_after_av_one_full  el_before_av_social_share '><span class='hr-inner ' ><span class='hr-inner-style'><\/span><\/span><\/div><\/p>\n<div  class='av-social-sharing-box  avia-builder-el-7  el_after_av_hr  el_before_av_hr  '><div class='av-share-box'><h5 class='av-share-link-description av-no-toc '>Compartir esta noticia<\/h5><ul class='av-share-box-list noLightbox'><li class='av-share-link av-social-link-facebook' ><a target=\"_blank\" aria-label=\"Compartir en Facebook\" href='https:\/\/www.facebook.com\/sharer.php?u=https:\/\/radiorevelacionfm.cl\/?p=14961&#038;t=PDI%20reitera%20llamado%20a%20estar%20alerta%20frente%20a%20la%20violencia%20de%20g%C3%A9nero%20para%20evitar%20femicidios' aria-hidden='false' data-av_icon='\ue8f3' data-av_iconfont='entypo-fontello' title='' data-avia-related-tooltip='Compartir en Facebook' rel=\"noopener\"><span class='avia_hidden_link_text'>Compartir en Facebook<\/span><\/a><\/li><li class='av-share-link av-social-link-twitter' ><a target=\"_blank\" aria-label=\"Compartir en Twitter\" href='https:\/\/twitter.com\/share?text=PDI%20reitera%20llamado%20a%20estar%20alerta%20frente%20a%20la%20violencia%20de%20g%C3%A9nero%20para%20evitar%20femicidios&#038;url=https:\/\/radiorevelacionfm.cl\/?p=14961' aria-hidden='false' data-av_icon='\ue8f1' data-av_iconfont='entypo-fontello' title='' data-avia-related-tooltip='Compartir en Twitter' rel=\"noopener\"><span class='avia_hidden_link_text'>Compartir en Twitter<\/span><\/a><\/li><li class='av-share-link av-social-link-whatsapp' ><a target=\"_blank\" aria-label=\"Compartir en Whatsapp\" href='https:\/\/api.whatsapp.com\/send?text=https:\/\/radiorevelacionfm.cl\/?p=14961' aria-hidden='false' data-av_icon='\uf232' data-av_iconfont='entypo-fontello' title='' data-avia-related-tooltip='Compartir en Whatsapp' rel=\"noopener\"><span class='avia_hidden_link_text'>Compartir en Whatsapp<\/span><\/a><\/li><li class='av-share-link av-social-link-linkedin' ><a target=\"_blank\" aria-label=\"Compartir en LinkedIn\" href='https:\/\/linkedin.com\/shareArticle?mini=true&#038;title=PDI%20reitera%20llamado%20a%20estar%20alerta%20frente%20a%20la%20violencia%20de%20g%C3%A9nero%20para%20evitar%20femicidios&#038;url=https:\/\/radiorevelacionfm.cl\/?p=14961' aria-hidden='false' data-av_icon='\ue8fc' data-av_iconfont='entypo-fontello' title='' data-avia-related-tooltip='Compartir en LinkedIn' rel=\"noopener\"><span class='avia_hidden_link_text'>Compartir en LinkedIn<\/span><\/a><\/li><li class='av-share-link av-social-link-mail' ><a  aria-label=\"Compartir por correo\" href='mailto:?subject=PDI%20reitera%20llamado%20a%20estar%20alerta%20frente%20a%20la%20violencia%20de%20g%C3%A9nero%20para%20evitar%20femicidios&#038;body=https:\/\/radiorevelacionfm.cl\/?p=14961' aria-hidden='false' data-av_icon='\ue805' data-av_iconfont='entypo-fontello' title='' data-avia-related-tooltip='Compartir por correo'><span class='avia_hidden_link_text'>Compartir por correo<\/span><\/a><\/li><\/ul><\/div><\/div>\n<div  style='height:50px' class='hr hr-invisible   avia-builder-el-8  el_after_av_social_share  el_before_av_comments_list '><span class='hr-inner ' ><span class='hr-inner-style'><\/span><\/span><\/div>\n<div  class='av-buildercomment  av-blog-meta-html-info-disabled av-blog-meta-tag-disabled  '><\/div>\n","protected":false},"excerpt":{"rendered":"","protected":false},"author":1,"featured_media":8122,"comment_status":"open","ping_status":"open","sticky":false,"template":"","format":"standard","meta":{"footnotes":""},"categories":[36],"tags":[],"class_list":["post-14961","post","type-post","status-publish","format-standard","has-post-thumbnail","hentry","category-policial"],"jetpack_featured_media_url":"https:\/\/radiorevelacionfm.cl\/wp-content\/uploads\/2021\/08\/Imagen-referencial-PDI-003-1-1.jpg","_links":{"self":[{"href":"https:\/\/radiorevelacionfm.cl\/index.php?rest_route=\/wp\/v2\/posts\/14961","targetHints":{"allow":["GET"]}}],"collection":[{"href":"https:\/\/radiorevelacionfm.cl\/index.php?rest_route=\/wp\/v2\/posts"}],"about":[{"href":"https:\/\/radiorevelacionfm.cl\/index.php?rest_route=\/wp\/v2\/types\/post"}],"author":[{"embeddable":true,"href":"https:\/\/radiorevelacionfm.cl\/index.php?rest_route=\/wp\/v2\/users\/1"}],"replies":[{"embeddable":true,"href":"https:\/\/radiorevelacionfm.cl\/index.php?rest_route=%2Fwp%2Fv2%2Fcomments&post=14961"}],"version-history":[{"count":2,"href":"https:\/\/radiorevelacionfm.cl\/index.php?rest_route=\/wp\/v2\/posts\/14961\/revisions"}],"predecessor-version":[{"id":14963,"href":"https:\/\/radiorevelacionfm.cl\/index.php?rest_route=\/wp\/v2\/posts\/14961\/revisions\/14963"}],"wp:featuredmedia":[{"embeddable":true,"href":"https:\/\/radiorevelacionfm.cl\/index.php?rest_route=\/wp\/v2\/media\/8122"}],"wp:attachment":[{"href":"https:\/\/radiorevelacionfm.cl\/index.php?rest_route=%2Fwp%2Fv2%2Fmedia&parent=14961"}],"wp:term":[{"taxonomy":"category","embeddable":true,"href":"https:\/\/radiorevelacionfm.cl\/index.php?rest_route=%2Fwp%2Fv2%2Fcategories&post=14961"},{"taxonomy":"post_tag","embeddable":true,"href":"https:\/\/radiorevelacionfm.cl\/index.php?rest_route=%2Fwp%2Fv2%2Ftags&post=14961"}],"curies":[{"name":"wp","href":"https:\/\/api.w.org\/{rel}","templated":true}]}}