{"id":14958,"date":"2022-03-23T17:19:03","date_gmt":"2022-03-23T20:19:03","guid":{"rendered":"https:\/\/radiorevelacionfm.cl\/?p=14958"},"modified":"2022-03-23T17:19:03","modified_gmt":"2022-03-23T20:19:03","slug":"destacan-obtencion-de-excelencia-academica-en-cinco-establecimientos-educacionales-municipalizados-de-aysen","status":"publish","type":"post","link":"https:\/\/radiorevelacionfm.cl\/?p=14958","title":{"rendered":"Destacan obtenci\u00f3n de Excelencia Acad\u00e9mica en cinco establecimientos educacionales municipalizados de Ays\u00e9n"},"content":{"rendered":"<div class=\"flex_column av_one_full  flex_column_div av-zero-column-padding first  avia-builder-el-0  el_before_av_one_full  avia-builder-el-first  \" style='border-radius:0px; '><div  class='avia-image-container  av-styling-    avia-builder-el-1  avia-builder-el-no-sibling  avia-align-center '  itemprop=\"image\" itemscope=\"itemscope\" itemtype=\"https:\/\/schema.org\/ImageObject\"  ><div class='avia-image-container-inner'><div class='avia-image-overlay-wrap'><img decoding=\"async\" class='wp-image-14959 avia-img-lazy-loading-not-14959 avia_image' src=\"https:\/\/radiorevelacionfm.cl\/wp-content\/uploads\/2022\/03\/Excelencia-Academica-Aysen-1-1.jpg\" alt='' title='Excelencia Academica Aysen (1) (1)' height=\"600\" width=\"800\"  itemprop=\"thumbnailUrl\" srcset=\"https:\/\/radiorevelacionfm.cl\/wp-content\/uploads\/2022\/03\/Excelencia-Academica-Aysen-1-1.jpg 800w, https:\/\/radiorevelacionfm.cl\/wp-content\/uploads\/2022\/03\/Excelencia-Academica-Aysen-1-1-300x225.jpg 300w, https:\/\/radiorevelacionfm.cl\/wp-content\/uploads\/2022\/03\/Excelencia-Academica-Aysen-1-1-768x576.jpg 768w, https:\/\/radiorevelacionfm.cl\/wp-content\/uploads\/2022\/03\/Excelencia-Academica-Aysen-1-1-705x529.jpg 705w, https:\/\/radiorevelacionfm.cl\/wp-content\/uploads\/2022\/03\/Excelencia-Academica-Aysen-1-1-600x450.jpg 600w\" sizes=\"(max-width: 800px) 100vw, 800px\" \/><\/div><\/div><\/div><\/div><div class=\"flex_column av_one_full  flex_column_div av-zero-column-padding first  avia-builder-el-2  el_after_av_one_full  el_before_av_one_full  column-top-margin\" style='border-radius:0px; '><section class=\"av_textblock_section \"  itemscope=\"itemscope\" itemtype=\"https:\/\/schema.org\/BlogPosting\" itemprop=\"blogPost\" ><div class='avia_textblock  '   itemprop=\"text\" ><p style=\"text-align: center;\"><span style=\"font-size: 18pt;\"><strong>Destacan obtenci\u00f3n de Excelencia Acad\u00e9mica en cinco establecimientos educacionales municipalizados de Ays\u00e9n<\/strong><\/span><\/p>\n<div id=\"gtx-trans\" style=\"position: absolute; left: -50px; top: 4.31534px;\">\n<div class=\"gtx-trans-icon\"><\/div>\n<\/div>\n<\/div><\/section><\/div><div class=\"flex_column av_one_full  flex_column_div av-zero-column-padding first  avia-builder-el-4  el_after_av_one_full  el_before_av_hr  column-top-margin\" style='border-radius:0px; '><section class=\"av_textblock_section \"  itemscope=\"itemscope\" itemtype=\"https:\/\/schema.org\/BlogPosting\" itemprop=\"blogPost\" ><div class='avia_textblock  '   itemprop=\"text\" ><p style=\"text-align: justify;\">Relevar el trabajo y compromiso de las comunidades educativas que recientemente se hicieron acreedoras del \u201cDesempe\u00f1o de Excelencia\u201d a trav\u00e9s del Sistema Nacional de Evaluaci\u00f3n del Desempe\u00f1o en su \u00faltima edici\u00f3n, fue el objetivo de la visita que este martes llevaron a cabo el alcalde de la comuna de Ays\u00e9n, Julio Uribe, y la directora de Educaci\u00f3n Municipal, Tamara Villegas.<\/p>\n<p style=\"text-align: justify;\">\u201cEste reconocimiento de excelencia a nuestras escuelas es una tremenda se\u00f1al de lo bien que se est\u00e1 trabajando, y con esta visita queremos impulsarlos a que contin\u00faen en esta senda con nuestros alumnos, porque la educaci\u00f3n es un \u00e1rea fundamental\u201d, indic\u00f3 la primera autoridad comunal al iniciar este recorrido en dependencias de la escuela Litoral Austral.<\/p>\n<p style=\"text-align: justify;\">Al respecto, el director de esta escuela -emplazada en el sector sur de la ciudad-, Carlos Alarc\u00f3n, dio cuenta de la relevancia de este resultado en la medici\u00f3n que realiza el Ministerio de Educaci\u00f3n para establecimientos p\u00fablicos y subvencionados del pa\u00eds, y que en el caso de la escuela municipalizada aysenina, han repetido de forma ininterrumpida desde el a\u00f1o 2012.<\/p>\n<p style=\"text-align: justify;\">\u201cAgradecer al se\u00f1or alcalde y nuestra directora DEM, quienes vinieron a compartir con nosotros este galard\u00f3n que una vez m\u00e1s hemos recibido. Premio que involucra el trabajo de toda la gente que labora en esta escuela, porque aqu\u00ed todos ponen su granito de arena para que podamos ser un establecimiento de excelencia\u201d, manifest\u00f3 Alarc\u00f3n Carrillo.<\/p>\n<p style=\"text-align: justify;\">Posteriormente, el edil y la directiva de la Educaci\u00f3n Municipal aysenina se dirigieron hasta la escuela B\u00e1sica Ribera Sur que, por vez primera en su historia desde su fundaci\u00f3n, obtuvo este reconocimiento, cuya metodolog\u00eda incorpora una serie de factores, como son efectividad, superaci\u00f3n, iniciativa, el mejoramiento en las condiciones laborales, igualdad de oportunidades e integraci\u00f3n, y la participaci\u00f3n de la comunidad educativa. Al respecto, \u201cestamos completamente orgullosos porque es la primera vez que como escuela obtenemos este nivel de excelencia, y esto nos invita a seguir trabajando en conjunto con todos quienes forman parte de nuestra comunidad educativa. Como equipo nos hemos fijado metas de alto nivel, siempre hemos cre\u00eddo en las altas expectativas y en la educaci\u00f3n de calidad. Es un trabajo a largo plazo, pero estamos seguros que lo vamos a lograr\u201d, argument\u00f3 el titular, Edgar C\u00e1ceres.<\/p>\n<p style=\"text-align: justify;\">Para la directora de la escuela Despertar, Claudia Retamal, este reconocimiento -creado por Ley 19.410 en el a\u00f1o 1995, iniciando su ejecuci\u00f3n en1996-, permite reforzar el trabajo que se est\u00e1 llevando a cabo por el equipo de la comunidad educativa, \u201cincorporando a los pap\u00e1s, asistentes, profesores y, sobre todo, nuestros estudiantes, que son los que benefician con aprendizajes de calidad. Esta es una educaci\u00f3n p\u00fablica de calidad, y podemos dar fe que el trabajo t\u00e9cnico y pedag\u00f3gico que aqu\u00ed se realiza es de excelencia\u201d, agreg\u00f3 Retamal Bruna.<\/p>\n<p style=\"text-align: justify;\">El recorrido finaliz\u00f3 en la escuela Ays\u00e9n, donde la primera autoridad comunal y la directora DEM se reunieron con su director (S), H\u00e9ctor Trecam\u00e1n y parte de los funcionarios, quienes se mostraron orgullosos por el desempe\u00f1o de excelencia obtenido. \u201cNuestra escuela es la m\u00e1s antigua de la regi\u00f3n, y haber logrado esto nos llena de alegr\u00eda y motivaci\u00f3n para continuar trabajando. Este a\u00f1o muy importante disminuir la brecha, sabemos que hay estudiantes a los que les est\u00e1 costado un poco m\u00e1s por el tema pandemia, pero tenemos recurso personal y recurso t\u00e9cnico para sacar a todos nuestros ni\u00f1os adelante\u201d, se\u00f1al\u00f3 el profesional.<\/p>\n<p style=\"text-align: justify;\">A estos cuatro establecimientos en Puerto Ays\u00e9n, se suma la escuela Carlos Condell, en Islas Huichas, a quienes desde la Direcci\u00f3n de Educaci\u00f3n Municipal, se espera poder visitar en los pr\u00f3ximos d\u00edas. Comunidad educativa que desde el 2014 han recibido este reconocimiento de car\u00e1cter bianual, avanzando as\u00ed hacia el objetivo de entregar educaci\u00f3n de calidad a los estudiantes ayseninos.<\/p>\n<p style=\"text-align: justify;\">\u201cEstamos muy orgullosos por estos resultados en nuestros cinco establecimientos educacionales. Ac\u00e1 hay un gran trabajo y esfuerzo de los alumnos y sus padres, as\u00ed como tambi\u00e9n de los profesores, docentes y profesionales de la educaci\u00f3n que hicieron el m\u00e1ximo esfuerzo para que nuestros ni\u00f1os y ni\u00f1as mantuvieran sus clases con un alto est\u00e1ndar a pesar de la pandemia. Uno de los pilares fundamentales de nuestra gesti\u00f3n es el m\u00e1ximo apoyo a la educaci\u00f3n comunal\u00bb, reconoci\u00f3 la directora DEM, Tamara Villegas.<\/p>\n<p style=\"text-align: justify;\">Se\u00f1alar que esta asignaci\u00f3n se materializa en un beneficio econ\u00f3mico v\u00eda asignaciones ministeriales que, en el caso de las escuelas municipales ayseninas reconocidas, beneficiar\u00e1 a m\u00e1s de cien docentes y m\u00e1s de cien asistentes de la educaci\u00f3n.<\/p>\n<\/div><\/section><\/div><div  style='height:50px' class='hr hr-invisible   avia-builder-el-6  el_after_av_one_full  el_before_av_social_share '><span class='hr-inner ' ><span class='hr-inner-style'><\/span><\/span><\/div><\/p>\n<div  class='av-social-sharing-box  avia-builder-el-7  el_after_av_hr  el_before_av_hr  '><div class='av-share-box'><h5 class='av-share-link-description av-no-toc '>Compartir esta noticia<\/h5><ul class='av-share-box-list noLightbox'><li class='av-share-link av-social-link-facebook' ><a target=\"_blank\" aria-label=\"Compartir en Facebook\" href='https:\/\/www.facebook.com\/sharer.php?u=https:\/\/radiorevelacionfm.cl\/?p=14958&#038;t=Destacan%20obtenci%C3%B3n%20de%20Excelencia%20Acad%C3%A9mica%20en%20cinco%20establecimientos%20educacionales%20municipalizados%20de%20Ays%C3%A9n' aria-hidden='false' data-av_icon='\ue8f3' data-av_iconfont='entypo-fontello' title='' data-avia-related-tooltip='Compartir en Facebook' rel=\"noopener\"><span class='avia_hidden_link_text'>Compartir en Facebook<\/span><\/a><\/li><li class='av-share-link av-social-link-twitter' ><a target=\"_blank\" aria-label=\"Compartir en Twitter\" href='https:\/\/twitter.com\/share?text=Destacan%20obtenci%C3%B3n%20de%20Excelencia%20Acad%C3%A9mica%20en%20cinco%20establecimientos%20educacionales%20municipalizados%20de%20Ays%C3%A9n&#038;url=https:\/\/radiorevelacionfm.cl\/?p=14958' aria-hidden='false' data-av_icon='\ue8f1' data-av_iconfont='entypo-fontello' title='' data-avia-related-tooltip='Compartir en Twitter' rel=\"noopener\"><span class='avia_hidden_link_text'>Compartir en Twitter<\/span><\/a><\/li><li class='av-share-link av-social-link-whatsapp' ><a target=\"_blank\" aria-label=\"Compartir en Whatsapp\" href='https:\/\/api.whatsapp.com\/send?text=https:\/\/radiorevelacionfm.cl\/?p=14958' aria-hidden='false' data-av_icon='\uf232' data-av_iconfont='entypo-fontello' title='' data-avia-related-tooltip='Compartir en Whatsapp' rel=\"noopener\"><span class='avia_hidden_link_text'>Compartir en Whatsapp<\/span><\/a><\/li><li class='av-share-link av-social-link-linkedin' ><a target=\"_blank\" aria-label=\"Compartir en LinkedIn\" href='https:\/\/linkedin.com\/shareArticle?mini=true&#038;title=Destacan%20obtenci%C3%B3n%20de%20Excelencia%20Acad%C3%A9mica%20en%20cinco%20establecimientos%20educacionales%20municipalizados%20de%20Ays%C3%A9n&#038;url=https:\/\/radiorevelacionfm.cl\/?p=14958' aria-hidden='false' data-av_icon='\ue8fc' data-av_iconfont='entypo-fontello' title='' data-avia-related-tooltip='Compartir en LinkedIn' rel=\"noopener\"><span class='avia_hidden_link_text'>Compartir en LinkedIn<\/span><\/a><\/li><li class='av-share-link av-social-link-mail' ><a  aria-label=\"Compartir por correo\" href='mailto:?subject=Destacan%20obtenci%C3%B3n%20de%20Excelencia%20Acad%C3%A9mica%20en%20cinco%20establecimientos%20educacionales%20municipalizados%20de%20Ays%C3%A9n&#038;body=https:\/\/radiorevelacionfm.cl\/?p=14958' aria-hidden='false' data-av_icon='\ue805' data-av_iconfont='entypo-fontello' title='' data-avia-related-tooltip='Compartir por correo'><span class='avia_hidden_link_text'>Compartir por correo<\/span><\/a><\/li><\/ul><\/div><\/div>\n<div  style='height:50px' class='hr hr-invisible   avia-builder-el-8  el_after_av_social_share  el_before_av_comments_list '><span class='hr-inner ' ><span class='hr-inner-style'><\/span><\/span><\/div>\n<div  class='av-buildercomment  av-blog-meta-html-info-disabled av-blog-meta-tag-disabled  '><\/div>\n","protected":false},"excerpt":{"rendered":"","protected":false},"author":1,"featured_media":14959,"comment_status":"open","ping_status":"open","sticky":false,"template":"","format":"standard","meta":{"footnotes":""},"categories":[38],"tags":[],"class_list":["post-14958","post","type-post","status-publish","format-standard","has-post-thumbnail","hentry","category-regional"],"jetpack_featured_media_url":"https:\/\/radiorevelacionfm.cl\/wp-content\/uploads\/2022\/03\/Excelencia-Academica-Aysen-1-1.jpg","_links":{"self":[{"href":"https:\/\/radiorevelacionfm.cl\/index.php?rest_route=\/wp\/v2\/posts\/14958","targetHints":{"allow":["GET"]}}],"collection":[{"href":"https:\/\/radiorevelacionfm.cl\/index.php?rest_route=\/wp\/v2\/posts"}],"about":[{"href":"https:\/\/radiorevelacionfm.cl\/index.php?rest_route=\/wp\/v2\/types\/post"}],"author":[{"embeddable":true,"href":"https:\/\/radiorevelacionfm.cl\/index.php?rest_route=\/wp\/v2\/users\/1"}],"replies":[{"embeddable":true,"href":"https:\/\/radiorevelacionfm.cl\/index.php?rest_route=%2Fwp%2Fv2%2Fcomments&post=14958"}],"version-history":[{"count":2,"href":"https:\/\/radiorevelacionfm.cl\/index.php?rest_route=\/wp\/v2\/posts\/14958\/revisions"}],"predecessor-version":[{"id":14970,"href":"https:\/\/radiorevelacionfm.cl\/index.php?rest_route=\/wp\/v2\/posts\/14958\/revisions\/14970"}],"wp:featuredmedia":[{"embeddable":true,"href":"https:\/\/radiorevelacionfm.cl\/index.php?rest_route=\/wp\/v2\/media\/14959"}],"wp:attachment":[{"href":"https:\/\/radiorevelacionfm.cl\/index.php?rest_route=%2Fwp%2Fv2%2Fmedia&parent=14958"}],"wp:term":[{"taxonomy":"category","embeddable":true,"href":"https:\/\/radiorevelacionfm.cl\/index.php?rest_route=%2Fwp%2Fv2%2Fcategories&post=14958"},{"taxonomy":"post_tag","embeddable":true,"href":"https:\/\/radiorevelacionfm.cl\/index.php?rest_route=%2Fwp%2Fv2%2Ftags&post=14958"}],"curies":[{"name":"wp","href":"https:\/\/api.w.org\/{rel}","templated":true}]}}