{"id":14955,"date":"2022-03-24T09:24:08","date_gmt":"2022-03-24T12:24:08","guid":{"rendered":"https:\/\/radiorevelacionfm.cl\/?p=14955"},"modified":"2022-03-24T09:24:08","modified_gmt":"2022-03-24T12:24:08","slug":"gobierno-regional-y-universidad-de-aysen-se-reunen-a-priorizar-espacios-de-trabajo-conjunto","status":"publish","type":"post","link":"https:\/\/radiorevelacionfm.cl\/?p=14955","title":{"rendered":"Gobierno Regional y Universidad de Ays\u00e9n se re\u00fanen a priorizar espacios de trabajo conjunto"},"content":{"rendered":"<div class=\"flex_column av_one_full  flex_column_div av-zero-column-padding first  avia-builder-el-0  el_before_av_one_full  avia-builder-el-first  \" style='border-radius:0px; '><div  class='avia-image-container  av-styling-    avia-builder-el-1  avia-builder-el-no-sibling  avia-align-center '  itemprop=\"image\" itemscope=\"itemscope\" itemtype=\"https:\/\/schema.org\/ImageObject\"  ><div class='avia-image-container-inner'><div class='avia-image-overlay-wrap'><img decoding=\"async\" class='wp-image-14956 avia-img-lazy-loading-not-14956 avia_image' src=\"https:\/\/radiorevelacionfm.cl\/wp-content\/uploads\/2022\/03\/gore-aysen-1-1_optimized.jpeg\" alt='' title='gore-aysen-1-(1)_optimized' height=\"600\" width=\"900\"  itemprop=\"thumbnailUrl\" srcset=\"https:\/\/radiorevelacionfm.cl\/wp-content\/uploads\/2022\/03\/gore-aysen-1-1_optimized.jpeg 900w, https:\/\/radiorevelacionfm.cl\/wp-content\/uploads\/2022\/03\/gore-aysen-1-1_optimized-300x200.jpeg 300w, https:\/\/radiorevelacionfm.cl\/wp-content\/uploads\/2022\/03\/gore-aysen-1-1_optimized-768x512.jpeg 768w, https:\/\/radiorevelacionfm.cl\/wp-content\/uploads\/2022\/03\/gore-aysen-1-1_optimized-705x470.jpeg 705w, https:\/\/radiorevelacionfm.cl\/wp-content\/uploads\/2022\/03\/gore-aysen-1-1_optimized-600x400.jpeg 600w\" sizes=\"(max-width: 900px) 100vw, 900px\" \/><\/div><\/div><\/div><\/div><div class=\"flex_column av_one_full  flex_column_div av-zero-column-padding first  avia-builder-el-2  el_after_av_one_full  el_before_av_one_full  column-top-margin\" style='border-radius:0px; '><section class=\"av_textblock_section \"  itemscope=\"itemscope\" itemtype=\"https:\/\/schema.org\/BlogPosting\" itemprop=\"blogPost\" ><div class='avia_textblock  '   itemprop=\"text\" ><p style=\"text-align: center;\"><span style=\"font-size: 18pt;\"><b>Gobierno Regional y Universidad de Ays\u00e9n se re\u00fanen a priorizar espacios de trabajo conjunto<\/b><\/span><\/p>\n<div id=\"gtx-trans\" style=\"position: absolute; left: -50px; top: 4.31534px;\">\n<div class=\"gtx-trans-icon\"><\/div>\n<\/div>\n<\/div><\/section><\/div><div class=\"flex_column av_one_full  flex_column_div av-zero-column-padding first  avia-builder-el-4  el_after_av_one_full  el_before_av_hr  column-top-margin\" style='border-radius:0px; '><section class=\"av_textblock_section \"  itemscope=\"itemscope\" itemtype=\"https:\/\/schema.org\/BlogPosting\" itemprop=\"blogPost\" ><div class='avia_textblock  '   itemprop=\"text\" ><p style=\"text-align: justify;\">\u00abEs importante que todos aquellos que estamos en lugares de tomas de decisi\u00f3n contemos con la informaci\u00f3n fundamentada y que mejor que sean nuestras Universidades estatales quienes tienen un compromiso con nuestro desarrollo\u00bb, sosten\u00eda la Gobernadora Andrea Mac\u00edas Palma cuando se firmara el convenio de colaboraci\u00f3n entre el Gobierno Regional de Ays\u00e9n y la Universidad regional hace un par de meses.<\/p>\n<p style=\"text-align: justify;\">Basados en esta premisa, es que el d\u00eda martes se reunieron por primera vez en una jornada de trabajo los equipos del Gabinete Regional (jefes de Divisi\u00f3n y Administrador Regional) junto a los acad\u00e9micos y equipo de Rector\u00eda de la Universidad de Ays\u00e9n.<\/p>\n<p style=\"text-align: justify;\">Con una metodolog\u00eda de reflexi\u00f3n, se definieron los principales ejes a abordar para el beneficio de la comunidad regional y los distintos territorios.<\/p>\n<p style=\"text-align: justify;\">Para la Rectora Natacha Pino, la jornada sit\u00faa y compromete a ambos equipos a ver c\u00f3mo se avanza en el desarrollo de la regi\u00f3n de Ays\u00e9n.<\/p>\n<p style=\"text-align: justify;\">\u00abPensando en las capacidades que est\u00e1n instaladas en la Universidad, desde todos los estamentos; sus investigadores, sus acad\u00e9micos, los profesionales, los propios estudiantes. Lo que nosotros tenemos disponible est\u00e1 a disposici\u00f3n de lo que el Gobierno Regional requiere impulsar y requiera atender, entonces ese es como el gran marco y estamos muy contentos de haber llegado hasta ac\u00e1 de haber concretado la jornada\u00bb, coment\u00f3.<\/p>\n<p style=\"text-align: justify;\">Sobre los pasos a seguir luego del diagn\u00f3stico com\u00fan es la constituci\u00f3n de una comisi\u00f3n de trabajo para dar los lineamientos en las \u00e1reas urgentes. \u00abComo, por ejemplo, avanzar en la estrategia regional. Tambi\u00e9n necesitamos desde ese propio espacio entregar lineamientos, definir y nivelar expectativas. La Universidad, como ustedes, saben es una Universidad que se est\u00e1 iniciando. No tenemos todas las capacidades y pero s\u00ed tenemos las redes para en caso de ser necesario recurrir tambi\u00e9n a otras instituciones que nos puedan apoyar\u00bb, finaliz\u00f3.<\/p>\n<p style=\"text-align: justify;\">Para el Administrador Regional, Erik Adio Maldonado, la jornada se ven\u00eda empujando desde el inicio de la gesti\u00f3n de la Gobernadora Mac\u00edas.<\/p>\n<p style=\"text-align: justify;\">\u00abCre\u00edamos muy importante poder juntarlos a todos en una en una jornada como la que hemos desarrollado hoy d\u00eda, que en definitiva tiene como objetivo se\u00f1alar ciertos lineamientos que vamos a seguir para dar respuesta a lo que ambas instituciones de alguna manera hemos determinado como el foco, el coraz\u00f3n: dar respuesta a las demandas que tiene hoy d\u00eda la ciudadan\u00eda\u00bb, afirm\u00f3.<\/p>\n<p style=\"text-align: justify;\">Los principales pilares que se desarrollar\u00e1n, seg\u00fan el Administrador Regional, ser\u00e1n, especialmente, la nueva estrategia regional de desarrollo.<\/p>\n<p style=\"text-align: justify;\">\u00abEsto va a ser un mandato esencial de la creaci\u00f3n de una comisi\u00f3n que se va a establecer en los pr\u00f3ximos d\u00edas. Las materias como abordaje de los territorios, que es un tema que las comunidades siempre esperan, que haya una mayor coordinaci\u00f3n entre los servicios al momento de abordar el territorio qu\u00e9; esa coordinaci\u00f3n evidentemente hay que modelarla, trabajarla, desarrollar un plan de trabajo, pensar en clave universitaria. Porque cuando nosotros decimos clave universitaria estamos diciendo que nuestra primera respuesta siempre la vamos a encontrar en nuestra Universidad Regional, ese es nuestro foco, nuestra manera de colaborar y co crear y co construir el desarrollo regional\u00bb, finaliz\u00f3.<\/p>\n<\/div><\/section><\/div><div  style='height:50px' class='hr hr-invisible   avia-builder-el-6  el_after_av_one_full  el_before_av_social_share '><span class='hr-inner ' ><span class='hr-inner-style'><\/span><\/span><\/div><\/p>\n<div  class='av-social-sharing-box  avia-builder-el-7  el_after_av_hr  el_before_av_hr  '><div class='av-share-box'><h5 class='av-share-link-description av-no-toc '>Compartir esta noticia<\/h5><ul class='av-share-box-list noLightbox'><li class='av-share-link av-social-link-facebook' ><a target=\"_blank\" aria-label=\"Compartir en Facebook\" href='https:\/\/www.facebook.com\/sharer.php?u=https:\/\/radiorevelacionfm.cl\/?p=14955&#038;t=Gobierno%20Regional%20y%20Universidad%20de%20Ays%C3%A9n%20se%20re%C3%BAnen%20a%20priorizar%20espacios%20de%20trabajo%20conjunto' aria-hidden='false' data-av_icon='\ue8f3' data-av_iconfont='entypo-fontello' title='' data-avia-related-tooltip='Compartir en Facebook' rel=\"noopener\"><span class='avia_hidden_link_text'>Compartir en Facebook<\/span><\/a><\/li><li class='av-share-link av-social-link-twitter' ><a target=\"_blank\" aria-label=\"Compartir en Twitter\" href='https:\/\/twitter.com\/share?text=Gobierno%20Regional%20y%20Universidad%20de%20Ays%C3%A9n%20se%20re%C3%BAnen%20a%20priorizar%20espacios%20de%20trabajo%20conjunto&#038;url=https:\/\/radiorevelacionfm.cl\/?p=14955' aria-hidden='false' data-av_icon='\ue8f1' data-av_iconfont='entypo-fontello' title='' data-avia-related-tooltip='Compartir en Twitter' rel=\"noopener\"><span class='avia_hidden_link_text'>Compartir en Twitter<\/span><\/a><\/li><li class='av-share-link av-social-link-whatsapp' ><a target=\"_blank\" aria-label=\"Compartir en Whatsapp\" href='https:\/\/api.whatsapp.com\/send?text=https:\/\/radiorevelacionfm.cl\/?p=14955' aria-hidden='false' data-av_icon='\uf232' data-av_iconfont='entypo-fontello' title='' data-avia-related-tooltip='Compartir en Whatsapp' rel=\"noopener\"><span class='avia_hidden_link_text'>Compartir en Whatsapp<\/span><\/a><\/li><li class='av-share-link av-social-link-linkedin' ><a target=\"_blank\" aria-label=\"Compartir en LinkedIn\" href='https:\/\/linkedin.com\/shareArticle?mini=true&#038;title=Gobierno%20Regional%20y%20Universidad%20de%20Ays%C3%A9n%20se%20re%C3%BAnen%20a%20priorizar%20espacios%20de%20trabajo%20conjunto&#038;url=https:\/\/radiorevelacionfm.cl\/?p=14955' aria-hidden='false' data-av_icon='\ue8fc' data-av_iconfont='entypo-fontello' title='' data-avia-related-tooltip='Compartir en LinkedIn' rel=\"noopener\"><span class='avia_hidden_link_text'>Compartir en LinkedIn<\/span><\/a><\/li><li class='av-share-link av-social-link-mail' ><a  aria-label=\"Compartir por correo\" href='mailto:?subject=Gobierno%20Regional%20y%20Universidad%20de%20Ays%C3%A9n%20se%20re%C3%BAnen%20a%20priorizar%20espacios%20de%20trabajo%20conjunto&#038;body=https:\/\/radiorevelacionfm.cl\/?p=14955' aria-hidden='false' data-av_icon='\ue805' data-av_iconfont='entypo-fontello' title='' data-avia-related-tooltip='Compartir por correo'><span class='avia_hidden_link_text'>Compartir por correo<\/span><\/a><\/li><\/ul><\/div><\/div>\n<div  style='height:50px' class='hr hr-invisible   avia-builder-el-8  el_after_av_social_share  el_before_av_comments_list '><span class='hr-inner ' ><span class='hr-inner-style'><\/span><\/span><\/div>\n<div  class='av-buildercomment  av-blog-meta-html-info-disabled av-blog-meta-tag-disabled  '><\/div>\n","protected":false},"excerpt":{"rendered":"","protected":false},"author":1,"featured_media":14956,"comment_status":"open","ping_status":"open","sticky":false,"template":"","format":"standard","meta":{"footnotes":""},"categories":[38],"tags":[],"class_list":["post-14955","post","type-post","status-publish","format-standard","has-post-thumbnail","hentry","category-regional"],"jetpack_featured_media_url":"https:\/\/radiorevelacionfm.cl\/wp-content\/uploads\/2022\/03\/gore-aysen-1-1_optimized.jpeg","_links":{"self":[{"href":"https:\/\/radiorevelacionfm.cl\/index.php?rest_route=\/wp\/v2\/posts\/14955","targetHints":{"allow":["GET"]}}],"collection":[{"href":"https:\/\/radiorevelacionfm.cl\/index.php?rest_route=\/wp\/v2\/posts"}],"about":[{"href":"https:\/\/radiorevelacionfm.cl\/index.php?rest_route=\/wp\/v2\/types\/post"}],"author":[{"embeddable":true,"href":"https:\/\/radiorevelacionfm.cl\/index.php?rest_route=\/wp\/v2\/users\/1"}],"replies":[{"embeddable":true,"href":"https:\/\/radiorevelacionfm.cl\/index.php?rest_route=%2Fwp%2Fv2%2Fcomments&post=14955"}],"version-history":[{"count":2,"href":"https:\/\/radiorevelacionfm.cl\/index.php?rest_route=\/wp\/v2\/posts\/14955\/revisions"}],"predecessor-version":[{"id":14981,"href":"https:\/\/radiorevelacionfm.cl\/index.php?rest_route=\/wp\/v2\/posts\/14955\/revisions\/14981"}],"wp:featuredmedia":[{"embeddable":true,"href":"https:\/\/radiorevelacionfm.cl\/index.php?rest_route=\/wp\/v2\/media\/14956"}],"wp:attachment":[{"href":"https:\/\/radiorevelacionfm.cl\/index.php?rest_route=%2Fwp%2Fv2%2Fmedia&parent=14955"}],"wp:term":[{"taxonomy":"category","embeddable":true,"href":"https:\/\/radiorevelacionfm.cl\/index.php?rest_route=%2Fwp%2Fv2%2Fcategories&post=14955"},{"taxonomy":"post_tag","embeddable":true,"href":"https:\/\/radiorevelacionfm.cl\/index.php?rest_route=%2Fwp%2Fv2%2Ftags&post=14955"}],"curies":[{"name":"wp","href":"https:\/\/api.w.org\/{rel}","templated":true}]}}