{"id":14918,"date":"2022-03-23T09:22:15","date_gmt":"2022-03-23T12:22:15","guid":{"rendered":"https:\/\/radiorevelacionfm.cl\/?p=14918"},"modified":"2022-03-23T09:22:15","modified_gmt":"2022-03-23T12:22:15","slug":"comitiva-de-direccion-de-transito-atiende-requerimientos-viales-y-renovacion-de-permisos-de-circulacion-en-villa-manihuales","status":"publish","type":"post","link":"https:\/\/radiorevelacionfm.cl\/?p=14918","title":{"rendered":"Comitiva de Direcci\u00f3n de Tr\u00e1nsito atiende requerimientos viales y renovaci\u00f3n de permisos de circulaci\u00f3n en Villa Ma\u00f1ihuales"},"content":{"rendered":"<div class=\"flex_column av_one_full  flex_column_div av-zero-column-padding first  avia-builder-el-0  el_before_av_one_full  avia-builder-el-first  \" style='border-radius:0px; '><div  class='avia-image-container  av-styling-    avia-builder-el-1  avia-builder-el-no-sibling  avia-align-center '  itemprop=\"image\" itemscope=\"itemscope\" itemtype=\"https:\/\/schema.org\/ImageObject\"  ><div class='avia-image-container-inner'><div class='avia-image-overlay-wrap'><img decoding=\"async\" class='wp-image-14919 avia-img-lazy-loading-not-14919 avia_image' src=\"https:\/\/radiorevelacionfm.cl\/wp-content\/uploads\/2022\/03\/foto-3-8-2_optimized.jpg\" alt='' title='foto-3-(8)-(2)_optimized' height=\"600\" width=\"800\"  itemprop=\"thumbnailUrl\" srcset=\"https:\/\/radiorevelacionfm.cl\/wp-content\/uploads\/2022\/03\/foto-3-8-2_optimized.jpg 800w, https:\/\/radiorevelacionfm.cl\/wp-content\/uploads\/2022\/03\/foto-3-8-2_optimized-300x225.jpg 300w, https:\/\/radiorevelacionfm.cl\/wp-content\/uploads\/2022\/03\/foto-3-8-2_optimized-768x576.jpg 768w, https:\/\/radiorevelacionfm.cl\/wp-content\/uploads\/2022\/03\/foto-3-8-2_optimized-705x529.jpg 705w, https:\/\/radiorevelacionfm.cl\/wp-content\/uploads\/2022\/03\/foto-3-8-2_optimized-600x450.jpg 600w\" sizes=\"(max-width: 800px) 100vw, 800px\" \/><\/div><\/div><\/div><\/div><div class=\"flex_column av_one_full  flex_column_div av-zero-column-padding first  avia-builder-el-2  el_after_av_one_full  el_before_av_one_full  column-top-margin\" style='border-radius:0px; '><section class=\"av_textblock_section \"  itemscope=\"itemscope\" itemtype=\"https:\/\/schema.org\/BlogPosting\" itemprop=\"blogPost\" ><div class='avia_textblock  '   itemprop=\"text\" ><p style=\"text-align: center;\"><span style=\"font-size: 18pt;\"><strong>Comitiva de Direcci\u00f3n de Tr\u00e1nsito atiende requerimientos viales y renovaci\u00f3n de permisos de circulaci\u00f3n en Villa Ma\u00f1ihuales<\/strong><\/span><\/p>\n<div id=\"gtx-trans\" style=\"position: absolute; left: -50px; top: 4.31534px;\">\n<div class=\"gtx-trans-icon\"><\/div>\n<\/div>\n<\/div><\/section><\/div><div class=\"flex_column av_one_full  flex_column_div av-zero-column-padding first  avia-builder-el-4  el_after_av_one_full  el_before_av_hr  column-top-margin\" style='border-radius:0px; '><section class=\"av_textblock_section \"  itemscope=\"itemscope\" itemtype=\"https:\/\/schema.org\/BlogPosting\" itemprop=\"blogPost\" ><div class='avia_textblock  '   itemprop=\"text\" ><p style=\"text-align: justify;\">En la Delegaci\u00f3n Municipal de Villa Ma\u00f1ihuales se atendi\u00f3 a un gran n\u00famero de personas que se acercaron a renovar permiso de circulaci\u00f3n, as\u00ed como a informar sobre puntos cr\u00edticos de confluencia peatonal donde automovilistas no respetaban la velocidad m\u00e1xima.<\/p>\n<p style=\"text-align: justify;\">El fin de semana, el alcalde Julio Uribe Alvarado y la directora de Tr\u00e1nsito y Transporte P\u00fablico, Mabel Vel\u00e1squez, en compa\u00f1\u00eda de una comitiva, arribaron a las oficinas de la Delegaci\u00f3n Municipal de Villas Ma\u00f1ihuales para atender requerimientos de permisos de circulaci\u00f3n y consultas viales como forma de garantizar accesibilidad a tr\u00e1mites p\u00fablicos.<\/p>\n<p style=\"text-align: justify;\">Desde muy temprano, un grupo conformado por empleados municipales proveniente de varias unidades, incluida Inform\u00e1tica y Tesorer\u00eda, se desplaz\u00f3 al zonal en una jornada que adem\u00e1s de facilitar el pago de permisos de circulaci\u00f3n, incluy\u00f3 la reparaci\u00f3n de avenidas e intersecciones cr\u00edticas entre paso peatonal y vehicular.<\/p>\n<p style=\"text-align: justify;\">\u201cAprovechamos las condiciones clim\u00e1ticas para atender requerimientos que llegaron por parte de los vecinos que no hab\u00edamos podido anteriormente\u201d, sostuvo Vel\u00e1squez, previo a la instalaci\u00f3n de reductores de velocidad para mitigar la intranquilidad de residentes frente a reiteradas coaliciones en sectores urbanizados, sum\u00e1ndose este mes la afluencia de escolares por el retorno a clases y la solicitud de demarcaciones realizadas por la Posta de Salud Rural y el Liceo Ma\u00f1ihuales durante la atenci\u00f3n in situ.<\/p>\n<p style=\"text-align: justify;\">Nidia Vargas, vecina del lugar en donde se ubica la calle Froil\u00e1n Villegas y uno de los puntos de conflicto, expres\u00f3 que por cuarta vez su cerco sufri\u00f3 las consecuencias de conductores que iban a exceso de velocidad y no respetaban las normas de tr\u00e1nsito. El temor se hizo latente, pues exist\u00eda probabilidades que no s\u00f3lo impactaran el cerco, sino que ingresaran a la propiedad. \u201cEra peligroso para nosotros, aparte no dorm\u00edamos\u201d, indic\u00f3. Ante lo expuesto, funcionarios subsanaron sus inquietudes y la del resto de moradores con rapidez.<\/p>\n<p style=\"text-align: justify;\">\u201cEstuvimos con temas de seguridad de tr\u00e1nsito. Hab\u00eda demandas de vecinos desde muchos a\u00f1os donde se deb\u00edan instalar bolardos, los cuales hoy aprovechando las condiciones clim\u00e1ticas se hizo\u201d, expres\u00f3 el alcalde Uribe Alvarado. Tambi\u00e9n en las faenas personal dispuso lomos de toro para reducir la velocidad de conductores.<\/p>\n<p style=\"text-align: justify;\">Finalmente, la m\u00e1xima autoridad de la comuna porte\u00f1a se manifest\u00f3 conforme y alegre por los avances que de a poco, pero seguros y con compromiso van consolidando el territorio administrado por la casa edilicia.<\/p>\n<\/div><\/section><\/div><div  style='height:50px' class='hr hr-invisible   avia-builder-el-6  el_after_av_one_full  el_before_av_social_share '><span class='hr-inner ' ><span class='hr-inner-style'><\/span><\/span><\/div><\/p>\n<div  class='av-social-sharing-box  avia-builder-el-7  el_after_av_hr  el_before_av_hr  '><div class='av-share-box'><h5 class='av-share-link-description av-no-toc '>Compartir esta noticia<\/h5><ul class='av-share-box-list noLightbox'><li class='av-share-link av-social-link-facebook' ><a target=\"_blank\" aria-label=\"Compartir en Facebook\" href='https:\/\/www.facebook.com\/sharer.php?u=https:\/\/radiorevelacionfm.cl\/?p=14918&#038;t=Comitiva%20de%20Direcci%C3%B3n%20de%20Tr%C3%A1nsito%20atiende%20requerimientos%20viales%20y%20renovaci%C3%B3n%20de%20permisos%20de%20circulaci%C3%B3n%20en%20Villa%20Ma%C3%B1ihuales' aria-hidden='false' data-av_icon='\ue8f3' data-av_iconfont='entypo-fontello' title='' data-avia-related-tooltip='Compartir en Facebook' rel=\"noopener\"><span class='avia_hidden_link_text'>Compartir en Facebook<\/span><\/a><\/li><li class='av-share-link av-social-link-twitter' ><a target=\"_blank\" aria-label=\"Compartir en Twitter\" href='https:\/\/twitter.com\/share?text=Comitiva%20de%20Direcci%C3%B3n%20de%20Tr%C3%A1nsito%20atiende%20requerimientos%20viales%20y%20renovaci%C3%B3n%20de%20permisos%20de%20circulaci%C3%B3n%20en%20Villa%20Ma%C3%B1ihuales&#038;url=https:\/\/radiorevelacionfm.cl\/?p=14918' aria-hidden='false' data-av_icon='\ue8f1' data-av_iconfont='entypo-fontello' title='' data-avia-related-tooltip='Compartir en Twitter' rel=\"noopener\"><span class='avia_hidden_link_text'>Compartir en Twitter<\/span><\/a><\/li><li class='av-share-link av-social-link-whatsapp' ><a target=\"_blank\" aria-label=\"Compartir en Whatsapp\" href='https:\/\/api.whatsapp.com\/send?text=https:\/\/radiorevelacionfm.cl\/?p=14918' aria-hidden='false' data-av_icon='\uf232' data-av_iconfont='entypo-fontello' title='' data-avia-related-tooltip='Compartir en Whatsapp' rel=\"noopener\"><span class='avia_hidden_link_text'>Compartir en Whatsapp<\/span><\/a><\/li><li class='av-share-link av-social-link-linkedin' ><a target=\"_blank\" aria-label=\"Compartir en LinkedIn\" href='https:\/\/linkedin.com\/shareArticle?mini=true&#038;title=Comitiva%20de%20Direcci%C3%B3n%20de%20Tr%C3%A1nsito%20atiende%20requerimientos%20viales%20y%20renovaci%C3%B3n%20de%20permisos%20de%20circulaci%C3%B3n%20en%20Villa%20Ma%C3%B1ihuales&#038;url=https:\/\/radiorevelacionfm.cl\/?p=14918' aria-hidden='false' data-av_icon='\ue8fc' data-av_iconfont='entypo-fontello' title='' data-avia-related-tooltip='Compartir en LinkedIn' rel=\"noopener\"><span class='avia_hidden_link_text'>Compartir en LinkedIn<\/span><\/a><\/li><li class='av-share-link av-social-link-mail' ><a  aria-label=\"Compartir por correo\" href='mailto:?subject=Comitiva%20de%20Direcci%C3%B3n%20de%20Tr%C3%A1nsito%20atiende%20requerimientos%20viales%20y%20renovaci%C3%B3n%20de%20permisos%20de%20circulaci%C3%B3n%20en%20Villa%20Ma%C3%B1ihuales&#038;body=https:\/\/radiorevelacionfm.cl\/?p=14918' aria-hidden='false' data-av_icon='\ue805' data-av_iconfont='entypo-fontello' title='' data-avia-related-tooltip='Compartir por correo'><span class='avia_hidden_link_text'>Compartir por correo<\/span><\/a><\/li><\/ul><\/div><\/div>\n<div  style='height:50px' class='hr hr-invisible   avia-builder-el-8  el_after_av_social_share  el_before_av_comments_list '><span class='hr-inner ' ><span class='hr-inner-style'><\/span><\/span><\/div>\n<div  class='av-buildercomment  av-blog-meta-html-info-disabled av-blog-meta-tag-disabled  '><\/div>\n","protected":false},"excerpt":{"rendered":"","protected":false},"author":1,"featured_media":14919,"comment_status":"open","ping_status":"open","sticky":false,"template":"","format":"standard","meta":{"footnotes":""},"categories":[38],"tags":[],"class_list":["post-14918","post","type-post","status-publish","format-standard","has-post-thumbnail","hentry","category-regional"],"jetpack_featured_media_url":"https:\/\/radiorevelacionfm.cl\/wp-content\/uploads\/2022\/03\/foto-3-8-2_optimized.jpg","_links":{"self":[{"href":"https:\/\/radiorevelacionfm.cl\/index.php?rest_route=\/wp\/v2\/posts\/14918","targetHints":{"allow":["GET"]}}],"collection":[{"href":"https:\/\/radiorevelacionfm.cl\/index.php?rest_route=\/wp\/v2\/posts"}],"about":[{"href":"https:\/\/radiorevelacionfm.cl\/index.php?rest_route=\/wp\/v2\/types\/post"}],"author":[{"embeddable":true,"href":"https:\/\/radiorevelacionfm.cl\/index.php?rest_route=\/wp\/v2\/users\/1"}],"replies":[{"embeddable":true,"href":"https:\/\/radiorevelacionfm.cl\/index.php?rest_route=%2Fwp%2Fv2%2Fcomments&post=14918"}],"version-history":[{"count":2,"href":"https:\/\/radiorevelacionfm.cl\/index.php?rest_route=\/wp\/v2\/posts\/14918\/revisions"}],"predecessor-version":[{"id":14936,"href":"https:\/\/radiorevelacionfm.cl\/index.php?rest_route=\/wp\/v2\/posts\/14918\/revisions\/14936"}],"wp:featuredmedia":[{"embeddable":true,"href":"https:\/\/radiorevelacionfm.cl\/index.php?rest_route=\/wp\/v2\/media\/14919"}],"wp:attachment":[{"href":"https:\/\/radiorevelacionfm.cl\/index.php?rest_route=%2Fwp%2Fv2%2Fmedia&parent=14918"}],"wp:term":[{"taxonomy":"category","embeddable":true,"href":"https:\/\/radiorevelacionfm.cl\/index.php?rest_route=%2Fwp%2Fv2%2Fcategories&post=14918"},{"taxonomy":"post_tag","embeddable":true,"href":"https:\/\/radiorevelacionfm.cl\/index.php?rest_route=%2Fwp%2Fv2%2Ftags&post=14918"}],"curies":[{"name":"wp","href":"https:\/\/api.w.org\/{rel}","templated":true}]}}