{"id":14914,"date":"2022-03-22T17:25:15","date_gmt":"2022-03-22T20:25:15","guid":{"rendered":"https:\/\/radiorevelacionfm.cl\/?p=14914"},"modified":"2022-03-22T17:25:15","modified_gmt":"2022-03-22T20:25:15","slug":"dpp-aysen-invita-a-postular-al-fondo-social-presidente-de-la-republica-2022","status":"publish","type":"post","link":"https:\/\/radiorevelacionfm.cl\/?p=14914","title":{"rendered":"DPP Ays\u00e9n invita a postular al Fondo Social Presidente de la Rep\u00fablica 2022"},"content":{"rendered":"<div class=\"flex_column av_one_full  flex_column_div av-zero-column-padding first  avia-builder-el-0  el_before_av_one_full  avia-builder-el-first  \" style='border-radius:0px; '><div  class='avia-image-container  av-styling-    avia-builder-el-1  avia-builder-el-no-sibling  avia-align-center '  itemprop=\"image\" itemscope=\"itemscope\" itemtype=\"https:\/\/schema.org\/ImageObject\"  ><div class='avia-image-container-inner'><div class='avia-image-overlay-wrap'><img decoding=\"async\" class='wp-image-14915 avia-img-lazy-loading-not-14915 avia_image' src=\"https:\/\/radiorevelacionfm.cl\/wp-content\/uploads\/2022\/03\/DPP1-1-1.jpg\" alt='' title='DPP1 (1) (1)' height=\"600\" width=\"1076\"  itemprop=\"thumbnailUrl\" srcset=\"https:\/\/radiorevelacionfm.cl\/wp-content\/uploads\/2022\/03\/DPP1-1-1.jpg 1076w, https:\/\/radiorevelacionfm.cl\/wp-content\/uploads\/2022\/03\/DPP1-1-1-300x167.jpg 300w, https:\/\/radiorevelacionfm.cl\/wp-content\/uploads\/2022\/03\/DPP1-1-1-1030x574.jpg 1030w, https:\/\/radiorevelacionfm.cl\/wp-content\/uploads\/2022\/03\/DPP1-1-1-768x428.jpg 768w, https:\/\/radiorevelacionfm.cl\/wp-content\/uploads\/2022\/03\/DPP1-1-1-705x393.jpg 705w, https:\/\/radiorevelacionfm.cl\/wp-content\/uploads\/2022\/03\/DPP1-1-1-600x335.jpg 600w\" sizes=\"(max-width: 1076px) 100vw, 1076px\" \/><\/div><\/div><\/div><\/div><div class=\"flex_column av_one_full  flex_column_div av-zero-column-padding first  avia-builder-el-2  el_after_av_one_full  el_before_av_one_full  column-top-margin\" style='border-radius:0px; '><section class=\"av_textblock_section \"  itemscope=\"itemscope\" itemtype=\"https:\/\/schema.org\/BlogPosting\" itemprop=\"blogPost\" ><div class='avia_textblock  '   itemprop=\"text\" ><p style=\"text-align: center;\"><strong><span style=\"font-size: 18pt;\">DPP Ays\u00e9n invita a postular al Fondo Social Presidente de la Rep\u00fablica 2022<\/span><\/strong><\/p>\n<div id=\"gtx-trans\" style=\"position: absolute; left: -50px; top: 4.31534px;\">\n<div class=\"gtx-trans-icon\"><\/div>\n<\/div>\n<\/div><\/section><\/div><div class=\"flex_column av_one_full  flex_column_div av-zero-column-padding first  avia-builder-el-4  el_after_av_one_full  el_before_av_hr  column-top-margin\" style='border-radius:0px; '><section class=\"av_textblock_section \"  itemscope=\"itemscope\" itemtype=\"https:\/\/schema.org\/BlogPosting\" itemprop=\"blogPost\" ><div class='avia_textblock  '   itemprop=\"text\" ><p style=\"text-align: justify;\">El Fondo Social Presidente de la Rep\u00fablica permite a\u00a0organismos p\u00fablicos o privados sin fines de lucro\u00a0financiar proyectos sociales de\u00a0equipamiento o infraestructura\u00a0que apoyen y complementen las pol\u00edticas de inversi\u00f3n social del Estado.<\/p>\n<p style=\"text-align: justify;\">Jorge Salfate Aguayo Delegado Presidencial Provincial de Ays\u00e9n junto con hacer extensiva la invitaci\u00f3n a estos fondos anunciaba que una funcionaria de esta dependencia orientar\u00e1 a las organizaciones que as\u00ed lo requieran \u201ceste fondo que es de Gobierno Interior se hizo la apertura por medio de la p\u00e1gina web y nosotros como DPP Ays\u00e9n invitamos a todas las agrupaciones sociales a que se puedan informar con los encargados de la delegaci\u00f3n y puedan participar en estas postulaciones para que puedan concretar sus proyectos sociales\u201d.<\/p>\n<p style=\"text-align: justify;\">En tanto de los aspectos t\u00e9cnicos de este Fondo Social Presidente de la Rep\u00fablica la funcionaria a cargo de este proceso es Viviana O\u00f1ate qui\u00e9n indicaba \u201cesto tiene como objetivo acompa\u00f1ar y complementar toda la inversi\u00f3n social que va a hacer el Estado, por eso busca financiar proyectos que tengan relaci\u00f3n espec\u00edficamente con el mejoramiento de la vida en comunidad, el fortalecimiento del tejido social, la acci\u00f3n social por s\u00ed y el fomento productivo, para eso tenemos tres l\u00edneas de financiamiento, la primera es la de implementaci\u00f3n que son bienes con vida \u00fatil de menos de un a\u00f1o y esos financian desde $300 mil pesos como\u00a0 monto m\u00ednimo y $1 mill\u00f3n como monto m\u00e1ximo, tambi\u00e9n tenemos el de equipamiento donde los bienes tiene que ser de m\u00e1s de un a\u00f1o de vida \u00fatil y donde se financia como m\u00ednimo desde $300 mil pesos hasta como monto m\u00e1ximo $1 mill\u00f3n 500 mil pesos y finalmente la l\u00ednea de infraestructura que cubre proyectos desde $ 2 millones de pesos hasta $30 millones de pesos como monto m\u00e1ximo\u201d.<\/p>\n<p style=\"text-align: justify;\">Mencionar que las fechas de postulaci\u00f3n al Fondo es como plazo m\u00e1ximo el 27 de mayo y al Fondo Nacional el 24 de junio de 2022. Para cualquier consulta hacer llegar un correo electr\u00f3nico <a href=\"mailto:vonate@interior.gob.cl\">vonate@interior.gob.cl<\/a> o al fono 67-2-336258<\/p>\n<\/div><\/section><\/div><div  style='height:50px' class='hr hr-invisible   avia-builder-el-6  el_after_av_one_full  el_before_av_social_share '><span class='hr-inner ' ><span class='hr-inner-style'><\/span><\/span><\/div><\/p>\n<div  class='av-social-sharing-box  avia-builder-el-7  el_after_av_hr  el_before_av_hr  '><div class='av-share-box'><h5 class='av-share-link-description av-no-toc '>Compartir esta noticia<\/h5><ul class='av-share-box-list noLightbox'><li class='av-share-link av-social-link-facebook' ><a target=\"_blank\" aria-label=\"Compartir en Facebook\" href='https:\/\/www.facebook.com\/sharer.php?u=https:\/\/radiorevelacionfm.cl\/?p=14914&#038;t=DPP%20Ays%C3%A9n%20invita%20a%20postular%20al%20Fondo%20Social%20Presidente%20de%20la%20Rep%C3%BAblica%202022' aria-hidden='false' data-av_icon='\ue8f3' data-av_iconfont='entypo-fontello' title='' data-avia-related-tooltip='Compartir en Facebook' rel=\"noopener\"><span class='avia_hidden_link_text'>Compartir en Facebook<\/span><\/a><\/li><li class='av-share-link av-social-link-twitter' ><a target=\"_blank\" aria-label=\"Compartir en Twitter\" href='https:\/\/twitter.com\/share?text=DPP%20Ays%C3%A9n%20invita%20a%20postular%20al%20Fondo%20Social%20Presidente%20de%20la%20Rep%C3%BAblica%202022&#038;url=https:\/\/radiorevelacionfm.cl\/?p=14914' aria-hidden='false' data-av_icon='\ue8f1' data-av_iconfont='entypo-fontello' title='' data-avia-related-tooltip='Compartir en Twitter' rel=\"noopener\"><span class='avia_hidden_link_text'>Compartir en Twitter<\/span><\/a><\/li><li class='av-share-link av-social-link-whatsapp' ><a target=\"_blank\" aria-label=\"Compartir en Whatsapp\" href='https:\/\/api.whatsapp.com\/send?text=https:\/\/radiorevelacionfm.cl\/?p=14914' aria-hidden='false' data-av_icon='\uf232' data-av_iconfont='entypo-fontello' title='' data-avia-related-tooltip='Compartir en Whatsapp' rel=\"noopener\"><span class='avia_hidden_link_text'>Compartir en Whatsapp<\/span><\/a><\/li><li class='av-share-link av-social-link-linkedin' ><a target=\"_blank\" aria-label=\"Compartir en LinkedIn\" href='https:\/\/linkedin.com\/shareArticle?mini=true&#038;title=DPP%20Ays%C3%A9n%20invita%20a%20postular%20al%20Fondo%20Social%20Presidente%20de%20la%20Rep%C3%BAblica%202022&#038;url=https:\/\/radiorevelacionfm.cl\/?p=14914' aria-hidden='false' data-av_icon='\ue8fc' data-av_iconfont='entypo-fontello' title='' data-avia-related-tooltip='Compartir en LinkedIn' rel=\"noopener\"><span class='avia_hidden_link_text'>Compartir en LinkedIn<\/span><\/a><\/li><li class='av-share-link av-social-link-mail' ><a  aria-label=\"Compartir por correo\" href='mailto:?subject=DPP%20Ays%C3%A9n%20invita%20a%20postular%20al%20Fondo%20Social%20Presidente%20de%20la%20Rep%C3%BAblica%202022&#038;body=https:\/\/radiorevelacionfm.cl\/?p=14914' aria-hidden='false' data-av_icon='\ue805' data-av_iconfont='entypo-fontello' title='' data-avia-related-tooltip='Compartir por correo'><span class='avia_hidden_link_text'>Compartir por correo<\/span><\/a><\/li><\/ul><\/div><\/div>\n<div  style='height:50px' class='hr hr-invisible   avia-builder-el-8  el_after_av_social_share  el_before_av_comments_list '><span class='hr-inner ' ><span class='hr-inner-style'><\/span><\/span><\/div>\n<div  class='av-buildercomment  av-blog-meta-html-info-disabled av-blog-meta-tag-disabled  '><\/div>\n","protected":false},"excerpt":{"rendered":"","protected":false},"author":1,"featured_media":14915,"comment_status":"open","ping_status":"open","sticky":false,"template":"","format":"standard","meta":{"footnotes":""},"categories":[38],"tags":[],"class_list":["post-14914","post","type-post","status-publish","format-standard","has-post-thumbnail","hentry","category-regional"],"jetpack_featured_media_url":"https:\/\/radiorevelacionfm.cl\/wp-content\/uploads\/2022\/03\/DPP1-1-1.jpg","_links":{"self":[{"href":"https:\/\/radiorevelacionfm.cl\/index.php?rest_route=\/wp\/v2\/posts\/14914","targetHints":{"allow":["GET"]}}],"collection":[{"href":"https:\/\/radiorevelacionfm.cl\/index.php?rest_route=\/wp\/v2\/posts"}],"about":[{"href":"https:\/\/radiorevelacionfm.cl\/index.php?rest_route=\/wp\/v2\/types\/post"}],"author":[{"embeddable":true,"href":"https:\/\/radiorevelacionfm.cl\/index.php?rest_route=\/wp\/v2\/users\/1"}],"replies":[{"embeddable":true,"href":"https:\/\/radiorevelacionfm.cl\/index.php?rest_route=%2Fwp%2Fv2%2Fcomments&post=14914"}],"version-history":[{"count":2,"href":"https:\/\/radiorevelacionfm.cl\/index.php?rest_route=\/wp\/v2\/posts\/14914\/revisions"}],"predecessor-version":[{"id":14917,"href":"https:\/\/radiorevelacionfm.cl\/index.php?rest_route=\/wp\/v2\/posts\/14914\/revisions\/14917"}],"wp:featuredmedia":[{"embeddable":true,"href":"https:\/\/radiorevelacionfm.cl\/index.php?rest_route=\/wp\/v2\/media\/14915"}],"wp:attachment":[{"href":"https:\/\/radiorevelacionfm.cl\/index.php?rest_route=%2Fwp%2Fv2%2Fmedia&parent=14914"}],"wp:term":[{"taxonomy":"category","embeddable":true,"href":"https:\/\/radiorevelacionfm.cl\/index.php?rest_route=%2Fwp%2Fv2%2Fcategories&post=14914"},{"taxonomy":"post_tag","embeddable":true,"href":"https:\/\/radiorevelacionfm.cl\/index.php?rest_route=%2Fwp%2Fv2%2Ftags&post=14914"}],"curies":[{"name":"wp","href":"https:\/\/api.w.org\/{rel}","templated":true}]}}