{"id":14911,"date":"2022-03-22T18:43:43","date_gmt":"2022-03-22T21:43:43","guid":{"rendered":"https:\/\/radiorevelacionfm.cl\/?p=14911"},"modified":"2022-03-22T18:43:43","modified_gmt":"2022-03-22T21:43:43","slug":"calisto-solicita-a-ministro-marcel-medidas-especiales-para-las-zonas-extremas-ante-aumento-del-precio-de-los-combustibles","status":"publish","type":"post","link":"https:\/\/radiorevelacionfm.cl\/?p=14911","title":{"rendered":"Calisto solicita a Ministro Marcel medidas especiales para las zonas extremas ante aumento del precio de los combustibles"},"content":{"rendered":"<div class=\"flex_column av_one_full  flex_column_div av-zero-column-padding first  avia-builder-el-0  el_before_av_one_full  avia-builder-el-first  \" style='border-radius:0px; '><div  class='avia-image-container  av-styling-    avia-builder-el-1  avia-builder-el-no-sibling  avia-align-center '  itemprop=\"image\" itemscope=\"itemscope\" itemtype=\"https:\/\/schema.org\/ImageObject\"  ><div class='avia-image-container-inner'><div class='avia-image-overlay-wrap'><img decoding=\"async\" class='wp-image-14912 avia-img-lazy-loading-not-14912 avia_image' src=\"https:\/\/radiorevelacionfm.cl\/wp-content\/uploads\/2022\/03\/calisto-comisiOn1-1-1_optimized.jpg\" alt='' title='calisto-comisi\u00d3n1-(1)-(1)_optimized' height=\"600\" width=\"1177\"  itemprop=\"thumbnailUrl\" srcset=\"https:\/\/radiorevelacionfm.cl\/wp-content\/uploads\/2022\/03\/calisto-comisiOn1-1-1_optimized.jpg 1177w, https:\/\/radiorevelacionfm.cl\/wp-content\/uploads\/2022\/03\/calisto-comisiOn1-1-1_optimized-300x153.jpg 300w, https:\/\/radiorevelacionfm.cl\/wp-content\/uploads\/2022\/03\/calisto-comisiOn1-1-1_optimized-1030x525.jpg 1030w, https:\/\/radiorevelacionfm.cl\/wp-content\/uploads\/2022\/03\/calisto-comisiOn1-1-1_optimized-768x392.jpg 768w, https:\/\/radiorevelacionfm.cl\/wp-content\/uploads\/2022\/03\/calisto-comisiOn1-1-1_optimized-705x359.jpg 705w, https:\/\/radiorevelacionfm.cl\/wp-content\/uploads\/2022\/03\/calisto-comisiOn1-1-1_optimized-600x306.jpg 600w\" sizes=\"(max-width: 1177px) 100vw, 1177px\" \/><\/div><\/div><\/div><\/div><div class=\"flex_column av_one_full  flex_column_div av-zero-column-padding first  avia-builder-el-2  el_after_av_one_full  el_before_av_one_full  column-top-margin\" style='border-radius:0px; '><section class=\"av_textblock_section \"  itemscope=\"itemscope\" itemtype=\"https:\/\/schema.org\/BlogPosting\" itemprop=\"blogPost\" ><div class='avia_textblock  '   itemprop=\"text\" ><p style=\"text-align: center;\"><strong><span style=\"font-size: 18pt;\">Calisto solicita a Ministro Marcel medidas especiales para las zonas extremas ante aumento del precio de los combustibles<\/span><\/strong><\/p>\n<div id=\"gtx-trans\" style=\"position: absolute; left: -50px; top: 4.31534px;\">\n<div class=\"gtx-trans-icon\"><\/div>\n<\/div>\n<\/div><\/section><\/div><div class=\"flex_column av_one_full  flex_column_div av-zero-column-padding first  avia-builder-el-4  el_after_av_one_full  el_before_av_hr  column-top-margin\" style='border-radius:0px; '><section class=\"av_textblock_section \"  itemscope=\"itemscope\" itemtype=\"https:\/\/schema.org\/BlogPosting\" itemprop=\"blogPost\" ><div class='avia_textblock  '   itemprop=\"text\" ><p style=\"font-weight: 400; text-align: justify;\">En el marco de la presentaci\u00f3n del proyecto de ley que aumenta los recursos para el Mecanismo de Estabilizaci\u00f3n de Precios de los Combustibles, el diputado Miguel \u00c1ngel Calisto particip\u00f3 en la comisi\u00f3n de Hacienda donde se discute esta iniciativa, instancia donde le pidi\u00f3 al Ministro de Hacienda, Mario Marcel, que se implementen medidas adicionales para bajar el precio de los combustibles en las Zonas Extremas.<\/p>\n<p style=\"font-weight: 400; text-align: justify;\">El legislador adem\u00e1s present\u00f3 una indicaci\u00f3n al proyecto para que el Mepco beneficie de mayor manera a las zonas extremas, espec\u00edficamente cuatro veces m\u00e1s de lo propuesto por el Gobierno.<\/p>\n<p style=\"font-weight: 400; text-align: justify;\">En la instancia, el diputado Calisto se\u00f1al\u00f3 que \u201csi miramos este proyecto de manera puntual, evidentemente responde a la situaci\u00f3n que hoy vive el pa\u00eds producto de las circunstancias internacionales, pero creo que tenemos que terminar con esta forma de ver los problemas, no hay que dar soluciones aisladas, cuando el problema es mucho mayor\u201d.<\/p>\n<p style=\"font-weight: 400; text-align: justify;\">\u201cTenemos que hacer justicia con aquellos territorios alejado. En Ays\u00e9n tenemos lugares donde el litro de combustible est\u00e1 llegando a $1240, como pasa en Villa O\u00b4Higgins, o $1390 en Melinka. Hay que entender que en lugares que son m\u00e1s alejados llega por reventa, y puede llegar a costar $1600\u201d, indic\u00f3.<\/p>\n<p style=\"font-weight: 400; text-align: justify;\">Calisto agreg\u00f3 que \u201cpermanentemente ha habido una mirada desde Santiago por parte de los distintos Gobiernos, sin ver lo que pasa en otros territorios. Creo que no se puede aplicar una misma medida para todo el pa\u00eds. En ese sentido, quiero preguntarle al Se\u00f1or Ministro cual es la alternativa que nos da. Yo creo que ser\u00eda justo un precio, o un rango de precios para todo Chile, y no esta medida que igual dejar\u00e1 a los Ayseninos pagando los precios m\u00e1s altos\u201d.<\/p>\n<p style=\"font-weight: 400; text-align: justify;\">\u201cEsas familias hacen patria, viven aisladas y pagan los precios m\u00e1s altos en el gas, en la parafina, en la luz y la bencina.\u00a0 Entonces, no hay una mirada de entender c\u00f3mo viven los territorios m\u00e1s aislados del centro del pa\u00eds\u201d, indic\u00f3 el legislador.<\/p>\n<p style=\"font-weight: 400; text-align: justify;\"><strong>Respuesta del Ministro<\/strong><\/p>\n<p style=\"font-weight: 400; text-align: justify;\">Por su parte, el Ministro Marcel indic\u00f3 que \u201cel diputado Calisto plantea un tema muy relevante, que son las diferencias de precio a lo largo del territorio. Para nadie es un misterio que los precios de los combustibles son mayores en regiones m\u00e1s aisladas, siendo un contraste importante con lo que se observa en Santiago. Nosotros no queremos parecer que s\u00f3lo nos preocupa lo que pasa en la capital\u201d.<\/p>\n<p style=\"font-weight: 400; text-align: justify;\">\u201cEsta mirada territorial que \u00e9l plantea, que nos parece v\u00e1lida, al mismo tiempo tiene que ser una mirada de conjunto, es decir qu\u00e9 mecanismos existen en estos territorios que buscan mitigar o compensar esto diferenciales de precio. Esto no se agotan con el MEPCO o los precios de los combustibles, sino que hay otros mecanismos que tienen que ver con diferenciales de ingreso y la asignaci\u00f3n de zona de los Funcionarios P\u00fablicos\u201d, afirm\u00f3.<\/p>\n<p style=\"font-weight: 400; text-align: justify;\">Finalmente, el Ministro Marcel se\u00f1al\u00f3 que \u201cnos parece que el punto que nos plantea es muy v\u00e1lido, pero el MEPCO no es el mecanismo m\u00e1s id\u00f3neo para hacerse cargo de esos diferenciales territoriales, pero es una preocupaci\u00f3n que sin duda tenemos que tener\u201d.<\/p>\n<\/div><\/section><\/div><div  style='height:50px' class='hr hr-invisible   avia-builder-el-6  el_after_av_one_full  el_before_av_social_share '><span class='hr-inner ' ><span class='hr-inner-style'><\/span><\/span><\/div><\/p>\n<div  class='av-social-sharing-box  avia-builder-el-7  el_after_av_hr  el_before_av_hr  '><div class='av-share-box'><h5 class='av-share-link-description av-no-toc '>Compartir esta noticia<\/h5><ul class='av-share-box-list noLightbox'><li class='av-share-link av-social-link-facebook' ><a target=\"_blank\" aria-label=\"Compartir en Facebook\" href='https:\/\/www.facebook.com\/sharer.php?u=https:\/\/radiorevelacionfm.cl\/?p=14911&#038;t=Calisto%20solicita%20a%20Ministro%20Marcel%20medidas%20especiales%20para%20las%20zonas%20extremas%20ante%20aumento%20del%20precio%20de%20los%20combustibles' aria-hidden='false' data-av_icon='\ue8f3' data-av_iconfont='entypo-fontello' title='' data-avia-related-tooltip='Compartir en Facebook' rel=\"noopener\"><span class='avia_hidden_link_text'>Compartir en Facebook<\/span><\/a><\/li><li class='av-share-link av-social-link-twitter' ><a target=\"_blank\" aria-label=\"Compartir en Twitter\" href='https:\/\/twitter.com\/share?text=Calisto%20solicita%20a%20Ministro%20Marcel%20medidas%20especiales%20para%20las%20zonas%20extremas%20ante%20aumento%20del%20precio%20de%20los%20combustibles&#038;url=https:\/\/radiorevelacionfm.cl\/?p=14911' aria-hidden='false' data-av_icon='\ue8f1' data-av_iconfont='entypo-fontello' title='' data-avia-related-tooltip='Compartir en Twitter' rel=\"noopener\"><span class='avia_hidden_link_text'>Compartir en Twitter<\/span><\/a><\/li><li class='av-share-link av-social-link-whatsapp' ><a target=\"_blank\" aria-label=\"Compartir en Whatsapp\" href='https:\/\/api.whatsapp.com\/send?text=https:\/\/radiorevelacionfm.cl\/?p=14911' aria-hidden='false' data-av_icon='\uf232' data-av_iconfont='entypo-fontello' title='' data-avia-related-tooltip='Compartir en Whatsapp' rel=\"noopener\"><span class='avia_hidden_link_text'>Compartir en Whatsapp<\/span><\/a><\/li><li class='av-share-link av-social-link-linkedin' ><a target=\"_blank\" aria-label=\"Compartir en LinkedIn\" href='https:\/\/linkedin.com\/shareArticle?mini=true&#038;title=Calisto%20solicita%20a%20Ministro%20Marcel%20medidas%20especiales%20para%20las%20zonas%20extremas%20ante%20aumento%20del%20precio%20de%20los%20combustibles&#038;url=https:\/\/radiorevelacionfm.cl\/?p=14911' aria-hidden='false' data-av_icon='\ue8fc' data-av_iconfont='entypo-fontello' title='' data-avia-related-tooltip='Compartir en LinkedIn' rel=\"noopener\"><span class='avia_hidden_link_text'>Compartir en LinkedIn<\/span><\/a><\/li><li class='av-share-link av-social-link-mail' ><a  aria-label=\"Compartir por correo\" href='mailto:?subject=Calisto%20solicita%20a%20Ministro%20Marcel%20medidas%20especiales%20para%20las%20zonas%20extremas%20ante%20aumento%20del%20precio%20de%20los%20combustibles&#038;body=https:\/\/radiorevelacionfm.cl\/?p=14911' aria-hidden='false' data-av_icon='\ue805' data-av_iconfont='entypo-fontello' title='' data-avia-related-tooltip='Compartir por correo'><span class='avia_hidden_link_text'>Compartir por correo<\/span><\/a><\/li><\/ul><\/div><\/div>\n<div  style='height:50px' class='hr hr-invisible   avia-builder-el-8  el_after_av_social_share  el_before_av_comments_list '><span class='hr-inner ' ><span class='hr-inner-style'><\/span><\/span><\/div>\n<div  class='av-buildercomment  av-blog-meta-html-info-disabled av-blog-meta-tag-disabled  '><\/div>\n","protected":false},"excerpt":{"rendered":"","protected":false},"author":1,"featured_media":14912,"comment_status":"open","ping_status":"open","sticky":false,"template":"","format":"standard","meta":{"footnotes":""},"categories":[35],"tags":[],"class_list":["post-14911","post","type-post","status-publish","format-standard","has-post-thumbnail","hentry","category-politica"],"jetpack_featured_media_url":"https:\/\/radiorevelacionfm.cl\/wp-content\/uploads\/2022\/03\/calisto-comisiOn1-1-1_optimized.jpg","_links":{"self":[{"href":"https:\/\/radiorevelacionfm.cl\/index.php?rest_route=\/wp\/v2\/posts\/14911","targetHints":{"allow":["GET"]}}],"collection":[{"href":"https:\/\/radiorevelacionfm.cl\/index.php?rest_route=\/wp\/v2\/posts"}],"about":[{"href":"https:\/\/radiorevelacionfm.cl\/index.php?rest_route=\/wp\/v2\/types\/post"}],"author":[{"embeddable":true,"href":"https:\/\/radiorevelacionfm.cl\/index.php?rest_route=\/wp\/v2\/users\/1"}],"replies":[{"embeddable":true,"href":"https:\/\/radiorevelacionfm.cl\/index.php?rest_route=%2Fwp%2Fv2%2Fcomments&post=14911"}],"version-history":[{"count":2,"href":"https:\/\/radiorevelacionfm.cl\/index.php?rest_route=\/wp\/v2\/posts\/14911\/revisions"}],"predecessor-version":[{"id":14932,"href":"https:\/\/radiorevelacionfm.cl\/index.php?rest_route=\/wp\/v2\/posts\/14911\/revisions\/14932"}],"wp:featuredmedia":[{"embeddable":true,"href":"https:\/\/radiorevelacionfm.cl\/index.php?rest_route=\/wp\/v2\/media\/14912"}],"wp:attachment":[{"href":"https:\/\/radiorevelacionfm.cl\/index.php?rest_route=%2Fwp%2Fv2%2Fmedia&parent=14911"}],"wp:term":[{"taxonomy":"category","embeddable":true,"href":"https:\/\/radiorevelacionfm.cl\/index.php?rest_route=%2Fwp%2Fv2%2Fcategories&post=14911"},{"taxonomy":"post_tag","embeddable":true,"href":"https:\/\/radiorevelacionfm.cl\/index.php?rest_route=%2Fwp%2Fv2%2Ftags&post=14911"}],"curies":[{"name":"wp","href":"https:\/\/api.w.org\/{rel}","templated":true}]}}