{"id":14908,"date":"2022-03-22T16:30:28","date_gmt":"2022-03-22T19:30:28","guid":{"rendered":"https:\/\/radiorevelacionfm.cl\/?p=14908"},"modified":"2022-03-22T16:30:28","modified_gmt":"2022-03-22T19:30:28","slug":"diputado-alinco-al-ministro-de-hacienda-espero-que-su-gestion-sea-un-poco-diferente-a-sus-opiniones-como-cuando-fue-presidente-del-banco-central","status":"publish","type":"post","link":"https:\/\/radiorevelacionfm.cl\/?p=14908","title":{"rendered":"Diputado Alinco al ministro de Hacienda: \u201cEspero que su gesti\u00f3n sea un poco diferente a sus opiniones como cuando fue presidente del Banco Central\u201d"},"content":{"rendered":"<div class=\"flex_column av_one_full  flex_column_div av-zero-column-padding first  avia-builder-el-0  el_before_av_one_full  avia-builder-el-first  \" style='border-radius:0px; '><div  class='avia-image-container  av-styling-    avia-builder-el-1  avia-builder-el-no-sibling  avia-align-center '  itemprop=\"image\" itemscope=\"itemscope\" itemtype=\"https:\/\/schema.org\/ImageObject\"  ><div class='avia-image-container-inner'><div class='avia-image-overlay-wrap'><img decoding=\"async\" class='wp-image-13385 avia-img-lazy-loading-not-13385 avia_image' src=\"https:\/\/radiorevelacionfm.cl\/wp-content\/uploads\/2022\/01\/Diputado-R-Alinco-1-1.jpeg\" alt='' title='Diputado R Alinco (1) (1)' height=\"600\" width=\"899\"  itemprop=\"thumbnailUrl\" srcset=\"https:\/\/radiorevelacionfm.cl\/wp-content\/uploads\/2022\/01\/Diputado-R-Alinco-1-1.jpeg 899w, https:\/\/radiorevelacionfm.cl\/wp-content\/uploads\/2022\/01\/Diputado-R-Alinco-1-1-300x200.jpeg 300w, https:\/\/radiorevelacionfm.cl\/wp-content\/uploads\/2022\/01\/Diputado-R-Alinco-1-1-768x513.jpeg 768w, https:\/\/radiorevelacionfm.cl\/wp-content\/uploads\/2022\/01\/Diputado-R-Alinco-1-1-705x471.jpeg 705w, https:\/\/radiorevelacionfm.cl\/wp-content\/uploads\/2022\/01\/Diputado-R-Alinco-1-1-600x400.jpeg 600w\" sizes=\"(max-width: 899px) 100vw, 899px\" \/><\/div><\/div><\/div><\/div><div class=\"flex_column av_one_full  flex_column_div av-zero-column-padding first  avia-builder-el-2  el_after_av_one_full  el_before_av_one_full  column-top-margin\" style='border-radius:0px; '><section class=\"av_textblock_section \"  itemscope=\"itemscope\" itemtype=\"https:\/\/schema.org\/BlogPosting\" itemprop=\"blogPost\" ><div class='avia_textblock  '   itemprop=\"text\" ><p style=\"text-align: center;\"><strong><span style=\"font-size: 18pt;\">Diputado Alinco al ministro de Hacienda: \u201cEspero que su gesti\u00f3n sea un poco diferente a sus opiniones como cuando fue presidente del Banco Central\u201d<\/span><\/strong><\/p>\n<div id=\"gtx-trans\" style=\"position: absolute; left: -50px; top: 4.31534px;\">\n<div class=\"gtx-trans-icon\"><\/div>\n<\/div>\n<\/div><\/section><\/div><div class=\"flex_column av_one_full  flex_column_div av-zero-column-padding first  avia-builder-el-4  el_after_av_one_full  el_before_av_hr  column-top-margin\" style='border-radius:0px; '><section class=\"av_textblock_section \"  itemscope=\"itemscope\" itemtype=\"https:\/\/schema.org\/BlogPosting\" itemprop=\"blogPost\" ><div class='avia_textblock  '   itemprop=\"text\" ><p style=\"text-align: justify;\">Este martes 22 de marzo se discuti\u00f3 y vot\u00f3 en la Sala de la C\u00e1mara de Diputadas y Diputados el proyecto del Ejecutivo que busca doblar los fondos del Mecanismo de Estabilizaci\u00f3n de los Precios de los Combustibles, conocido como\u00a0Mepco.<\/p>\n<p style=\"text-align: justify;\">En la sesi\u00f3n, donde se cont\u00f3 con la presencia del ministro de Hacienda, Mario Marcel, los diputados expresaron su apoyo a la propuesta -con 139 votos a favor- que busca frenar las constantes alzas en los precios de los combustibles producto del contexto internacional que vivimos doblando los fondos del Mecanismo pasando de 750 millones a 1.500 millones de d\u00f3lares, seg\u00fan precis\u00f3 el secretario de Estado.<\/p>\n<p style=\"text-align: justify;\">En plena discusi\u00f3n, el parlamentario aysenino, Ren\u00e9 Alinco Bustos, aprovech\u00f3 la instancia y tuvo palabras para el ministro Marcel en referencia a la negativa del Ejecutivo frente al proyecto del quinto retiro de los fondos previsionales, as\u00ed tambi\u00e9n por otras iniciativas como la eliminaci\u00f3n del impuesto espec\u00edfico, el que -seg\u00fan Alinco- siguen pagando los que menos dinero tienen. \u00a0\u201cLa verdad es que no s\u00e9 si felicitarlo, tampoco puedo tratarlo mal porque no corresponde, pero s\u00ed ser franco, y la verdad es que yo espero que su gesti\u00f3n como ministro de Hacienda sea un poco diferente a sus opiniones como cuando fue presidente del Banco Central\u2026\u201d, dijo el congresista.<\/p>\n<p style=\"text-align: justify;\">En esa misma l\u00ednea, Alinco defendi\u00f3 su postura de apoyo al retiro de fondos previsionales, de acuerdo la crisis econ\u00f3mica que se vive en el pa\u00eds en medio de un contexto internacional que no cesa y oprime cada vez m\u00e1s el poder adquisitivo de los trabajadores, recalcando incluso la diferencia de precios entre zonas del pa\u00eds. \u201cEn Chile el costo de vida no es igual, no es lo mismo vivir en Santiago que vivir en Arica o vivir en mi tierra Ays\u00e9n. El bal\u00f3n de gas de 15 kilos vale cerca de $30 mil en Coyhaique, sobre $35 mil casi en Villa O\u00b4Higgins, por eso es que las pol\u00edticas tienen que ser regionalizadas\u201d, afirm\u00f3 el diputado tras entregar algunos detalles de la diferencia de precios que van en constante alza sobre todo en las zonas extremas del pa\u00eds.<\/p>\n<p style=\"text-align: justify;\">\u201cYo se\u00f1or ministro espero que, de una vez por todas, esta crisis no la sigan pagando los pobres, sino que los poderosos que siempre han sido beneficiados. Yo s\u00e9 perfectamente que los ministros que hemos tenido vienen de los Chicago Boys, pero prefiero quedarme con el mensaje de nuestro presidente Gabriel Boric que dice aplicar\u00e1 una econom\u00eda, pero una econom\u00eda con sentido y compromiso social, y eso es lo que yo espero de este gobierno y ah\u00ed van a contar con todo el apoyo de este diputado obrero\u201d, finaliz\u00f3 en su intervenci\u00f3n el parlamentario.<\/p>\n<\/div><\/section><\/div><div  style='height:50px' class='hr hr-invisible   avia-builder-el-6  el_after_av_one_full  el_before_av_social_share '><span class='hr-inner ' ><span class='hr-inner-style'><\/span><\/span><\/div><\/p>\n<div  class='av-social-sharing-box  avia-builder-el-7  el_after_av_hr  el_before_av_hr  '><div class='av-share-box'><h5 class='av-share-link-description av-no-toc '>Compartir esta noticia<\/h5><ul class='av-share-box-list noLightbox'><li class='av-share-link av-social-link-facebook' ><a target=\"_blank\" aria-label=\"Compartir en Facebook\" href='https:\/\/www.facebook.com\/sharer.php?u=https:\/\/radiorevelacionfm.cl\/?p=14908&#038;t=Diputado%20Alinco%20al%20ministro%20de%20Hacienda%3A%20%E2%80%9CEspero%20que%20su%20gesti%C3%B3n%20sea%20un%20poco%20diferente%20a%20sus%20opiniones%20como%20cuando%20fue%20presidente%20del%20Banco%20Central%E2%80%9D' aria-hidden='false' data-av_icon='\ue8f3' data-av_iconfont='entypo-fontello' title='' data-avia-related-tooltip='Compartir en Facebook' rel=\"noopener\"><span class='avia_hidden_link_text'>Compartir en Facebook<\/span><\/a><\/li><li class='av-share-link av-social-link-twitter' ><a target=\"_blank\" aria-label=\"Compartir en Twitter\" href='https:\/\/twitter.com\/share?text=Diputado%20Alinco%20al%20ministro%20de%20Hacienda%3A%20%E2%80%9CEspero%20que%20su%20gesti%C3%B3n%20sea%20un%20poco%20diferente%20a%20sus%20opiniones%20como%20cuando%20fue%20presidente%20del%20Banco%20Central%E2%80%9D&#038;url=https:\/\/radiorevelacionfm.cl\/?p=14908' aria-hidden='false' data-av_icon='\ue8f1' data-av_iconfont='entypo-fontello' title='' data-avia-related-tooltip='Compartir en Twitter' rel=\"noopener\"><span class='avia_hidden_link_text'>Compartir en Twitter<\/span><\/a><\/li><li class='av-share-link av-social-link-whatsapp' ><a target=\"_blank\" aria-label=\"Compartir en Whatsapp\" href='https:\/\/api.whatsapp.com\/send?text=https:\/\/radiorevelacionfm.cl\/?p=14908' aria-hidden='false' data-av_icon='\uf232' data-av_iconfont='entypo-fontello' title='' data-avia-related-tooltip='Compartir en Whatsapp' rel=\"noopener\"><span class='avia_hidden_link_text'>Compartir en Whatsapp<\/span><\/a><\/li><li class='av-share-link av-social-link-linkedin' ><a target=\"_blank\" aria-label=\"Compartir en LinkedIn\" href='https:\/\/linkedin.com\/shareArticle?mini=true&#038;title=Diputado%20Alinco%20al%20ministro%20de%20Hacienda%3A%20%E2%80%9CEspero%20que%20su%20gesti%C3%B3n%20sea%20un%20poco%20diferente%20a%20sus%20opiniones%20como%20cuando%20fue%20presidente%20del%20Banco%20Central%E2%80%9D&#038;url=https:\/\/radiorevelacionfm.cl\/?p=14908' aria-hidden='false' data-av_icon='\ue8fc' data-av_iconfont='entypo-fontello' title='' data-avia-related-tooltip='Compartir en LinkedIn' rel=\"noopener\"><span class='avia_hidden_link_text'>Compartir en LinkedIn<\/span><\/a><\/li><li class='av-share-link av-social-link-mail' ><a  aria-label=\"Compartir por correo\" href='mailto:?subject=Diputado%20Alinco%20al%20ministro%20de%20Hacienda%3A%20%E2%80%9CEspero%20que%20su%20gesti%C3%B3n%20sea%20un%20poco%20diferente%20a%20sus%20opiniones%20como%20cuando%20fue%20presidente%20del%20Banco%20Central%E2%80%9D&#038;body=https:\/\/radiorevelacionfm.cl\/?p=14908' aria-hidden='false' data-av_icon='\ue805' data-av_iconfont='entypo-fontello' title='' data-avia-related-tooltip='Compartir por correo'><span class='avia_hidden_link_text'>Compartir por correo<\/span><\/a><\/li><\/ul><\/div><\/div>\n<div  style='height:50px' class='hr hr-invisible   avia-builder-el-8  el_after_av_social_share  el_before_av_comments_list '><span class='hr-inner ' ><span class='hr-inner-style'><\/span><\/span><\/div>\n<div  class='av-buildercomment  av-blog-meta-html-info-disabled av-blog-meta-tag-disabled  '><\/div>\n","protected":false},"excerpt":{"rendered":"","protected":false},"author":1,"featured_media":13385,"comment_status":"open","ping_status":"open","sticky":false,"template":"","format":"standard","meta":{"footnotes":""},"categories":[35],"tags":[],"class_list":["post-14908","post","type-post","status-publish","format-standard","has-post-thumbnail","hentry","category-politica"],"jetpack_featured_media_url":"https:\/\/radiorevelacionfm.cl\/wp-content\/uploads\/2022\/01\/Diputado-R-Alinco-1-1.jpeg","_links":{"self":[{"href":"https:\/\/radiorevelacionfm.cl\/index.php?rest_route=\/wp\/v2\/posts\/14908","targetHints":{"allow":["GET"]}}],"collection":[{"href":"https:\/\/radiorevelacionfm.cl\/index.php?rest_route=\/wp\/v2\/posts"}],"about":[{"href":"https:\/\/radiorevelacionfm.cl\/index.php?rest_route=\/wp\/v2\/types\/post"}],"author":[{"embeddable":true,"href":"https:\/\/radiorevelacionfm.cl\/index.php?rest_route=\/wp\/v2\/users\/1"}],"replies":[{"embeddable":true,"href":"https:\/\/radiorevelacionfm.cl\/index.php?rest_route=%2Fwp%2Fv2%2Fcomments&post=14908"}],"version-history":[{"count":2,"href":"https:\/\/radiorevelacionfm.cl\/index.php?rest_route=\/wp\/v2\/posts\/14908\/revisions"}],"predecessor-version":[{"id":14910,"href":"https:\/\/radiorevelacionfm.cl\/index.php?rest_route=\/wp\/v2\/posts\/14908\/revisions\/14910"}],"wp:featuredmedia":[{"embeddable":true,"href":"https:\/\/radiorevelacionfm.cl\/index.php?rest_route=\/wp\/v2\/media\/13385"}],"wp:attachment":[{"href":"https:\/\/radiorevelacionfm.cl\/index.php?rest_route=%2Fwp%2Fv2%2Fmedia&parent=14908"}],"wp:term":[{"taxonomy":"category","embeddable":true,"href":"https:\/\/radiorevelacionfm.cl\/index.php?rest_route=%2Fwp%2Fv2%2Fcategories&post=14908"},{"taxonomy":"post_tag","embeddable":true,"href":"https:\/\/radiorevelacionfm.cl\/index.php?rest_route=%2Fwp%2Fv2%2Ftags&post=14908"}],"curies":[{"name":"wp","href":"https:\/\/api.w.org\/{rel}","templated":true}]}}