{"id":14905,"date":"2022-03-23T09:32:37","date_gmt":"2022-03-23T12:32:37","guid":{"rendered":"https:\/\/radiorevelacionfm.cl\/?p=14905"},"modified":"2022-03-23T09:32:37","modified_gmt":"2022-03-23T12:32:37","slug":"se-inician-los-talleres-de-participacion-ciudadana-en-la-region-de-aysen","status":"publish","type":"post","link":"https:\/\/radiorevelacionfm.cl\/?p=14905","title":{"rendered":"Se inician los talleres de participaci\u00f3n ciudadana en la regi\u00f3n de Ays\u00e9n"},"content":{"rendered":"<div class=\"flex_column av_one_full  flex_column_div av-zero-column-padding first  avia-builder-el-0  el_before_av_one_full  avia-builder-el-first  \" style='border-radius:0px; '><div  class='avia-image-container  av-styling-    avia-builder-el-1  avia-builder-el-no-sibling  avia-align-center '  itemprop=\"image\" itemscope=\"itemscope\" itemtype=\"https:\/\/schema.org\/ImageObject\"  ><div class='avia-image-container-inner'><div class='avia-image-overlay-wrap'><img decoding=\"async\" class='wp-image-14906 avia-img-lazy-loading-not-14906 avia_image' src=\"https:\/\/radiorevelacionfm.cl\/wp-content\/uploads\/2022\/03\/Participacion-Ciudadana-1.jpg\" alt='' title='Participacion Ciudadana (1)' height=\"600\" width=\"1000\"  itemprop=\"thumbnailUrl\" srcset=\"https:\/\/radiorevelacionfm.cl\/wp-content\/uploads\/2022\/03\/Participacion-Ciudadana-1.jpg 1000w, https:\/\/radiorevelacionfm.cl\/wp-content\/uploads\/2022\/03\/Participacion-Ciudadana-1-300x180.jpg 300w, https:\/\/radiorevelacionfm.cl\/wp-content\/uploads\/2022\/03\/Participacion-Ciudadana-1-768x461.jpg 768w, https:\/\/radiorevelacionfm.cl\/wp-content\/uploads\/2022\/03\/Participacion-Ciudadana-1-705x423.jpg 705w, https:\/\/radiorevelacionfm.cl\/wp-content\/uploads\/2022\/03\/Participacion-Ciudadana-1-600x360.jpg 600w\" sizes=\"(max-width: 1000px) 100vw, 1000px\" \/><\/div><\/div><\/div><\/div><div class=\"flex_column av_one_full  flex_column_div av-zero-column-padding first  avia-builder-el-2  el_after_av_one_full  el_before_av_one_full  column-top-margin\" style='border-radius:0px; '><section class=\"av_textblock_section \"  itemscope=\"itemscope\" itemtype=\"https:\/\/schema.org\/BlogPosting\" itemprop=\"blogPost\" ><div class='avia_textblock  '   itemprop=\"text\" ><p style=\"text-align: center;\"><strong><span style=\"font-size: 18pt;\">Se inician los talleres de participaci\u00f3n ciudadana en la regi\u00f3n de Ays\u00e9n<\/span><\/strong><\/p>\n<div id=\"gtx-trans\" style=\"position: absolute; left: -50px; top: 4.31534px;\">\n<div class=\"gtx-trans-icon\"><\/div>\n<\/div>\n<\/div><\/section><\/div><div class=\"flex_column av_one_full  flex_column_div av-zero-column-padding first  avia-builder-el-4  el_after_av_one_full  el_before_av_hr  column-top-margin\" style='border-radius:0px; '><section class=\"av_textblock_section \"  itemscope=\"itemscope\" itemtype=\"https:\/\/schema.org\/BlogPosting\" itemprop=\"blogPost\" ><div class='avia_textblock  '   itemprop=\"text\" ><p style=\"text-align: justify;\">La constituci\u00f3n del Consejo Consultivo de Participaci\u00f3n Ciudadana fue el comienzo para que el equipo del GORE Ays\u00e9n comenzar\u00e1 la elaboraci\u00f3n de la Pol\u00edtica de Participaci\u00f3n Ciudadana, instrumento que permitir\u00e1 a los ciudadanos y ciudadanas opinar respecto de las pol\u00edticas p\u00fablicas, proyectos, programas, planes y fondos concursables.<\/p>\n<p style=\"text-align: justify;\">Esta iniciativa, dentro de las medidas del Plan de Gobierno de la Gobernadora Andrea Mac\u00edas Palma, permitir\u00e1 integrar a la diversidad de miradas que tiene la regi\u00f3n de Ays\u00e9n y sus comunidades en el quehacer del m\u00e1ximo organismo regional.<\/p>\n<p style=\"text-align: justify;\">Durante la semana reci\u00e9n pasada este camino comenz\u00f3 con la realizaci\u00f3n de los primeros talleres ciudadanos en las localidades de Cerro Castillo, R\u00edo Ib\u00e1\u00f1ez y la comuna de Cochrane.<\/p>\n<p style=\"text-align: justify;\">Una de las participantes de los encuentros fue Maura Estrada, presidenta de la Junta de Vecinos de la Villa Cerro Castillo.<\/p>\n<p style=\"text-align: justify;\">\u00abPara nosotros como localidad es fundamental el tema de la participaci\u00f3n ciudadana, as\u00ed que estamos agradecidos \u00a0por la instancia. Es importante porque as\u00ed nosotros podemos dar nuestra opini\u00f3n, consultar varios tipos de por ejemplo temas que nosotros desconocemos. Una participaci\u00f3n ciudadana primero que nada la consulta al pueblo y en este caso a las organizaciones pertinentes\u00bb, afirm\u00f3.<\/p>\n<p style=\"text-align: justify;\">Ricardo Orme\u00f1o, otro de los participantes, es periodista, prevencionista de riesgo y Presidente de la ONG Boral.<\/p>\n<p style=\"text-align: justify;\">\u00abEsta iniciativa que realizaron hoy en d\u00eda me gust\u00f3, fue muy buena y pedir\u00eda que fuese m\u00e1s seguido, porque si se dan cuenta desde el punto de vista local se refleja una reticencia de demostrar ayuda hacia la localidad (&#8230;) Nosotros elegimos a quienes nos gobiernan, por lo tanto, las personas que nos gobiernen tienen que conocer nuestra realidad, nuestra opini\u00f3n es m\u00e1s valiosa respecto a un cientista pol\u00edtico o a un analista, que desde su oficina y desde archivos que ven porcentajes o tablas condicen qu\u00e9 es lo que pasa en nuestro pa\u00eds\u00bb, coment\u00f3.<\/p>\n<p style=\"text-align: justify;\">La participaci\u00f3n ciudadana es necesaria, comentaba Daniela Andrade, de la Agrupaci\u00f3n de Turismo y de otras organizaciones sociales.<\/p>\n<div style=\"text-align: justify;\">\n<p style=\"text-align: justify;\">\u00abEstamos constantemente pidiendo que se haga esta forma, pero no s\u00f3lo que se nos pregunte, si no que nos retroalimente en torno a las decisiones y a las pol\u00edticas p\u00fablicas que est\u00e1n saliendo\u00bb, puntualiz\u00f3.<\/p>\n<p style=\"text-align: justify;\">Finalmente, para Francisco Lara, Jefe de la Divisi\u00f3n de Planificaci\u00f3n y Desarrollo Regional (DIPLADE) del GORE Ays\u00e9n, el compromiso de la Gobernadora Mac\u00edas en que exista este instrumento es fundamental para comenzar a entender la pol\u00edtica p\u00fablica desde las mismas comunidades y los distintos territorios.<\/p>\n<p style=\"text-align: justify;\">\u00abEstamos en parte importante de esta elaboraci\u00f3n de la pol\u00edtica, justamente en el levantamiento en el territorio. Para ello hemos desarrollado talleres que se van a desplegar en distintas localidades de nuestra regi\u00f3n cubriendo desde el norte, desde La Junta hasta O\u00b4Higgins. Estuvimos ya en Cerro Castillo, Puerto Ingeniero Ib\u00e1\u00f1ez, en Isla Huichas y esta semana estaremos en Puerto Guadal, Tranquilo, Tortel y Villa O\u00b4Higgins para escuchar el levantamiento de la ciudadan\u00eda: cu\u00e1l es la forma y cu\u00e1les son los mecanismos de la relaci\u00f3n entre el Gobierno Regional y los vecinos y vecinas de nuestra regi\u00f3n de Ays\u00e9n\u00bb.<\/p>\n<p style=\"text-align: justify;\">Los talleres son convocados conjuntamente con los Municipios de la regi\u00f3n y sus equipos profesionales.<\/p>\n<\/div>\n<\/div><\/section><\/div><div  style='height:50px' class='hr hr-invisible   avia-builder-el-6  el_after_av_one_full  el_before_av_social_share '><span class='hr-inner ' ><span class='hr-inner-style'><\/span><\/span><\/div><\/p>\n<div  class='av-social-sharing-box  avia-builder-el-7  el_after_av_hr  el_before_av_hr  '><div class='av-share-box'><h5 class='av-share-link-description av-no-toc '>Compartir esta noticia<\/h5><ul class='av-share-box-list noLightbox'><li class='av-share-link av-social-link-facebook' ><a target=\"_blank\" aria-label=\"Compartir en Facebook\" href='https:\/\/www.facebook.com\/sharer.php?u=https:\/\/radiorevelacionfm.cl\/?p=14905&#038;t=Se%20inician%20los%20talleres%20de%20participaci%C3%B3n%20ciudadana%20en%20la%20regi%C3%B3n%20de%20Ays%C3%A9n' aria-hidden='false' data-av_icon='\ue8f3' data-av_iconfont='entypo-fontello' title='' data-avia-related-tooltip='Compartir en Facebook' rel=\"noopener\"><span class='avia_hidden_link_text'>Compartir en Facebook<\/span><\/a><\/li><li class='av-share-link av-social-link-twitter' ><a target=\"_blank\" aria-label=\"Compartir en Twitter\" href='https:\/\/twitter.com\/share?text=Se%20inician%20los%20talleres%20de%20participaci%C3%B3n%20ciudadana%20en%20la%20regi%C3%B3n%20de%20Ays%C3%A9n&#038;url=https:\/\/radiorevelacionfm.cl\/?p=14905' aria-hidden='false' data-av_icon='\ue8f1' data-av_iconfont='entypo-fontello' title='' data-avia-related-tooltip='Compartir en Twitter' rel=\"noopener\"><span class='avia_hidden_link_text'>Compartir en Twitter<\/span><\/a><\/li><li class='av-share-link av-social-link-whatsapp' ><a target=\"_blank\" aria-label=\"Compartir en Whatsapp\" href='https:\/\/api.whatsapp.com\/send?text=https:\/\/radiorevelacionfm.cl\/?p=14905' aria-hidden='false' data-av_icon='\uf232' data-av_iconfont='entypo-fontello' title='' data-avia-related-tooltip='Compartir en Whatsapp' rel=\"noopener\"><span class='avia_hidden_link_text'>Compartir en Whatsapp<\/span><\/a><\/li><li class='av-share-link av-social-link-linkedin' ><a target=\"_blank\" aria-label=\"Compartir en LinkedIn\" href='https:\/\/linkedin.com\/shareArticle?mini=true&#038;title=Se%20inician%20los%20talleres%20de%20participaci%C3%B3n%20ciudadana%20en%20la%20regi%C3%B3n%20de%20Ays%C3%A9n&#038;url=https:\/\/radiorevelacionfm.cl\/?p=14905' aria-hidden='false' data-av_icon='\ue8fc' data-av_iconfont='entypo-fontello' title='' data-avia-related-tooltip='Compartir en LinkedIn' rel=\"noopener\"><span class='avia_hidden_link_text'>Compartir en LinkedIn<\/span><\/a><\/li><li class='av-share-link av-social-link-mail' ><a  aria-label=\"Compartir por correo\" href='mailto:?subject=Se%20inician%20los%20talleres%20de%20participaci%C3%B3n%20ciudadana%20en%20la%20regi%C3%B3n%20de%20Ays%C3%A9n&#038;body=https:\/\/radiorevelacionfm.cl\/?p=14905' aria-hidden='false' data-av_icon='\ue805' data-av_iconfont='entypo-fontello' title='' data-avia-related-tooltip='Compartir por correo'><span class='avia_hidden_link_text'>Compartir por correo<\/span><\/a><\/li><\/ul><\/div><\/div>\n<div  style='height:50px' class='hr hr-invisible   avia-builder-el-8  el_after_av_social_share  el_before_av_comments_list '><span class='hr-inner ' ><span class='hr-inner-style'><\/span><\/span><\/div>\n<div  class='av-buildercomment  av-blog-meta-html-info-disabled av-blog-meta-tag-disabled  '><\/div>\n","protected":false},"excerpt":{"rendered":"","protected":false},"author":1,"featured_media":14906,"comment_status":"open","ping_status":"open","sticky":false,"template":"","format":"standard","meta":{"footnotes":""},"categories":[38],"tags":[],"class_list":["post-14905","post","type-post","status-publish","format-standard","has-post-thumbnail","hentry","category-regional"],"jetpack_featured_media_url":"https:\/\/radiorevelacionfm.cl\/wp-content\/uploads\/2022\/03\/Participacion-Ciudadana-1.jpg","_links":{"self":[{"href":"https:\/\/radiorevelacionfm.cl\/index.php?rest_route=\/wp\/v2\/posts\/14905","targetHints":{"allow":["GET"]}}],"collection":[{"href":"https:\/\/radiorevelacionfm.cl\/index.php?rest_route=\/wp\/v2\/posts"}],"about":[{"href":"https:\/\/radiorevelacionfm.cl\/index.php?rest_route=\/wp\/v2\/types\/post"}],"author":[{"embeddable":true,"href":"https:\/\/radiorevelacionfm.cl\/index.php?rest_route=\/wp\/v2\/users\/1"}],"replies":[{"embeddable":true,"href":"https:\/\/radiorevelacionfm.cl\/index.php?rest_route=%2Fwp%2Fv2%2Fcomments&post=14905"}],"version-history":[{"count":2,"href":"https:\/\/radiorevelacionfm.cl\/index.php?rest_route=\/wp\/v2\/posts\/14905\/revisions"}],"predecessor-version":[{"id":14937,"href":"https:\/\/radiorevelacionfm.cl\/index.php?rest_route=\/wp\/v2\/posts\/14905\/revisions\/14937"}],"wp:featuredmedia":[{"embeddable":true,"href":"https:\/\/radiorevelacionfm.cl\/index.php?rest_route=\/wp\/v2\/media\/14906"}],"wp:attachment":[{"href":"https:\/\/radiorevelacionfm.cl\/index.php?rest_route=%2Fwp%2Fv2%2Fmedia&parent=14905"}],"wp:term":[{"taxonomy":"category","embeddable":true,"href":"https:\/\/radiorevelacionfm.cl\/index.php?rest_route=%2Fwp%2Fv2%2Fcategories&post=14905"},{"taxonomy":"post_tag","embeddable":true,"href":"https:\/\/radiorevelacionfm.cl\/index.php?rest_route=%2Fwp%2Fv2%2Ftags&post=14905"}],"curies":[{"name":"wp","href":"https:\/\/api.w.org\/{rel}","templated":true}]}}