{"id":14901,"date":"2022-03-22T15:03:21","date_gmt":"2022-03-22T18:03:21","guid":{"rendered":"https:\/\/radiorevelacionfm.cl\/?p=14901"},"modified":"2022-03-22T15:03:21","modified_gmt":"2022-03-22T18:03:21","slug":"alianza-privado-publica-en-cisnes-recaudo-45-millones-para-proyectos-de-infraestructura-publica","status":"publish","type":"post","link":"https:\/\/radiorevelacionfm.cl\/?p=14901","title":{"rendered":"Alianza privado-p\u00fablica en Cisnes recaud\u00f3 $45 millones para proyectos de infraestructura p\u00fablica"},"content":{"rendered":"<div class=\"flex_column av_one_full  flex_column_div av-zero-column-padding first  avia-builder-el-0  el_before_av_one_full  avia-builder-el-first  \" style='border-radius:0px; '><div  class='avia-image-container  av-styling-    avia-builder-el-1  avia-builder-el-no-sibling  avia-align-center '  itemprop=\"image\" itemscope=\"itemscope\" itemtype=\"https:\/\/schema.org\/ImageObject\"  ><div class='avia-image-container-inner'><div class='avia-image-overlay-wrap'><img decoding=\"async\" class='wp-image-14902 avia-img-lazy-loading-not-14902 avia_image' src=\"https:\/\/radiorevelacionfm.cl\/wp-content\/uploads\/2022\/03\/mesa-cisnes-1_optimized.jpg\" alt='' title='mesa-cisnes-(1)_optimized' height=\"600\" width=\"1509\"  itemprop=\"thumbnailUrl\" srcset=\"https:\/\/radiorevelacionfm.cl\/wp-content\/uploads\/2022\/03\/mesa-cisnes-1_optimized.jpg 1509w, https:\/\/radiorevelacionfm.cl\/wp-content\/uploads\/2022\/03\/mesa-cisnes-1_optimized-300x119.jpg 300w, https:\/\/radiorevelacionfm.cl\/wp-content\/uploads\/2022\/03\/mesa-cisnes-1_optimized-1030x410.jpg 1030w, https:\/\/radiorevelacionfm.cl\/wp-content\/uploads\/2022\/03\/mesa-cisnes-1_optimized-768x305.jpg 768w, https:\/\/radiorevelacionfm.cl\/wp-content\/uploads\/2022\/03\/mesa-cisnes-1_optimized-1500x596.jpg 1500w, https:\/\/radiorevelacionfm.cl\/wp-content\/uploads\/2022\/03\/mesa-cisnes-1_optimized-705x280.jpg 705w, https:\/\/radiorevelacionfm.cl\/wp-content\/uploads\/2022\/03\/mesa-cisnes-1_optimized-600x239.jpg 600w\" sizes=\"(max-width: 1509px) 100vw, 1509px\" \/><\/div><\/div><\/div><\/div><div class=\"flex_column av_one_full  flex_column_div av-zero-column-padding first  avia-builder-el-2  el_after_av_one_full  el_before_av_one_full  column-top-margin\" style='border-radius:0px; '><section class=\"av_textblock_section \"  itemscope=\"itemscope\" itemtype=\"https:\/\/schema.org\/BlogPosting\" itemprop=\"blogPost\" ><div class='avia_textblock  '   itemprop=\"text\" ><p style=\"text-align: center;\"><strong><span style=\"font-size: 18pt;\">Alianza privado-p\u00fablica en Cisnes recaud\u00f3 $45 millones para proyectos de infraestructura p\u00fablica<\/span><\/strong><\/p>\n<div id=\"gtx-trans\" style=\"position: absolute; left: -50px; top: 4.31534px;\">\n<div class=\"gtx-trans-icon\"><\/div>\n<\/div>\n<\/div><\/section><\/div><div class=\"flex_column av_one_full  flex_column_div av-zero-column-padding first  avia-builder-el-4  el_after_av_one_full  el_before_av_hr  column-top-margin\" style='border-radius:0px; '><section class=\"av_textblock_section \"  itemscope=\"itemscope\" itemtype=\"https:\/\/schema.org\/BlogPosting\" itemprop=\"blogPost\" ><div class='avia_textblock  '   itemprop=\"text\" ><div>\n<p dir=\"ltr\" style=\"text-align: justify;\">Este martes y con la presencia de representantes de la Municipalidad de Cisnes, se realiz\u00f3 la primera sesi\u00f3n de la Mesa de Convergencia por el Desarrollo de Cisnes, iniciativa liderada por la salmonera Aqua Chile y la Fundaci\u00f3n Huella Local, que tiene como objetivo el desarrollo de 19 proyectos de infraestructura en los pr\u00f3ximos cuatro a\u00f1os.<\/p>\n<p dir=\"ltr\" style=\"text-align: justify;\">La primera sesi\u00f3n de trabajo se enmarca en el trabajo de la mesa que comenz\u00f3 en noviembre de 2021, y adhiere al modelo de la fundaci\u00f3n que articula esfuerzos privado-p\u00fablicos y de la comunidad para el desarrollo de proyectos de infraestructura y equipamiento con alto impacto social.<\/p>\n<p dir=\"ltr\" style=\"text-align: justify;\">La instancia se llev\u00f3 a cabo de forma telem\u00e1tica y asistieron representantes de Aqua Chile, Naviera Austral, Marine Farm, JetSMART, Aguas Patagonia y Fundaci\u00f3n Abeto, que en esta primera instancia se comprometieron con $45 millones para desarrollar proyectos relacionados con infraestructura tur\u00edstica, obras culturales y comunitarias.<\/p>\n<p dir=\"ltr\" style=\"text-align: justify;\">Para el primer a\u00f1o se priorizaron tres proyectos, que tras el dise\u00f1o se postular\u00e1n a fondos p\u00fablicos que suman $45 mil millones de pesos y beneficiar\u00e1n a 6.517 personas. La meta final de la alianza es recaudar en total $309 millones en cuatro a\u00f1os para el dise\u00f1o de 19 proyectos. Posteriormente, la meta es apalancar $3.110 millones desde fondos p\u00fablicos para la ejecuci\u00f3n de las obras.<\/p>\n<p dir=\"ltr\" style=\"text-align: justify;\">Sobre la reuni\u00f3n Francisco Roncagliolo, alcalde de Cisnes, manifest\u00f3 su agradecimiento por el trabajo en conjunto. \u201cEstamos convencidos de que es tremendamente importante la alianza p\u00fablico-privada para llevar adelante desaf\u00edos que vayan en beneficio de nuestras comunidades, y que nos ayuden a potenciar las capacidades t\u00e9cnicas de nuestro municipio\u201d, manifest\u00f3 el edil tras la reuni\u00f3n.<\/p>\n<p dir=\"ltr\" style=\"text-align: justify;\">Claudio P\u00e9rez, director territorial de la zona sur-austral de Fundaci\u00f3n Huella Local, hizo hincapi\u00e9 en la misi\u00f3n de llevar equidad territorial a los lugares m\u00e1s aislados. \u201cLa mesa nos va a permitir desarrollar proyectos de mucha necesidad por parte de la comunidad, y llegar a territorios aislados como Puerto Gala. Uno de los objetivos de nuestra fundaci\u00f3n es llegar a lugares rec\u00f3nditos donde la inversi\u00f3n p\u00fablica llega muy tarde, y poder contribuir con un municipio como Cisnes nos llena de orgullo\u201d.<\/p>\n<p dir=\"ltr\" style=\"text-align: justify;\">El encuentro de este martes da paso a la siguiente etapa, que es el dise\u00f1o de los proyectos para que luego el municipio postule los dise\u00f1os a fondos p\u00fablicos regionales. Luego de eso, y una vez que postulan, las obras se licitan y se construyen finalmente.<\/p>\n<\/div>\n<div style=\"text-align: justify;\"><\/div>\n<\/div><\/section><\/div><div  style='height:50px' class='hr hr-invisible   avia-builder-el-6  el_after_av_one_full  el_before_av_social_share '><span class='hr-inner ' ><span class='hr-inner-style'><\/span><\/span><\/div><\/p>\n<div  class='av-social-sharing-box  avia-builder-el-7  el_after_av_hr  el_before_av_hr  '><div class='av-share-box'><h5 class='av-share-link-description av-no-toc '>Compartir esta noticia<\/h5><ul class='av-share-box-list noLightbox'><li class='av-share-link av-social-link-facebook' ><a target=\"_blank\" aria-label=\"Compartir en Facebook\" href='https:\/\/www.facebook.com\/sharer.php?u=https:\/\/radiorevelacionfm.cl\/?p=14901&#038;t=Alianza%20privado-p%C3%BAblica%20en%20Cisnes%20recaud%C3%B3%20%2445%20millones%20para%20proyectos%20de%20infraestructura%20p%C3%BAblica' aria-hidden='false' data-av_icon='\ue8f3' data-av_iconfont='entypo-fontello' title='' data-avia-related-tooltip='Compartir en Facebook' rel=\"noopener\"><span class='avia_hidden_link_text'>Compartir en Facebook<\/span><\/a><\/li><li class='av-share-link av-social-link-twitter' ><a target=\"_blank\" aria-label=\"Compartir en Twitter\" href='https:\/\/twitter.com\/share?text=Alianza%20privado-p%C3%BAblica%20en%20Cisnes%20recaud%C3%B3%20%2445%20millones%20para%20proyectos%20de%20infraestructura%20p%C3%BAblica&#038;url=https:\/\/radiorevelacionfm.cl\/?p=14901' aria-hidden='false' data-av_icon='\ue8f1' data-av_iconfont='entypo-fontello' title='' data-avia-related-tooltip='Compartir en Twitter' rel=\"noopener\"><span class='avia_hidden_link_text'>Compartir en Twitter<\/span><\/a><\/li><li class='av-share-link av-social-link-whatsapp' ><a target=\"_blank\" aria-label=\"Compartir en Whatsapp\" href='https:\/\/api.whatsapp.com\/send?text=https:\/\/radiorevelacionfm.cl\/?p=14901' aria-hidden='false' data-av_icon='\uf232' data-av_iconfont='entypo-fontello' title='' data-avia-related-tooltip='Compartir en Whatsapp' rel=\"noopener\"><span class='avia_hidden_link_text'>Compartir en Whatsapp<\/span><\/a><\/li><li class='av-share-link av-social-link-linkedin' ><a target=\"_blank\" aria-label=\"Compartir en LinkedIn\" href='https:\/\/linkedin.com\/shareArticle?mini=true&#038;title=Alianza%20privado-p%C3%BAblica%20en%20Cisnes%20recaud%C3%B3%20%2445%20millones%20para%20proyectos%20de%20infraestructura%20p%C3%BAblica&#038;url=https:\/\/radiorevelacionfm.cl\/?p=14901' aria-hidden='false' data-av_icon='\ue8fc' data-av_iconfont='entypo-fontello' title='' data-avia-related-tooltip='Compartir en LinkedIn' rel=\"noopener\"><span class='avia_hidden_link_text'>Compartir en LinkedIn<\/span><\/a><\/li><li class='av-share-link av-social-link-mail' ><a  aria-label=\"Compartir por correo\" href='mailto:?subject=Alianza%20privado-p%C3%BAblica%20en%20Cisnes%20recaud%C3%B3%20%2445%20millones%20para%20proyectos%20de%20infraestructura%20p%C3%BAblica&#038;body=https:\/\/radiorevelacionfm.cl\/?p=14901' aria-hidden='false' data-av_icon='\ue805' data-av_iconfont='entypo-fontello' title='' data-avia-related-tooltip='Compartir por correo'><span class='avia_hidden_link_text'>Compartir por correo<\/span><\/a><\/li><\/ul><\/div><\/div>\n<div  style='height:50px' class='hr hr-invisible   avia-builder-el-8  el_after_av_social_share  el_before_av_comments_list '><span class='hr-inner ' ><span class='hr-inner-style'><\/span><\/span><\/div>\n<div  class='av-buildercomment  av-blog-meta-html-info-disabled av-blog-meta-tag-disabled  '><\/div>\n","protected":false},"excerpt":{"rendered":"","protected":false},"author":1,"featured_media":14902,"comment_status":"open","ping_status":"open","sticky":false,"template":"","format":"standard","meta":{"footnotes":""},"categories":[38],"tags":[],"class_list":["post-14901","post","type-post","status-publish","format-standard","has-post-thumbnail","hentry","category-regional"],"jetpack_featured_media_url":"https:\/\/radiorevelacionfm.cl\/wp-content\/uploads\/2022\/03\/mesa-cisnes-1_optimized.jpg","_links":{"self":[{"href":"https:\/\/radiorevelacionfm.cl\/index.php?rest_route=\/wp\/v2\/posts\/14901","targetHints":{"allow":["GET"]}}],"collection":[{"href":"https:\/\/radiorevelacionfm.cl\/index.php?rest_route=\/wp\/v2\/posts"}],"about":[{"href":"https:\/\/radiorevelacionfm.cl\/index.php?rest_route=\/wp\/v2\/types\/post"}],"author":[{"embeddable":true,"href":"https:\/\/radiorevelacionfm.cl\/index.php?rest_route=\/wp\/v2\/users\/1"}],"replies":[{"embeddable":true,"href":"https:\/\/radiorevelacionfm.cl\/index.php?rest_route=%2Fwp%2Fv2%2Fcomments&post=14901"}],"version-history":[{"count":2,"href":"https:\/\/radiorevelacionfm.cl\/index.php?rest_route=\/wp\/v2\/posts\/14901\/revisions"}],"predecessor-version":[{"id":14904,"href":"https:\/\/radiorevelacionfm.cl\/index.php?rest_route=\/wp\/v2\/posts\/14901\/revisions\/14904"}],"wp:featuredmedia":[{"embeddable":true,"href":"https:\/\/radiorevelacionfm.cl\/index.php?rest_route=\/wp\/v2\/media\/14902"}],"wp:attachment":[{"href":"https:\/\/radiorevelacionfm.cl\/index.php?rest_route=%2Fwp%2Fv2%2Fmedia&parent=14901"}],"wp:term":[{"taxonomy":"category","embeddable":true,"href":"https:\/\/radiorevelacionfm.cl\/index.php?rest_route=%2Fwp%2Fv2%2Fcategories&post=14901"},{"taxonomy":"post_tag","embeddable":true,"href":"https:\/\/radiorevelacionfm.cl\/index.php?rest_route=%2Fwp%2Fv2%2Ftags&post=14901"}],"curies":[{"name":"wp","href":"https:\/\/api.w.org\/{rel}","templated":true}]}}