{"id":14896,"date":"2022-03-22T18:32:38","date_gmt":"2022-03-22T21:32:38","guid":{"rendered":"https:\/\/radiorevelacionfm.cl\/?p=14896"},"modified":"2022-03-22T18:32:38","modified_gmt":"2022-03-22T21:32:38","slug":"mineduc-y-minsal-dan-a-conocer-nuevas-orientaciones-sanitarias-para-el-reencuentro-de-las-comunidades-educativas","status":"publish","type":"post","link":"https:\/\/radiorevelacionfm.cl\/?p=14896","title":{"rendered":"Mineduc y Minsal dan a conocer nuevas orientaciones sanitarias para el reencuentro de las comunidades educativas"},"content":{"rendered":"<div class=\"flex_column av_one_full  flex_column_div av-zero-column-padding first  avia-builder-el-0  el_before_av_one_full  avia-builder-el-first  \" style='border-radius:0px; '><div  class='avia-image-container  av-styling-    avia-builder-el-1  avia-builder-el-no-sibling  avia-align-center '  itemprop=\"image\" itemscope=\"itemscope\" itemtype=\"https:\/\/schema.org\/ImageObject\"  ><div class='avia-image-container-inner'><div class='avia-image-overlay-wrap'><img decoding=\"async\" class='wp-image-14897 avia-img-lazy-loading-not-14897 avia_image' src=\"https:\/\/radiorevelacionfm.cl\/wp-content\/uploads\/2022\/03\/mineduc-minsal-1_optimized.jpeg\" alt='' title='mineduc-minsal-(1)_optimized' height=\"600\" width=\"964\"  itemprop=\"thumbnailUrl\" srcset=\"https:\/\/radiorevelacionfm.cl\/wp-content\/uploads\/2022\/03\/mineduc-minsal-1_optimized.jpeg 964w, https:\/\/radiorevelacionfm.cl\/wp-content\/uploads\/2022\/03\/mineduc-minsal-1_optimized-300x187.jpeg 300w, https:\/\/radiorevelacionfm.cl\/wp-content\/uploads\/2022\/03\/mineduc-minsal-1_optimized-768x478.jpeg 768w, https:\/\/radiorevelacionfm.cl\/wp-content\/uploads\/2022\/03\/mineduc-minsal-1_optimized-705x439.jpeg 705w, https:\/\/radiorevelacionfm.cl\/wp-content\/uploads\/2022\/03\/mineduc-minsal-1_optimized-600x373.jpeg 600w\" sizes=\"(max-width: 964px) 100vw, 964px\" \/><\/div><\/div><\/div><\/div><div class=\"flex_column av_one_full  flex_column_div av-zero-column-padding first  avia-builder-el-2  el_after_av_one_full  el_before_av_one_full  column-top-margin\" style='border-radius:0px; '><section class=\"av_textblock_section \"  itemscope=\"itemscope\" itemtype=\"https:\/\/schema.org\/BlogPosting\" itemprop=\"blogPost\" ><div class='avia_textblock  '   itemprop=\"text\" ><p style=\"text-align: center;\"><span style=\"font-size: 18pt;\"><strong>Mineduc y Minsal dan a conocer nuevas orientaciones sanitarias para el reencuentro de las comunidades educativas<\/strong><\/span><\/p>\n<div id=\"gtx-trans\" style=\"position: absolute; left: -50px; top: 4.31534px;\">\n<div class=\"gtx-trans-icon\"><\/div>\n<\/div>\n<\/div><\/section><\/div><div class=\"flex_column av_one_full  flex_column_div av-zero-column-padding first  avia-builder-el-4  el_after_av_one_full  el_before_av_hr  column-top-margin\" style='border-radius:0px; '><section class=\"av_textblock_section \"  itemscope=\"itemscope\" itemtype=\"https:\/\/schema.org\/BlogPosting\" itemprop=\"blogPost\" ><div class='avia_textblock  '   itemprop=\"text\" ><p class=\"v1MsoNormal\" style=\"text-align: justify;\"><span lang=\"ES\">A una semana de haber asumido el cargo, el ministro de Educaci\u00f3n, Marco Antonio \u00c1vila, junto al ministro (s) de Salud, Crist\u00f3bal Cuadrado, y al jefe de Epidemiolog\u00eda del Minsal, Christian Garc\u00eda, dieron a conocer las nuevas orientaciones que buscan que las comunidades educativas de jardines infantiles y establecimientos educacionales puedan volver a encontrarse en un entorno de seguridad y estabilidad. Estas ser\u00e1n publicadas hoy en el sitio www.mineduc.cl.<\/span><\/p>\n<p class=\"v1MsoNormal\" style=\"text-align: justify;\"><span lang=\"ES\">Estas orientaciones responden al inter\u00e9s del Gobierno por garantizar el derecho a la educaci\u00f3n y el respeto de medidas sanitarias de toda la poblaci\u00f3n, para que ni\u00f1os, ni\u00f1as, adolescentes, j\u00f3venes y adultos, puedan continuar con sus aprendizajes y ser asistidos de manera integral, en cada una de sus necesidades educativas. Asimismo, son fruto del trabajo de los equipos de los Ministerios de Salud y Educaci\u00f3n, de las propuestas de la Comisi\u00f3n Nacional de Respuesta Pand\u00e9mica, y de las diversas instancias de di\u00e1logo que llev\u00f3 adelante el ministro de Educaci\u00f3n con representantes de las comunidades educativas, como el Colegio de Profesores, el Colegio de Educadoras de P\u00e1rvulos, gremios como Aprojunji, Confemuch, Movimiento VTF, las asociaciones de municipios, la Asociaci\u00f3n de Municipios Rurales, la Coordinaci\u00f3n de Colegios Particulares Subvencionados, Consejo Nacional de Asistentes de la Educaci\u00f3n (Conaech) y la Asociaci\u00f3n de Funcionarios de la Junaeb, entre otros.<\/span><\/p>\n<p class=\"v1MsoNormal\" style=\"text-align: justify;\"><span lang=\"ES\">El ministro de Educaci\u00f3n, Marco Antonio \u00c1vila, enfatiz\u00f3 que \u201cel Estado es el principal responsable de garantizar que est\u00e9n las condiciones para que construyamos en comunidad las mejores condiciones para el reencuentro educativo\u201d y que estas orientaciones y medidas de apoyo a las comunidades responden a esta premisa. La autoridad agreg\u00f3 que \u201cqueremos acompa\u00f1ar activamente al Ministerio de Salud en la promoci\u00f3n de una campa\u00f1a de vacunaci\u00f3n de los adultos y adultas que atienden a ni\u00f1os y ni\u00f1as en los establecimientos educacionales, jardines infantiles, salas cuna, pero tambi\u00e9n de aquellos ni\u00f1os y ni\u00f1as que estando en edad de vacunarse, a\u00fan no lo han hecho\u201d.<\/span><\/p>\n<p class=\"v1MsoNormal\" style=\"text-align: justify;\"><span lang=\"ES-TRAD\">El ministro (s) de Salud, Crist\u00f3bal Cuadrado, explic\u00f3 que desde el gobierno se ha asumido con mucha seriedad la responsabilidad de generar condiciones seguras para el retorno a clases y enfatiz\u00f3 en que las medidas de cuidado son fundamentales. \u201cEl Ministerio de Salud, la autoridad sanitaria, los centros de salud familiar y las secretar\u00edas regionales ministeriales del pa\u00eds vamos a estar comprometidos para dar todas las condiciones necesarias para que el retorno sea seguro y que sea sustentable en el tiempo\u201d.<\/span><\/p>\n<p class=\"v1MsoNormal\" style=\"text-align: justify;\"><span lang=\"ES\">A continuaci\u00f3n, las nuevas medidas y lineamientos sanitarios para la gobernanza de la pandemia en el sistema educativo, las que buscar\u00e1n equilibrar la seguridad de ni\u00f1os, ni\u00f1as y adolescentes, con el derecho a la educaci\u00f3n y su necesidad de atenci\u00f3n integral y socializaci\u00f3n.<\/span><\/p>\n<p class=\"v1MsoNormal\" style=\"text-align: justify;\"><span lang=\"ES\">\u00a0<\/span><\/p>\n<p class=\"v1MsoNormal\" style=\"text-align: justify;\"><b><u><span lang=\"ES\">Principales orientaciones sanitarias y apoyos a las comunidades educativas:<\/span><\/u><\/b><\/p>\n<ul style=\"text-align: justify;\" type=\"disc\">\n<li class=\"v1MsoNormal\"><span lang=\"ES\">Se priorizar\u00e1 la vacunaci\u00f3n de ni\u00f1os, ni\u00f1as y adolescentes en los meses de marzo y abril.<\/span><\/li>\n<li class=\"v1MsoNormal\"><span lang=\"ES\">Se definir\u00e1 un umbral de vacunaci\u00f3n de 80% por curso. Para lograr esta meta, el Gobierno priorizar\u00e1 la vacunaci\u00f3n de NNA. Desde el mes de mayo, cuando no exista ese porcentaje de estudiantes vacunados por curso, los establecimientos deber\u00e1n establecer aforos que respeten un metro de distancia entre estudiantes.<\/span><\/li>\n<li class=\"v1MsoNormal\"><span lang=\"ES\">Aquellos establecimientos que cuenten con Jornada Escolar Completa, y que requieran un periodo de adaptaci\u00f3n, podr\u00e1n solicitar permiso a la Secretar\u00eda Regional Ministerial de Educaci\u00f3n correspondiente, para aplicar medidas que otorguen flexibilidad a sus jornadas escolares, previa conversaci\u00f3n con el Consejo Escolar o Consejo de Educaci\u00f3n Parvularia del establecimiento.<\/span><\/li>\n<li class=\"v1MsoNormal\"><span lang=\"ES\">Se garantizar\u00e1 el pago de las subvenciones de modo de asegurar los recursos necesarios para el desarrollo del proceso educativo, sin que los montos se vean afectados por las variaciones de asistencia que se producen en el contexto de la pandemia.\u00a0<\/span><\/li>\n<li class=\"v1MsoNormal\"><span lang=\"ES\">Se entregar\u00e1 un fondo a los sostenedores para la compra de elementos de protecci\u00f3n personal, como mascarillas certificadas y art\u00edculos de higiene y limpieza.<\/span><\/li>\n<li class=\"v1MsoNormal\"><span lang=\"ES\">Se implementar\u00e1 un\u00a0<b>Plan de Reactivaci\u00f3n de Aprendizajes Integral<\/b>, orientado a reparar los da\u00f1os que produjo la pandemia en los aprendizajes y en la socializaci\u00f3n de los ni\u00f1os, ni\u00f1as y adolescentes. Esta iniciativa considerar\u00e1 de forma importante los aspectos socioemocionales y relacionales. Esta estrategia ser\u00e1 presentada en las pr\u00f3ximas semanas.<\/span><\/li>\n<\/ul>\n<p class=\"v1MsoNormal\" style=\"text-align: justify;\"><span lang=\"ES\">\u00a0<\/span><\/p>\n<\/div><\/section><\/div><div  style='height:50px' class='hr hr-invisible   avia-builder-el-6  el_after_av_one_full  el_before_av_social_share '><span class='hr-inner ' ><span class='hr-inner-style'><\/span><\/span><\/div><\/p>\n<div  class='av-social-sharing-box  avia-builder-el-7  el_after_av_hr  el_before_av_hr  '><div class='av-share-box'><h5 class='av-share-link-description av-no-toc '>Compartir esta noticia<\/h5><ul class='av-share-box-list noLightbox'><li class='av-share-link av-social-link-facebook' ><a target=\"_blank\" aria-label=\"Compartir en Facebook\" href='https:\/\/www.facebook.com\/sharer.php?u=https:\/\/radiorevelacionfm.cl\/?p=14896&#038;t=Mineduc%20y%20Minsal%20dan%20a%20conocer%20nuevas%20orientaciones%20sanitarias%20para%20el%20reencuentro%20de%20las%20comunidades%20educativas' aria-hidden='false' data-av_icon='\ue8f3' data-av_iconfont='entypo-fontello' title='' data-avia-related-tooltip='Compartir en Facebook' rel=\"noopener\"><span class='avia_hidden_link_text'>Compartir en Facebook<\/span><\/a><\/li><li class='av-share-link av-social-link-twitter' ><a target=\"_blank\" aria-label=\"Compartir en Twitter\" href='https:\/\/twitter.com\/share?text=Mineduc%20y%20Minsal%20dan%20a%20conocer%20nuevas%20orientaciones%20sanitarias%20para%20el%20reencuentro%20de%20las%20comunidades%20educativas&#038;url=https:\/\/radiorevelacionfm.cl\/?p=14896' aria-hidden='false' data-av_icon='\ue8f1' data-av_iconfont='entypo-fontello' title='' data-avia-related-tooltip='Compartir en Twitter' rel=\"noopener\"><span class='avia_hidden_link_text'>Compartir en Twitter<\/span><\/a><\/li><li class='av-share-link av-social-link-whatsapp' ><a target=\"_blank\" aria-label=\"Compartir en Whatsapp\" href='https:\/\/api.whatsapp.com\/send?text=https:\/\/radiorevelacionfm.cl\/?p=14896' aria-hidden='false' data-av_icon='\uf232' data-av_iconfont='entypo-fontello' title='' data-avia-related-tooltip='Compartir en Whatsapp' rel=\"noopener\"><span class='avia_hidden_link_text'>Compartir en Whatsapp<\/span><\/a><\/li><li class='av-share-link av-social-link-linkedin' ><a target=\"_blank\" aria-label=\"Compartir en LinkedIn\" href='https:\/\/linkedin.com\/shareArticle?mini=true&#038;title=Mineduc%20y%20Minsal%20dan%20a%20conocer%20nuevas%20orientaciones%20sanitarias%20para%20el%20reencuentro%20de%20las%20comunidades%20educativas&#038;url=https:\/\/radiorevelacionfm.cl\/?p=14896' aria-hidden='false' data-av_icon='\ue8fc' data-av_iconfont='entypo-fontello' title='' data-avia-related-tooltip='Compartir en LinkedIn' rel=\"noopener\"><span class='avia_hidden_link_text'>Compartir en LinkedIn<\/span><\/a><\/li><li class='av-share-link av-social-link-mail' ><a  aria-label=\"Compartir por correo\" href='mailto:?subject=Mineduc%20y%20Minsal%20dan%20a%20conocer%20nuevas%20orientaciones%20sanitarias%20para%20el%20reencuentro%20de%20las%20comunidades%20educativas&#038;body=https:\/\/radiorevelacionfm.cl\/?p=14896' aria-hidden='false' data-av_icon='\ue805' data-av_iconfont='entypo-fontello' title='' data-avia-related-tooltip='Compartir por correo'><span class='avia_hidden_link_text'>Compartir por correo<\/span><\/a><\/li><\/ul><\/div><\/div>\n<div  style='height:50px' class='hr hr-invisible   avia-builder-el-8  el_after_av_social_share  el_before_av_comments_list '><span class='hr-inner ' ><span class='hr-inner-style'><\/span><\/span><\/div>\n<div  class='av-buildercomment  av-blog-meta-html-info-disabled av-blog-meta-tag-disabled  '><\/div>\n","protected":false},"excerpt":{"rendered":"","protected":false},"author":1,"featured_media":14897,"comment_status":"open","ping_status":"open","sticky":false,"template":"","format":"standard","meta":{"footnotes":""},"categories":[61],"tags":[],"class_list":["post-14896","post","type-post","status-publish","format-standard","has-post-thumbnail","hentry","category-nacional"],"jetpack_featured_media_url":"https:\/\/radiorevelacionfm.cl\/wp-content\/uploads\/2022\/03\/mineduc-minsal-1_optimized.jpeg","_links":{"self":[{"href":"https:\/\/radiorevelacionfm.cl\/index.php?rest_route=\/wp\/v2\/posts\/14896","targetHints":{"allow":["GET"]}}],"collection":[{"href":"https:\/\/radiorevelacionfm.cl\/index.php?rest_route=\/wp\/v2\/posts"}],"about":[{"href":"https:\/\/radiorevelacionfm.cl\/index.php?rest_route=\/wp\/v2\/types\/post"}],"author":[{"embeddable":true,"href":"https:\/\/radiorevelacionfm.cl\/index.php?rest_route=\/wp\/v2\/users\/1"}],"replies":[{"embeddable":true,"href":"https:\/\/radiorevelacionfm.cl\/index.php?rest_route=%2Fwp%2Fv2%2Fcomments&post=14896"}],"version-history":[{"count":2,"href":"https:\/\/radiorevelacionfm.cl\/index.php?rest_route=\/wp\/v2\/posts\/14896\/revisions"}],"predecessor-version":[{"id":14931,"href":"https:\/\/radiorevelacionfm.cl\/index.php?rest_route=\/wp\/v2\/posts\/14896\/revisions\/14931"}],"wp:featuredmedia":[{"embeddable":true,"href":"https:\/\/radiorevelacionfm.cl\/index.php?rest_route=\/wp\/v2\/media\/14897"}],"wp:attachment":[{"href":"https:\/\/radiorevelacionfm.cl\/index.php?rest_route=%2Fwp%2Fv2%2Fmedia&parent=14896"}],"wp:term":[{"taxonomy":"category","embeddable":true,"href":"https:\/\/radiorevelacionfm.cl\/index.php?rest_route=%2Fwp%2Fv2%2Fcategories&post=14896"},{"taxonomy":"post_tag","embeddable":true,"href":"https:\/\/radiorevelacionfm.cl\/index.php?rest_route=%2Fwp%2Fv2%2Ftags&post=14896"}],"curies":[{"name":"wp","href":"https:\/\/api.w.org\/{rel}","templated":true}]}}