{"id":14884,"date":"2022-03-22T12:43:07","date_gmt":"2022-03-22T15:43:07","guid":{"rendered":"https:\/\/radiorevelacionfm.cl\/?p=14884"},"modified":"2022-03-22T12:43:07","modified_gmt":"2022-03-22T15:43:07","slug":"realizan-lanzamiento-del-convenio-entre-senadis-y-fundacion-integra-para-la-inclusion-educativa","status":"publish","type":"post","link":"https:\/\/radiorevelacionfm.cl\/?p=14884","title":{"rendered":"Realizan lanzamiento del Convenio entre Senadis y Fundaci\u00f3n Integra para la inclusi\u00f3n educativa"},"content":{"rendered":"<div class=\"flex_column av_one_full  flex_column_div av-zero-column-padding first  avia-builder-el-0  el_before_av_one_full  avia-builder-el-first  \" style='border-radius:0px; '><div  class='avia-image-container  av-styling-    avia-builder-el-1  avia-builder-el-no-sibling  avia-align-center '  itemprop=\"image\" itemscope=\"itemscope\" itemtype=\"https:\/\/schema.org\/ImageObject\"  ><div class='avia-image-container-inner'><div class='avia-image-overlay-wrap'><img decoding=\"async\" class='wp-image-14885 avia-img-lazy-loading-not-14885 avia_image' src=\"https:\/\/radiorevelacionfm.cl\/wp-content\/uploads\/2022\/03\/IMG_4205-min-1-1.jpg\" alt='' title='IMG_4205-min (1) (1)' height=\"600\" width=\"900\"  itemprop=\"thumbnailUrl\" srcset=\"https:\/\/radiorevelacionfm.cl\/wp-content\/uploads\/2022\/03\/IMG_4205-min-1-1.jpg 900w, https:\/\/radiorevelacionfm.cl\/wp-content\/uploads\/2022\/03\/IMG_4205-min-1-1-300x200.jpg 300w, https:\/\/radiorevelacionfm.cl\/wp-content\/uploads\/2022\/03\/IMG_4205-min-1-1-768x512.jpg 768w, https:\/\/radiorevelacionfm.cl\/wp-content\/uploads\/2022\/03\/IMG_4205-min-1-1-705x470.jpg 705w, https:\/\/radiorevelacionfm.cl\/wp-content\/uploads\/2022\/03\/IMG_4205-min-1-1-600x400.jpg 600w\" sizes=\"(max-width: 900px) 100vw, 900px\" \/><\/div><\/div><\/div><\/div><div class=\"flex_column av_one_full  flex_column_div av-zero-column-padding first  avia-builder-el-2  el_after_av_one_full  el_before_av_one_full  column-top-margin\" style='border-radius:0px; '><section class=\"av_textblock_section \"  itemscope=\"itemscope\" itemtype=\"https:\/\/schema.org\/BlogPosting\" itemprop=\"blogPost\" ><div class='avia_textblock  '   itemprop=\"text\" ><p style=\"text-align: center;\"><span style=\"font-size: 18pt;\"><b>Realizan lanzamiento del Convenio entre Senadis y Fundaci\u00f3n Integra para la inclusi\u00f3n educativa<\/b><\/span><\/p>\n<div id=\"gtx-trans\" style=\"position: absolute; left: -50px; top: 4.31534px;\">\n<div class=\"gtx-trans-icon\"><\/div>\n<\/div>\n<\/div><\/section><\/div><div class=\"flex_column av_one_full  flex_column_div av-zero-column-padding first  avia-builder-el-4  el_after_av_one_full  el_before_av_hr  column-top-margin\" style='border-radius:0px; '><section class=\"av_textblock_section \"  itemscope=\"itemscope\" itemtype=\"https:\/\/schema.org\/BlogPosting\" itemprop=\"blogPost\" ><div class='avia_textblock  '   itemprop=\"text\" ><p style=\"text-align: justify;\">En dependencias del Jard\u00edn Infantil \u201cBambi\u201d de Puerto Ib\u00e1\u00f1ez se realiz\u00f3 el lanzamiento oficial del Programa de Atenci\u00f3n Temprana (PAT), convenio entre el Servicio Nacional de la Discapacidad (Senadis) y Fundaci\u00f3n Integra para el a\u00f1o 2022 y cuyo objetivo es reducir las barreras de inclusi\u00f3n social y educativa de ni\u00f1os y ni\u00f1as de 0 a 6 a\u00f1os con discapacidad y\/o rezago del desarrollo que asisten a los establecimientos de Fundaci\u00f3n Integra de la regi\u00f3n.<\/p>\n<p style=\"text-align: justify;\">Ver\u00f3nica C\u00e1rcamo Galaz, jefa territorial de calidad educativa de Fundaci\u00f3n Integra en la regi\u00f3n de Ays\u00e9n destac\u00f3 que \u201ces una buena iniciativa para fortalecer y favorecer las herramientas en los equipos educativos en pos de la inclusi\u00f3n educativa desde la primera infancia y en la que podemos gestionar todo el desarrollo integral de los ni\u00f1os y las ni\u00f1as\u201d A la vez destac\u00f3 que \u201ces una gran apuesta poder contar con un servicio de apoyo a la inclusi\u00f3n porque van a impactar directamente en la educaci\u00f3n de nuestros p\u00e1rvulos\u201d.<b><\/b><\/p>\n<p style=\"text-align: justify;\">Dicho Programa propone, a trav\u00e9s de procesos de formaci\u00f3n y apoyo, incorporar de forma gradual el modelo de educaci\u00f3n inclusiva en contextos de Educaci\u00f3n Parvularia, con el objetivo de reducir barreras y promover la participaci\u00f3n, el aprendizaje y el juego de ni\u00f1os y ni\u00f1as, incorporando el desarrollo de acciones para los diferentes agentes involucrados en el proceso educativo.<\/p>\n<p style=\"text-align: justify;\">Por su parte, la directora regional de Senadis, Karina Riquelme destac\u00f3 que \u201cla idea es poder dejar instalada capacidades para poder pesquisar, trabajar y abordar desde las familias y desde lo social, todo lo que es necesario para que el ni\u00f1o(a) pueda revertir estas condiciones y tambi\u00e9n en poder acortar brechas tanto en el ni\u00f1o, como en su familia, en el jard\u00edn y en la comunidad en la que est\u00e1 inserta\u201d.<\/p>\n<p style=\"text-align: justify;\"><b>\u00a0<\/b>El equipo a cargo de este Programa ser\u00e1 una triada de profesionales conformada Juana Vargas, Psicopedagoga para el \u00e1rea de Educaci\u00f3n; Marcelo Torres, Trabajador Social, a cargo del \u00e1rea Social y Luis Sandoval, Kinesi\u00f3logo, a cargo \u00e1rea Salud, quienes desarrollar\u00e1n labores tales como: Apoyo educativo inclusivo para los equipos educativos de atenci\u00f3n directa de ni\u00f1os y ni\u00f1as en contextos regulares de educaci\u00f3n; fortalecimiento de competencias inclusivas a equipos educativos de los centros en convenio; coordinaci\u00f3n y desarrollo de acciones intersectoriales y fortalecimiento y apoyo a las familias.<\/p>\n<p style=\"text-align: justify;\">Ignacio Carrasco Moreno, administrador municipal de R\u00edo Ib\u00e1\u00f1ez en el lanzamiento destac\u00f3 que \u201ceste tipo de convenio nos ayuda a detectar estos problemas en la Primera Infancia, ya que dejan herramientas instaladas en nuestra comuna para poder trabajar de manera coordinada y mejorar la inclusi\u00f3n a todo nivel\u201d. A la vez, recalc\u00f3 que \u201csiempre es mejor poner los esfuerzos en la Primera Infancia porque es ah\u00ed donde se generan las mayores diferencias, donde se pueden detectar en mejor medida y a tiempo todas estas problem\u00e1ticas que podamos tener a futuro y as\u00ed desarrollarnos como una comuna m\u00e1s inclusiva\u201d.<\/p>\n<p style=\"text-align: justify;\">Es importante destacar que ser\u00e1n 12 los jardines infantiles de Fundaci\u00f3n Integra los beneficiados con el trabajo del Programa de Atenci\u00f3n Temprana, beneficiando de manera directa o indirectamente a m\u00e1s de 530 p\u00e1rvulos de tres comunas de la regi\u00f3n.<\/p>\n<p style=\"text-align: justify;\">Finalmente, cabe destacar que para este hito de lanzamiento del convenio entre ambas instituciones el equipo de profesionales a cargo de este Programa present\u00f3 una Cabina Sensorial la que tuvo como objetivo poder sensibilizar respecto de la importancia en la organizaci\u00f3n de los est\u00edmulos en la infancia, poniendo \u00e9nfasis en c\u00f3mo estos se convierten en agentes obstaculizadores en del desarrollo integral de ni\u00f1os y ni\u00f1as con trastorno del espectro autista.<\/p>\n<\/div><\/section><\/div><div  style='height:50px' class='hr hr-invisible   avia-builder-el-6  el_after_av_one_full  el_before_av_social_share '><span class='hr-inner ' ><span class='hr-inner-style'><\/span><\/span><\/div><\/p>\n<div  class='av-social-sharing-box  avia-builder-el-7  el_after_av_hr  el_before_av_hr  '><div class='av-share-box'><h5 class='av-share-link-description av-no-toc '>Compartir esta noticia<\/h5><ul class='av-share-box-list noLightbox'><li class='av-share-link av-social-link-facebook' ><a target=\"_blank\" aria-label=\"Compartir en Facebook\" href='https:\/\/www.facebook.com\/sharer.php?u=https:\/\/radiorevelacionfm.cl\/?p=14884&#038;t=Realizan%20lanzamiento%20del%20Convenio%20entre%20Senadis%20y%20Fundaci%C3%B3n%20Integra%20para%20la%20inclusi%C3%B3n%20educativa' aria-hidden='false' data-av_icon='\ue8f3' data-av_iconfont='entypo-fontello' title='' data-avia-related-tooltip='Compartir en Facebook' rel=\"noopener\"><span class='avia_hidden_link_text'>Compartir en Facebook<\/span><\/a><\/li><li class='av-share-link av-social-link-twitter' ><a target=\"_blank\" aria-label=\"Compartir en Twitter\" href='https:\/\/twitter.com\/share?text=Realizan%20lanzamiento%20del%20Convenio%20entre%20Senadis%20y%20Fundaci%C3%B3n%20Integra%20para%20la%20inclusi%C3%B3n%20educativa&#038;url=https:\/\/radiorevelacionfm.cl\/?p=14884' aria-hidden='false' data-av_icon='\ue8f1' data-av_iconfont='entypo-fontello' title='' data-avia-related-tooltip='Compartir en Twitter' rel=\"noopener\"><span class='avia_hidden_link_text'>Compartir en Twitter<\/span><\/a><\/li><li class='av-share-link av-social-link-whatsapp' ><a target=\"_blank\" aria-label=\"Compartir en Whatsapp\" href='https:\/\/api.whatsapp.com\/send?text=https:\/\/radiorevelacionfm.cl\/?p=14884' aria-hidden='false' data-av_icon='\uf232' data-av_iconfont='entypo-fontello' title='' data-avia-related-tooltip='Compartir en Whatsapp' rel=\"noopener\"><span class='avia_hidden_link_text'>Compartir en Whatsapp<\/span><\/a><\/li><li class='av-share-link av-social-link-linkedin' ><a target=\"_blank\" aria-label=\"Compartir en LinkedIn\" href='https:\/\/linkedin.com\/shareArticle?mini=true&#038;title=Realizan%20lanzamiento%20del%20Convenio%20entre%20Senadis%20y%20Fundaci%C3%B3n%20Integra%20para%20la%20inclusi%C3%B3n%20educativa&#038;url=https:\/\/radiorevelacionfm.cl\/?p=14884' aria-hidden='false' data-av_icon='\ue8fc' data-av_iconfont='entypo-fontello' title='' data-avia-related-tooltip='Compartir en LinkedIn' rel=\"noopener\"><span class='avia_hidden_link_text'>Compartir en LinkedIn<\/span><\/a><\/li><li class='av-share-link av-social-link-mail' ><a  aria-label=\"Compartir por correo\" href='mailto:?subject=Realizan%20lanzamiento%20del%20Convenio%20entre%20Senadis%20y%20Fundaci%C3%B3n%20Integra%20para%20la%20inclusi%C3%B3n%20educativa&#038;body=https:\/\/radiorevelacionfm.cl\/?p=14884' aria-hidden='false' data-av_icon='\ue805' data-av_iconfont='entypo-fontello' title='' data-avia-related-tooltip='Compartir por correo'><span class='avia_hidden_link_text'>Compartir por correo<\/span><\/a><\/li><\/ul><\/div><\/div>\n<div  style='height:50px' class='hr hr-invisible   avia-builder-el-8  el_after_av_social_share  el_before_av_comments_list '><span class='hr-inner ' ><span class='hr-inner-style'><\/span><\/span><\/div>\n<div  class='av-buildercomment  av-blog-meta-html-info-disabled av-blog-meta-tag-disabled  '><\/div>\n","protected":false},"excerpt":{"rendered":"","protected":false},"author":1,"featured_media":14885,"comment_status":"open","ping_status":"open","sticky":false,"template":"","format":"standard","meta":{"footnotes":""},"categories":[49],"tags":[],"class_list":["post-14884","post","type-post","status-publish","format-standard","has-post-thumbnail","hentry","category-educacion"],"jetpack_featured_media_url":"https:\/\/radiorevelacionfm.cl\/wp-content\/uploads\/2022\/03\/IMG_4205-min-1-1.jpg","_links":{"self":[{"href":"https:\/\/radiorevelacionfm.cl\/index.php?rest_route=\/wp\/v2\/posts\/14884","targetHints":{"allow":["GET"]}}],"collection":[{"href":"https:\/\/radiorevelacionfm.cl\/index.php?rest_route=\/wp\/v2\/posts"}],"about":[{"href":"https:\/\/radiorevelacionfm.cl\/index.php?rest_route=\/wp\/v2\/types\/post"}],"author":[{"embeddable":true,"href":"https:\/\/radiorevelacionfm.cl\/index.php?rest_route=\/wp\/v2\/users\/1"}],"replies":[{"embeddable":true,"href":"https:\/\/radiorevelacionfm.cl\/index.php?rest_route=%2Fwp%2Fv2%2Fcomments&post=14884"}],"version-history":[{"count":2,"href":"https:\/\/radiorevelacionfm.cl\/index.php?rest_route=\/wp\/v2\/posts\/14884\/revisions"}],"predecessor-version":[{"id":14900,"href":"https:\/\/radiorevelacionfm.cl\/index.php?rest_route=\/wp\/v2\/posts\/14884\/revisions\/14900"}],"wp:featuredmedia":[{"embeddable":true,"href":"https:\/\/radiorevelacionfm.cl\/index.php?rest_route=\/wp\/v2\/media\/14885"}],"wp:attachment":[{"href":"https:\/\/radiorevelacionfm.cl\/index.php?rest_route=%2Fwp%2Fv2%2Fmedia&parent=14884"}],"wp:term":[{"taxonomy":"category","embeddable":true,"href":"https:\/\/radiorevelacionfm.cl\/index.php?rest_route=%2Fwp%2Fv2%2Fcategories&post=14884"},{"taxonomy":"post_tag","embeddable":true,"href":"https:\/\/radiorevelacionfm.cl\/index.php?rest_route=%2Fwp%2Fv2%2Ftags&post=14884"}],"curies":[{"name":"wp","href":"https:\/\/api.w.org\/{rel}","templated":true}]}}