{"id":14876,"date":"2022-03-22T09:46:11","date_gmt":"2022-03-22T12:46:11","guid":{"rendered":"https:\/\/radiorevelacionfm.cl\/?p=14876"},"modified":"2022-03-22T09:46:11","modified_gmt":"2022-03-22T12:46:11","slug":"material-didactico-y-formacion-de-guias-locales-contempla-proyecto-cultural-en-puerto-raul-marin-balmaceda","status":"publish","type":"post","link":"https:\/\/radiorevelacionfm.cl\/?p=14876","title":{"rendered":"Material did\u00e1ctico y formaci\u00f3n de gu\u00edas locales contempla proyecto cultural en Puerto Ra\u00fal Mar\u00edn Balmaceda"},"content":{"rendered":"<div class=\"flex_column av_one_full  flex_column_div av-zero-column-padding first  avia-builder-el-0  el_before_av_one_full  avia-builder-el-first  \" style='border-radius:0px; '><div  class='avia-image-container  av-styling-    avia-builder-el-1  avia-builder-el-no-sibling  avia-align-center '  itemprop=\"image\" itemscope=\"itemscope\" itemtype=\"https:\/\/schema.org\/ImageObject\"  ><div class='avia-image-container-inner'><div class='avia-image-overlay-wrap'><img decoding=\"async\" class='wp-image-14878 avia-img-lazy-loading-not-14878 avia_image' src=\"https:\/\/radiorevelacionfm.cl\/wp-content\/uploads\/2022\/03\/Taller-2-1-1.jpg\" alt='' title='Taller 2 (1) (1)' height=\"600\" width=\"1080\"  itemprop=\"thumbnailUrl\" srcset=\"https:\/\/radiorevelacionfm.cl\/wp-content\/uploads\/2022\/03\/Taller-2-1-1.jpg 1080w, https:\/\/radiorevelacionfm.cl\/wp-content\/uploads\/2022\/03\/Taller-2-1-1-300x167.jpg 300w, https:\/\/radiorevelacionfm.cl\/wp-content\/uploads\/2022\/03\/Taller-2-1-1-1030x572.jpg 1030w, https:\/\/radiorevelacionfm.cl\/wp-content\/uploads\/2022\/03\/Taller-2-1-1-768x427.jpg 768w, https:\/\/radiorevelacionfm.cl\/wp-content\/uploads\/2022\/03\/Taller-2-1-1-705x392.jpg 705w, https:\/\/radiorevelacionfm.cl\/wp-content\/uploads\/2022\/03\/Taller-2-1-1-600x333.jpg 600w\" sizes=\"(max-width: 1080px) 100vw, 1080px\" \/><\/div><\/div><\/div><\/div><div class=\"flex_column av_one_full  flex_column_div av-zero-column-padding first  avia-builder-el-2  el_after_av_one_full  el_before_av_one_full  column-top-margin\" style='border-radius:0px; '><section class=\"av_textblock_section \"  itemscope=\"itemscope\" itemtype=\"https:\/\/schema.org\/BlogPosting\" itemprop=\"blogPost\" ><div class='avia_textblock  '   itemprop=\"text\" ><p style=\"text-align: center;\"><strong><span style=\"font-size: 18pt;\">Material did\u00e1ctico y formaci\u00f3n de gu\u00edas locales contempla proyecto cultural en Puerto Ra\u00fal Mar\u00edn Balmaceda<\/span><\/strong><\/p>\n<div id=\"gtx-trans\" style=\"position: absolute; left: -50px; top: 4.31534px;\">\n<div class=\"gtx-trans-icon\"><\/div>\n<\/div>\n<\/div><\/section><\/div><div class=\"flex_column av_one_full  flex_column_div av-zero-column-padding first  avia-builder-el-4  el_after_av_one_full  el_before_av_hr  column-top-margin\" style='border-radius:0px; '><section class=\"av_textblock_section \"  itemscope=\"itemscope\" itemtype=\"https:\/\/schema.org\/BlogPosting\" itemprop=\"blogPost\" ><div class='avia_textblock  '   itemprop=\"text\" ><p style=\"text-align: justify;\">Gracias al financiamiento del Fondo del Patrimonio convocatoria 2020, se est\u00e1 ejecutando este valioso proyecto que pone en valor el Patrimonio cultural de esta localidad costera, con la participaci\u00f3n de sus habitantes.<\/p>\n<p style=\"text-align: justify;\">\u201cOtorgarle continuidad a la construcci\u00f3n arquitect\u00f3nica de nuestra Ruta Patrimonial, es lo que buscamos por medio de este proyecto. Esperamos con ello fortalecer el conocimiento, comprensi\u00f3n y valoraci\u00f3n de este patrimonio local, a trav\u00e9s de una estrategia socioeducativa con vinculaci\u00f3n a las artes visuales y al mundo digital\u201d, se\u00f1al\u00f3 la soci\u00f3loga, gestora cultural y habitante de la localidad, Nathalie Brito Vergara quien lidera la iniciativa.<\/p>\n<p style=\"text-align: justify;\">Por su parte el director Regional de Patrimonio Cultural, Jos\u00e9 Mansilla expres\u00f3. \u201cPrimero que todo se felicita el estado de avance del proyecto \u201cEducaci\u00f3n Patrimonial en Puerto Ra\u00fal Mar\u00edn Balmaceda\u201d, en especial porque lo que aqu\u00ed se propone es dise\u00f1ar y difundir material did\u00e1ctico con participaci\u00f3n de la comunidad, poniendo en manifiesto una ruta patrimonial. Aqu\u00ed se busca relevar los principales atractivos de esta zona, como el volc\u00e1n Melimoyu, un sendero en el bosque nativo, la zona mar\u00edtima y por supuesto algunas labores productivas de la zona como la pesca artesanal, el madereo y la agricultura. El sentido patrimonial de esta comunidad est\u00e1 asociado al quehacer de los hombres y mujeres que la habitan y por supuesto tambi\u00e9n asociado al entorno natural que rodea a esa comunidad, de manera que cuando se hace difusi\u00f3n se busca comunicar y hacer parte a la comunidad\u201d.<\/p>\n<p style=\"text-align: justify;\">\u201cA trav\u00e9s de jornadas participativas junto a la comunidad y sus organizadores se han validado, profundizado y caracterizado los once puntos que consolidan la ruta. A partir de lo recabado en estas jornadas se est\u00e1 confeccionando el material did\u00e1ctico el cual ser\u00e1 entregado en las siguientes etapas de capacitaci\u00f3n a operadores tur\u00edsticos locales y socializaci\u00f3n de la ruta con la comunidad en general\u201d, destac\u00f3 Nathalie Brito.<\/p>\n<p style=\"text-align: justify;\">El equipo de esta iniciativa est\u00e1 integrado por Nathalie Brito investigadora responsable del proyecto, Alejandra Gonz\u00e1lez, ilustradora, Dinelly Soto, periodista y Silvana ceves, comunicadora audiovisual. Para m\u00e1s informaci\u00f3n del proyecto pueden visitar el siguiente link <a href=\"https:\/\/www.youtube.com\/watch?v=CgTkY2KihxM\">https:\/\/www.youtube.com\/watch?v=CgTkY2KihxM<\/a><\/p>\n<\/div><\/section><\/div><div  style='height:50px' class='hr hr-invisible   avia-builder-el-6  el_after_av_one_full  el_before_av_social_share '><span class='hr-inner ' ><span class='hr-inner-style'><\/span><\/span><\/div><\/p>\n<div  class='av-social-sharing-box  avia-builder-el-7  el_after_av_hr  el_before_av_hr  '><div class='av-share-box'><h5 class='av-share-link-description av-no-toc '>Compartir esta noticia<\/h5><ul class='av-share-box-list noLightbox'><li class='av-share-link av-social-link-facebook' ><a target=\"_blank\" aria-label=\"Compartir en Facebook\" href='https:\/\/www.facebook.com\/sharer.php?u=https:\/\/radiorevelacionfm.cl\/?p=14876&#038;t=Material%20did%C3%A1ctico%20y%20formaci%C3%B3n%20de%20gu%C3%ADas%20locales%20contempla%20proyecto%20cultural%20en%20Puerto%20Ra%C3%BAl%20Mar%C3%ADn%20Balmaceda' aria-hidden='false' data-av_icon='\ue8f3' data-av_iconfont='entypo-fontello' title='' data-avia-related-tooltip='Compartir en Facebook' rel=\"noopener\"><span class='avia_hidden_link_text'>Compartir en Facebook<\/span><\/a><\/li><li class='av-share-link av-social-link-twitter' ><a target=\"_blank\" aria-label=\"Compartir en Twitter\" href='https:\/\/twitter.com\/share?text=Material%20did%C3%A1ctico%20y%20formaci%C3%B3n%20de%20gu%C3%ADas%20locales%20contempla%20proyecto%20cultural%20en%20Puerto%20Ra%C3%BAl%20Mar%C3%ADn%20Balmaceda&#038;url=https:\/\/radiorevelacionfm.cl\/?p=14876' aria-hidden='false' data-av_icon='\ue8f1' data-av_iconfont='entypo-fontello' title='' data-avia-related-tooltip='Compartir en Twitter' rel=\"noopener\"><span class='avia_hidden_link_text'>Compartir en Twitter<\/span><\/a><\/li><li class='av-share-link av-social-link-whatsapp' ><a target=\"_blank\" aria-label=\"Compartir en Whatsapp\" href='https:\/\/api.whatsapp.com\/send?text=https:\/\/radiorevelacionfm.cl\/?p=14876' aria-hidden='false' data-av_icon='\uf232' data-av_iconfont='entypo-fontello' title='' data-avia-related-tooltip='Compartir en Whatsapp' rel=\"noopener\"><span class='avia_hidden_link_text'>Compartir en Whatsapp<\/span><\/a><\/li><li class='av-share-link av-social-link-linkedin' ><a target=\"_blank\" aria-label=\"Compartir en LinkedIn\" href='https:\/\/linkedin.com\/shareArticle?mini=true&#038;title=Material%20did%C3%A1ctico%20y%20formaci%C3%B3n%20de%20gu%C3%ADas%20locales%20contempla%20proyecto%20cultural%20en%20Puerto%20Ra%C3%BAl%20Mar%C3%ADn%20Balmaceda&#038;url=https:\/\/radiorevelacionfm.cl\/?p=14876' aria-hidden='false' data-av_icon='\ue8fc' data-av_iconfont='entypo-fontello' title='' data-avia-related-tooltip='Compartir en LinkedIn' rel=\"noopener\"><span class='avia_hidden_link_text'>Compartir en LinkedIn<\/span><\/a><\/li><li class='av-share-link av-social-link-mail' ><a  aria-label=\"Compartir por correo\" href='mailto:?subject=Material%20did%C3%A1ctico%20y%20formaci%C3%B3n%20de%20gu%C3%ADas%20locales%20contempla%20proyecto%20cultural%20en%20Puerto%20Ra%C3%BAl%20Mar%C3%ADn%20Balmaceda&#038;body=https:\/\/radiorevelacionfm.cl\/?p=14876' aria-hidden='false' data-av_icon='\ue805' data-av_iconfont='entypo-fontello' title='' data-avia-related-tooltip='Compartir por correo'><span class='avia_hidden_link_text'>Compartir por correo<\/span><\/a><\/li><\/ul><\/div><\/div>\n<div  style='height:50px' class='hr hr-invisible   avia-builder-el-8  el_after_av_social_share  el_before_av_comments_list '><span class='hr-inner ' ><span class='hr-inner-style'><\/span><\/span><\/div>\n<div  class='av-buildercomment  av-blog-meta-html-info-disabled av-blog-meta-tag-disabled  '><\/div>\n","protected":false},"excerpt":{"rendered":"","protected":false},"author":1,"featured_media":14878,"comment_status":"open","ping_status":"open","sticky":false,"template":"","format":"standard","meta":{"footnotes":""},"categories":[38],"tags":[],"class_list":["post-14876","post","type-post","status-publish","format-standard","has-post-thumbnail","hentry","category-regional"],"jetpack_featured_media_url":"https:\/\/radiorevelacionfm.cl\/wp-content\/uploads\/2022\/03\/Taller-2-1-1.jpg","_links":{"self":[{"href":"https:\/\/radiorevelacionfm.cl\/index.php?rest_route=\/wp\/v2\/posts\/14876","targetHints":{"allow":["GET"]}}],"collection":[{"href":"https:\/\/radiorevelacionfm.cl\/index.php?rest_route=\/wp\/v2\/posts"}],"about":[{"href":"https:\/\/radiorevelacionfm.cl\/index.php?rest_route=\/wp\/v2\/types\/post"}],"author":[{"embeddable":true,"href":"https:\/\/radiorevelacionfm.cl\/index.php?rest_route=\/wp\/v2\/users\/1"}],"replies":[{"embeddable":true,"href":"https:\/\/radiorevelacionfm.cl\/index.php?rest_route=%2Fwp%2Fv2%2Fcomments&post=14876"}],"version-history":[{"count":2,"href":"https:\/\/radiorevelacionfm.cl\/index.php?rest_route=\/wp\/v2\/posts\/14876\/revisions"}],"predecessor-version":[{"id":14880,"href":"https:\/\/radiorevelacionfm.cl\/index.php?rest_route=\/wp\/v2\/posts\/14876\/revisions\/14880"}],"wp:featuredmedia":[{"embeddable":true,"href":"https:\/\/radiorevelacionfm.cl\/index.php?rest_route=\/wp\/v2\/media\/14878"}],"wp:attachment":[{"href":"https:\/\/radiorevelacionfm.cl\/index.php?rest_route=%2Fwp%2Fv2%2Fmedia&parent=14876"}],"wp:term":[{"taxonomy":"category","embeddable":true,"href":"https:\/\/radiorevelacionfm.cl\/index.php?rest_route=%2Fwp%2Fv2%2Fcategories&post=14876"},{"taxonomy":"post_tag","embeddable":true,"href":"https:\/\/radiorevelacionfm.cl\/index.php?rest_route=%2Fwp%2Fv2%2Ftags&post=14876"}],"curies":[{"name":"wp","href":"https:\/\/api.w.org\/{rel}","templated":true}]}}