{"id":14871,"date":"2022-03-22T09:23:29","date_gmt":"2022-03-22T12:23:29","guid":{"rendered":"https:\/\/radiorevelacionfm.cl\/?p=14871"},"modified":"2022-03-22T09:23:29","modified_gmt":"2022-03-22T12:23:29","slug":"inauguran-infraestructura-comunitaria-en-ribera-sur-costanera-tras-labor-del-programa-quiero-mi-barrio-en-aysen","status":"publish","type":"post","link":"https:\/\/radiorevelacionfm.cl\/?p=14871","title":{"rendered":"Inauguran infraestructura comunitaria en Ribera Sur Costanera tras labor del Programa Quiero Mi Barrio en Ays\u00e9n"},"content":{"rendered":"<div class=\"flex_column av_one_full  flex_column_div av-zero-column-padding first  avia-builder-el-0  el_before_av_one_full  avia-builder-el-first  \" style='border-radius:0px; '><div  class='avia-image-container  av-styling-    avia-builder-el-1  avia-builder-el-no-sibling  avia-align-center '  itemprop=\"image\" itemscope=\"itemscope\" itemtype=\"https:\/\/schema.org\/ImageObject\"  ><div class='avia-image-container-inner'><div class='avia-image-overlay-wrap'><img decoding=\"async\" class='wp-image-14873 avia-img-lazy-loading-not-14873 avia_image' src=\"https:\/\/radiorevelacionfm.cl\/wp-content\/uploads\/2022\/03\/SMU-RBC-2-1.jpg\" alt='' title='SMU-RBC (2) (1)' height=\"600\" width=\"1006\"  itemprop=\"thumbnailUrl\" srcset=\"https:\/\/radiorevelacionfm.cl\/wp-content\/uploads\/2022\/03\/SMU-RBC-2-1.jpg 1006w, https:\/\/radiorevelacionfm.cl\/wp-content\/uploads\/2022\/03\/SMU-RBC-2-1-300x179.jpg 300w, https:\/\/radiorevelacionfm.cl\/wp-content\/uploads\/2022\/03\/SMU-RBC-2-1-768x458.jpg 768w, https:\/\/radiorevelacionfm.cl\/wp-content\/uploads\/2022\/03\/SMU-RBC-2-1-705x420.jpg 705w, https:\/\/radiorevelacionfm.cl\/wp-content\/uploads\/2022\/03\/SMU-RBC-2-1-600x358.jpg 600w\" sizes=\"(max-width: 1006px) 100vw, 1006px\" \/><\/div><\/div><\/div><\/div><div class=\"flex_column av_one_full  flex_column_div av-zero-column-padding first  avia-builder-el-2  el_after_av_one_full  el_before_av_one_full  column-top-margin\" style='border-radius:0px; '><section class=\"av_textblock_section \"  itemscope=\"itemscope\" itemtype=\"https:\/\/schema.org\/BlogPosting\" itemprop=\"blogPost\" ><div class='avia_textblock  '   itemprop=\"text\" ><p style=\"text-align: center;\"><strong><span style=\"font-size: 18pt;\">Inauguran infraestructura comunitaria en Ribera Sur Costanera tras labor del Programa Quiero Mi Barrio en Ays\u00e9n<\/span><\/strong><\/p>\n<div id=\"gtx-trans\" style=\"position: absolute; left: -50px; top: 4.31534px;\">\n<div class=\"gtx-trans-icon\"><\/div>\n<\/div>\n<\/div><\/section><\/div><div class=\"flex_column av_one_full  flex_column_div av-zero-column-padding first  avia-builder-el-4  el_after_av_one_full  el_before_av_hr  column-top-margin\" style='border-radius:0px; '><section class=\"av_textblock_section \"  itemscope=\"itemscope\" itemtype=\"https:\/\/schema.org\/BlogPosting\" itemprop=\"blogPost\" ><div class='avia_textblock  '   itemprop=\"text\" ><p style=\"text-align: justify;\">Con una inversi\u00f3n cercana a los 160 millones de pesos y tras meses de ejecuci\u00f3n con procesos de participaci\u00f3n vecinal se procedi\u00f3 a inaugurar una de las obras contempladas en el Plan de Gesti\u00f3n de Obras (PGO) del Barrio Ribera Sur Costanera. Esto gracias al programa del Ministerio de Vivienda y Urbanismo que lleva adelante la Ilustre Municipalidad de Ays\u00e9n, Quiero Mi Barrio. Cabe destacar que la reciente infraestructura entregada a la comunidad \u201cSala de Uso M\u00faltiple\u201d ser\u00e1 complementada al costado con una multicancha que ya posee un financiamiento asignado de 180 millones de pesos.<\/p>\n<p style=\"text-align: justify;\">Al respecto, el alcalde de Ays\u00e9n, Julio Uribe Alvarado destac\u00f3 su alegr\u00eda por esta iniciativa y por el trabajo participativo que esto implic\u00f3 junto a los vecinos y los profesionales del municipio, \u201ccreo que ha dado resultados maravilloso en toda nuestra comuna, recordar que este mismo programa est\u00e1 en diferentes poblaciones as\u00ed como en Villa Ma\u00f1ihaules y estas obras van quedando para los vecinos y la idea del municipio es poder darles vida, traer cursos, traer capacitaciones y eso es lo que nos llena de satisfacci\u00f3n que la motivaci\u00f3n est\u00e1 y los profesionales del municipio tambi\u00e9n, la disposici\u00f3n que tienen a estar apoyando toda estas iniciativas y que est\u00e1n dando los resultados magn\u00edficos\u201d.<\/p>\n<p style=\"text-align: justify;\">En tanto, el Seremi de Vivienda y Urbanismo (s) Nelson Quinteros, agradeci\u00f3 el trabajo efectuado por el equipo del Quiero Mi Barrio en el pol\u00edgono en intervenci\u00f3n enfatizando lo necesario de estos espacios post pandemia para que la gente pueda reunirse. \u201cEsta sala con su espacio inclusivo, con la participaci\u00f3n ciudadana es de lo m\u00e1s bonito y lo mejor terminado que me ha tocado ver, siendo justo, cada vez tenemos m\u00e1s presupuesto y hemos aprendido tambi\u00e9n a hacer las cosas mejor. Estamos muy orgullosos de ser parte de esto y como Minvu, que financiamos estas materias, muy contento por el trabajo que realizaron todos los entes, equipo barrio, el municipio y la direcci\u00f3n de Obras que t\u00e9cnicamente nos apoy\u00f3 mucho\u201d.<\/p>\n<p style=\"text-align: justify;\">Juan Pablo Altamirano, coordinador del Programa QMB en la comuna de Ays\u00e9n, adem\u00e1s de relatar lo acontecido acu\u00f1\u00f3 que es esta actividad de inauguraci\u00f3n cont\u00f3 con la participaci\u00f3n de los vecinos y vecinas que siempre han estado colaborando activamente en el sector. As\u00ed como tambi\u00e9n, abord\u00f3 que pr\u00f3ximamente tambi\u00e9n har\u00e1n nuevas entregas en materia de obras en los Barrios donde se ejecuta este programa. \u201cLa Sala de uso m\u00faltiple qued\u00f3 ejecutada de manera maravillosa con un contratista bastante comprometido, el dise\u00f1o tambi\u00e9n muy bonito por parte del arquitecto que estuvo a cargo aqu\u00ed, Cristian Vel\u00e1squez, as\u00ed es que todo bastante contentos. Ahora a nutrir de actividades este espacio para darle vida y continuidad con nuestra gente de Puerto Ays\u00e9n\u201d, indic\u00f3 Altamirano.<\/p>\n<p style=\"text-align: justify;\">Finalmente, la presidenta del Consejo Vecinal de Desarrollo, Yolanda Alvarado explico su alegr\u00eda y conformidad por la labor efectuada \u201cla empresa tambi\u00e9n se merece los elogios del barrio porque realmente muy bueno. La verdad es que cuando llegamos ac\u00e1 vimos una cosita tan chiquitita que se estaba armando que no me imagin\u00e9 que era una obra tan maravillosa con todos los del programa, Juan Pablo (Altamirano), Javiera (Becerra) y Cristian (Vel\u00e1squez), son personas muy gratas para trabajar. Yo creo que va de la mano con el personal y la misma gente del barrio en que uno trabaje a gusto y vamos a seguir hasta que termine el programa apoyando y dando lo mejor de nosotros\u201d, sentenci\u00f3 la dirigente barrial en el hito inaugural.<\/p>\n<\/div><\/section><\/div><div  style='height:50px' class='hr hr-invisible   avia-builder-el-6  el_after_av_one_full  el_before_av_social_share '><span class='hr-inner ' ><span class='hr-inner-style'><\/span><\/span><\/div><\/p>\n<div  class='av-social-sharing-box  avia-builder-el-7  el_after_av_hr  el_before_av_hr  '><div class='av-share-box'><h5 class='av-share-link-description av-no-toc '>Compartir esta noticia<\/h5><ul class='av-share-box-list noLightbox'><li class='av-share-link av-social-link-facebook' ><a target=\"_blank\" aria-label=\"Compartir en Facebook\" href='https:\/\/www.facebook.com\/sharer.php?u=https:\/\/radiorevelacionfm.cl\/?p=14871&#038;t=Inauguran%20infraestructura%20comunitaria%20en%20Ribera%20Sur%20Costanera%20tras%20labor%20del%20Programa%20Quiero%20Mi%20Barrio%20en%20Ays%C3%A9n' aria-hidden='false' data-av_icon='\ue8f3' data-av_iconfont='entypo-fontello' title='' data-avia-related-tooltip='Compartir en Facebook' rel=\"noopener\"><span class='avia_hidden_link_text'>Compartir en Facebook<\/span><\/a><\/li><li class='av-share-link av-social-link-twitter' ><a target=\"_blank\" aria-label=\"Compartir en Twitter\" href='https:\/\/twitter.com\/share?text=Inauguran%20infraestructura%20comunitaria%20en%20Ribera%20Sur%20Costanera%20tras%20labor%20del%20Programa%20Quiero%20Mi%20Barrio%20en%20Ays%C3%A9n&#038;url=https:\/\/radiorevelacionfm.cl\/?p=14871' aria-hidden='false' data-av_icon='\ue8f1' data-av_iconfont='entypo-fontello' title='' data-avia-related-tooltip='Compartir en Twitter' rel=\"noopener\"><span class='avia_hidden_link_text'>Compartir en Twitter<\/span><\/a><\/li><li class='av-share-link av-social-link-whatsapp' ><a target=\"_blank\" aria-label=\"Compartir en Whatsapp\" href='https:\/\/api.whatsapp.com\/send?text=https:\/\/radiorevelacionfm.cl\/?p=14871' aria-hidden='false' data-av_icon='\uf232' data-av_iconfont='entypo-fontello' title='' data-avia-related-tooltip='Compartir en Whatsapp' rel=\"noopener\"><span class='avia_hidden_link_text'>Compartir en Whatsapp<\/span><\/a><\/li><li class='av-share-link av-social-link-linkedin' ><a target=\"_blank\" aria-label=\"Compartir en LinkedIn\" href='https:\/\/linkedin.com\/shareArticle?mini=true&#038;title=Inauguran%20infraestructura%20comunitaria%20en%20Ribera%20Sur%20Costanera%20tras%20labor%20del%20Programa%20Quiero%20Mi%20Barrio%20en%20Ays%C3%A9n&#038;url=https:\/\/radiorevelacionfm.cl\/?p=14871' aria-hidden='false' data-av_icon='\ue8fc' data-av_iconfont='entypo-fontello' title='' data-avia-related-tooltip='Compartir en LinkedIn' rel=\"noopener\"><span class='avia_hidden_link_text'>Compartir en LinkedIn<\/span><\/a><\/li><li class='av-share-link av-social-link-mail' ><a  aria-label=\"Compartir por correo\" href='mailto:?subject=Inauguran%20infraestructura%20comunitaria%20en%20Ribera%20Sur%20Costanera%20tras%20labor%20del%20Programa%20Quiero%20Mi%20Barrio%20en%20Ays%C3%A9n&#038;body=https:\/\/radiorevelacionfm.cl\/?p=14871' aria-hidden='false' data-av_icon='\ue805' data-av_iconfont='entypo-fontello' title='' data-avia-related-tooltip='Compartir por correo'><span class='avia_hidden_link_text'>Compartir por correo<\/span><\/a><\/li><\/ul><\/div><\/div>\n<div  style='height:50px' class='hr hr-invisible   avia-builder-el-8  el_after_av_social_share  el_before_av_comments_list '><span class='hr-inner ' ><span class='hr-inner-style'><\/span><\/span><\/div>\n<div  class='av-buildercomment  av-blog-meta-html-info-disabled av-blog-meta-tag-disabled  '><\/div>\n","protected":false},"excerpt":{"rendered":"","protected":false},"author":1,"featured_media":14873,"comment_status":"open","ping_status":"open","sticky":false,"template":"","format":"standard","meta":{"footnotes":""},"categories":[38],"tags":[],"class_list":["post-14871","post","type-post","status-publish","format-standard","has-post-thumbnail","hentry","category-regional"],"jetpack_featured_media_url":"https:\/\/radiorevelacionfm.cl\/wp-content\/uploads\/2022\/03\/SMU-RBC-2-1.jpg","_links":{"self":[{"href":"https:\/\/radiorevelacionfm.cl\/index.php?rest_route=\/wp\/v2\/posts\/14871","targetHints":{"allow":["GET"]}}],"collection":[{"href":"https:\/\/radiorevelacionfm.cl\/index.php?rest_route=\/wp\/v2\/posts"}],"about":[{"href":"https:\/\/radiorevelacionfm.cl\/index.php?rest_route=\/wp\/v2\/types\/post"}],"author":[{"embeddable":true,"href":"https:\/\/radiorevelacionfm.cl\/index.php?rest_route=\/wp\/v2\/users\/1"}],"replies":[{"embeddable":true,"href":"https:\/\/radiorevelacionfm.cl\/index.php?rest_route=%2Fwp%2Fv2%2Fcomments&post=14871"}],"version-history":[{"count":2,"href":"https:\/\/radiorevelacionfm.cl\/index.php?rest_route=\/wp\/v2\/posts\/14871\/revisions"}],"predecessor-version":[{"id":14875,"href":"https:\/\/radiorevelacionfm.cl\/index.php?rest_route=\/wp\/v2\/posts\/14871\/revisions\/14875"}],"wp:featuredmedia":[{"embeddable":true,"href":"https:\/\/radiorevelacionfm.cl\/index.php?rest_route=\/wp\/v2\/media\/14873"}],"wp:attachment":[{"href":"https:\/\/radiorevelacionfm.cl\/index.php?rest_route=%2Fwp%2Fv2%2Fmedia&parent=14871"}],"wp:term":[{"taxonomy":"category","embeddable":true,"href":"https:\/\/radiorevelacionfm.cl\/index.php?rest_route=%2Fwp%2Fv2%2Fcategories&post=14871"},{"taxonomy":"post_tag","embeddable":true,"href":"https:\/\/radiorevelacionfm.cl\/index.php?rest_route=%2Fwp%2Fv2%2Ftags&post=14871"}],"curies":[{"name":"wp","href":"https:\/\/api.w.org\/{rel}","templated":true}]}}