{"id":14868,"date":"2022-03-21T19:53:29","date_gmt":"2022-03-21T22:53:29","guid":{"rendered":"https:\/\/radiorevelacionfm.cl\/?p=14868"},"modified":"2022-03-21T19:53:29","modified_gmt":"2022-03-21T22:53:29","slug":"formalizan-a-joven-de-17-anos-por-robo-con-intimidacion-en-local-comercial-de-coyhaique","status":"publish","type":"post","link":"https:\/\/radiorevelacionfm.cl\/?p=14868","title":{"rendered":"Formalizan a joven de 17 a\u00f1os por robo con intimidaci\u00f3n en local comercial de Coyhaique"},"content":{"rendered":"<div class=\"flex_column av_one_full  flex_column_div av-zero-column-padding first  avia-builder-el-0  el_before_av_one_full  avia-builder-el-first  \" style='border-radius:0px; '><div  class='avia-image-container  av-styling-    avia-builder-el-1  avia-builder-el-no-sibling  avia-align-center '  itemprop=\"image\" itemscope=\"itemscope\" itemtype=\"https:\/\/schema.org\/ImageObject\"  ><div class='avia-image-container-inner'><div class='avia-image-overlay-wrap'><img decoding=\"async\" class='wp-image-5289 avia-img-lazy-loading-not-5289 avia_image' src=\"https:\/\/radiorevelacionfm.cl\/wp-content\/uploads\/2021\/06\/pdi-archivo-1-1.jpg\" alt='' title='pdi-archivo (1) (1)' height=\"600\" width=\"904\"  itemprop=\"thumbnailUrl\" srcset=\"https:\/\/radiorevelacionfm.cl\/wp-content\/uploads\/2021\/06\/pdi-archivo-1-1.jpg 904w, https:\/\/radiorevelacionfm.cl\/wp-content\/uploads\/2021\/06\/pdi-archivo-1-1-300x199.jpg 300w, https:\/\/radiorevelacionfm.cl\/wp-content\/uploads\/2021\/06\/pdi-archivo-1-1-768x510.jpg 768w, https:\/\/radiorevelacionfm.cl\/wp-content\/uploads\/2021\/06\/pdi-archivo-1-1-705x468.jpg 705w, https:\/\/radiorevelacionfm.cl\/wp-content\/uploads\/2021\/06\/pdi-archivo-1-1-600x398.jpg 600w\" sizes=\"(max-width: 904px) 100vw, 904px\" \/><\/div><\/div><\/div><\/div><div class=\"flex_column av_one_full  flex_column_div av-zero-column-padding first  avia-builder-el-2  el_after_av_one_full  el_before_av_one_full  column-top-margin\" style='border-radius:0px; '><section class=\"av_textblock_section \"  itemscope=\"itemscope\" itemtype=\"https:\/\/schema.org\/BlogPosting\" itemprop=\"blogPost\" ><div class='avia_textblock  '   itemprop=\"text\" ><p style=\"text-align: center;\"><strong><span style=\"font-size: 18pt;\">Formalizan a joven de 17 a\u00f1os por robo con intimidaci\u00f3n en local comercial de Coyhaique<\/span><\/strong><\/p>\n<div id=\"gtx-trans\" style=\"position: absolute; left: -50px; top: 4.31534px;\">\n<div class=\"gtx-trans-icon\"><\/div>\n<\/div>\n<\/div><\/section><\/div><div class=\"flex_column av_one_full  flex_column_div av-zero-column-padding first  avia-builder-el-4  el_after_av_one_full  el_before_av_hr  column-top-margin\" style='border-radius:0px; '><section class=\"av_textblock_section \"  itemscope=\"itemscope\" itemtype=\"https:\/\/schema.org\/BlogPosting\" itemprop=\"blogPost\" ><div class='avia_textblock  '   itemprop=\"text\" ><p style=\"text-align: justify;\">Durante este fin de semana, detectives de la Brigada Investigadora de Robos (BIRO) Coyhaique de la PDI, en un trabajo coordinado con el Ministerio P\u00fablico, detuvieron en situaci\u00f3n de flagrancia a un adolescente de 17 a\u00f1os por el delito de robo con intimidaci\u00f3n, hecho ocurrido la ma\u00f1ana del domingo 20 de marzo y que afect\u00f3 a la trabajadora de un local comercial de Coyhaique. El fiscal de turno, Luis Contreras solicit\u00f3 diligencias a la Brigada Investigadora de Robos de la PDI.<\/p>\n<p style=\"text-align: justify;\">Sobre los hechos, el subprefecto V\u00edctor Toledo, jefe de la BIRO Coyhaique, indic\u00f3 que \u201cdetectives de esta brigada especializada, durante la ma\u00f1ana del domingo y por instrucciones del Ministerio P\u00fablico, concurrieron a un local comercial en la comuna de Coyhaique, lugar donde se entrevist\u00f3 a la afectada de un delito de robo con intimidaci\u00f3n, quien indic\u00f3 que cerca del mediod\u00eda un sujeto desconocido que portaba un arma cortante la intimid\u00f3, sustrayendo algunas botellas de licor\u201d.<\/p>\n<p style=\"text-align: justify;\">Adem\u00e1s, el subprefecto Toledo destac\u00f3 que \u201ca ra\u00edz de un trabajo de an\u00e1lisis criminal efectuado en el sitio de suceso, acompa\u00f1ado por peritos del Laboratorio de Criminal\u00edstica Regional, es que a las pocas horas de cometido el delito se logr\u00f3 individualizar y posicionar al autor, logrando su detenci\u00f3n\u201d.<\/p>\n<p style=\"text-align: justify;\">AUDIENCIA<\/p>\n<p style=\"text-align: justify;\">El imputado en este delito, quien mantiene antecedentes policiales, fue puesto a disposici\u00f3n del Juzgado de Garant\u00eda de Coyhaique durante la ma\u00f1ana de este d\u00eda lunes.<\/p>\n<p style=\"text-align: justify;\">Al respecto, el fiscal Alex Olivero, coment\u00f3 que hoy \u201cse llev\u00f3 a efecto la audiencia de control de la detenci\u00f3n. La defensa aleg\u00f3 que \u00e9sta era ilegal pero el Tribunal no dio lugar y la declar\u00f3 ajustada a Derecho\u201d.<\/p>\n<p style=\"text-align: justify;\">Posteriormente, agreg\u00f3 el fiscal Olivero, \u201cse formaliz\u00f3 la investigaci\u00f3n por el delito de robo con intimidaci\u00f3n, se expusieron los antecedentes al Tribunal y se pidi\u00f3 la internaci\u00f3n provisoria como medida cautelar del adolescente\u201d. En este sentido, a\u00f1adi\u00f3 el persecutor penal, \u201cel Tribunal estim\u00f3 que no estaba acreditada debidamente la intimidaci\u00f3n cometida y no dio lugar a la medida cautelar, por lo cual se apel\u00f3 verbalmente en la misma audiencia\u201d. Ahora, el caso ser\u00e1 analizado por la Ilustr\u00edsima Corte de Apelaciones de Coyhaique.<\/p>\n<p style=\"text-align: justify;\"><strong>\u00a0<\/strong><\/p>\n<\/div><\/section><\/div><div  style='height:50px' class='hr hr-invisible   avia-builder-el-6  el_after_av_one_full  el_before_av_social_share '><span class='hr-inner ' ><span class='hr-inner-style'><\/span><\/span><\/div><\/p>\n<div  class='av-social-sharing-box  avia-builder-el-7  el_after_av_hr  el_before_av_hr  '><div class='av-share-box'><h5 class='av-share-link-description av-no-toc '>Compartir esta noticia<\/h5><ul class='av-share-box-list noLightbox'><li class='av-share-link av-social-link-facebook' ><a target=\"_blank\" aria-label=\"Compartir en Facebook\" href='https:\/\/www.facebook.com\/sharer.php?u=https:\/\/radiorevelacionfm.cl\/?p=14868&#038;t=Formalizan%20a%20joven%20de%2017%20a%C3%B1os%20por%20robo%20con%20intimidaci%C3%B3n%20en%20local%20comercial%20de%20Coyhaique' aria-hidden='false' data-av_icon='\ue8f3' data-av_iconfont='entypo-fontello' title='' data-avia-related-tooltip='Compartir en Facebook' rel=\"noopener\"><span class='avia_hidden_link_text'>Compartir en Facebook<\/span><\/a><\/li><li class='av-share-link av-social-link-twitter' ><a target=\"_blank\" aria-label=\"Compartir en Twitter\" href='https:\/\/twitter.com\/share?text=Formalizan%20a%20joven%20de%2017%20a%C3%B1os%20por%20robo%20con%20intimidaci%C3%B3n%20en%20local%20comercial%20de%20Coyhaique&#038;url=https:\/\/radiorevelacionfm.cl\/?p=14868' aria-hidden='false' data-av_icon='\ue8f1' data-av_iconfont='entypo-fontello' title='' data-avia-related-tooltip='Compartir en Twitter' rel=\"noopener\"><span class='avia_hidden_link_text'>Compartir en Twitter<\/span><\/a><\/li><li class='av-share-link av-social-link-whatsapp' ><a target=\"_blank\" aria-label=\"Compartir en Whatsapp\" href='https:\/\/api.whatsapp.com\/send?text=https:\/\/radiorevelacionfm.cl\/?p=14868' aria-hidden='false' data-av_icon='\uf232' data-av_iconfont='entypo-fontello' title='' data-avia-related-tooltip='Compartir en Whatsapp' rel=\"noopener\"><span class='avia_hidden_link_text'>Compartir en Whatsapp<\/span><\/a><\/li><li class='av-share-link av-social-link-linkedin' ><a target=\"_blank\" aria-label=\"Compartir en LinkedIn\" href='https:\/\/linkedin.com\/shareArticle?mini=true&#038;title=Formalizan%20a%20joven%20de%2017%20a%C3%B1os%20por%20robo%20con%20intimidaci%C3%B3n%20en%20local%20comercial%20de%20Coyhaique&#038;url=https:\/\/radiorevelacionfm.cl\/?p=14868' aria-hidden='false' data-av_icon='\ue8fc' data-av_iconfont='entypo-fontello' title='' data-avia-related-tooltip='Compartir en LinkedIn' rel=\"noopener\"><span class='avia_hidden_link_text'>Compartir en LinkedIn<\/span><\/a><\/li><li class='av-share-link av-social-link-mail' ><a  aria-label=\"Compartir por correo\" href='mailto:?subject=Formalizan%20a%20joven%20de%2017%20a%C3%B1os%20por%20robo%20con%20intimidaci%C3%B3n%20en%20local%20comercial%20de%20Coyhaique&#038;body=https:\/\/radiorevelacionfm.cl\/?p=14868' aria-hidden='false' data-av_icon='\ue805' data-av_iconfont='entypo-fontello' title='' data-avia-related-tooltip='Compartir por correo'><span class='avia_hidden_link_text'>Compartir por correo<\/span><\/a><\/li><\/ul><\/div><\/div>\n<div  style='height:50px' class='hr hr-invisible   avia-builder-el-8  el_after_av_social_share  el_before_av_comments_list '><span class='hr-inner ' ><span class='hr-inner-style'><\/span><\/span><\/div>\n<div  class='av-buildercomment  av-blog-meta-html-info-disabled av-blog-meta-tag-disabled  '><\/div>\n","protected":false},"excerpt":{"rendered":"","protected":false},"author":1,"featured_media":5289,"comment_status":"open","ping_status":"open","sticky":false,"template":"","format":"standard","meta":{"footnotes":""},"categories":[36],"tags":[],"class_list":["post-14868","post","type-post","status-publish","format-standard","has-post-thumbnail","hentry","category-policial"],"jetpack_featured_media_url":"https:\/\/radiorevelacionfm.cl\/wp-content\/uploads\/2021\/06\/pdi-archivo-1-1.jpg","_links":{"self":[{"href":"https:\/\/radiorevelacionfm.cl\/index.php?rest_route=\/wp\/v2\/posts\/14868","targetHints":{"allow":["GET"]}}],"collection":[{"href":"https:\/\/radiorevelacionfm.cl\/index.php?rest_route=\/wp\/v2\/posts"}],"about":[{"href":"https:\/\/radiorevelacionfm.cl\/index.php?rest_route=\/wp\/v2\/types\/post"}],"author":[{"embeddable":true,"href":"https:\/\/radiorevelacionfm.cl\/index.php?rest_route=\/wp\/v2\/users\/1"}],"replies":[{"embeddable":true,"href":"https:\/\/radiorevelacionfm.cl\/index.php?rest_route=%2Fwp%2Fv2%2Fcomments&post=14868"}],"version-history":[{"count":2,"href":"https:\/\/radiorevelacionfm.cl\/index.php?rest_route=\/wp\/v2\/posts\/14868\/revisions"}],"predecessor-version":[{"id":14870,"href":"https:\/\/radiorevelacionfm.cl\/index.php?rest_route=\/wp\/v2\/posts\/14868\/revisions\/14870"}],"wp:featuredmedia":[{"embeddable":true,"href":"https:\/\/radiorevelacionfm.cl\/index.php?rest_route=\/wp\/v2\/media\/5289"}],"wp:attachment":[{"href":"https:\/\/radiorevelacionfm.cl\/index.php?rest_route=%2Fwp%2Fv2%2Fmedia&parent=14868"}],"wp:term":[{"taxonomy":"category","embeddable":true,"href":"https:\/\/radiorevelacionfm.cl\/index.php?rest_route=%2Fwp%2Fv2%2Fcategories&post=14868"},{"taxonomy":"post_tag","embeddable":true,"href":"https:\/\/radiorevelacionfm.cl\/index.php?rest_route=%2Fwp%2Fv2%2Ftags&post=14868"}],"curies":[{"name":"wp","href":"https:\/\/api.w.org\/{rel}","templated":true}]}}