{"id":14861,"date":"2022-03-22T10:07:05","date_gmt":"2022-03-22T13:07:05","guid":{"rendered":"https:\/\/radiorevelacionfm.cl\/?p=14861"},"modified":"2022-03-22T10:07:05","modified_gmt":"2022-03-22T13:07:05","slug":"minvu-entrega-detalles-para-el-primer-llamado-del-subsidio-para-la-clase-media-2022","status":"publish","type":"post","link":"https:\/\/radiorevelacionfm.cl\/?p=14861","title":{"rendered":"Minvu entrega detalles para el primer llamado del Subsidio para la Clase Media 2022"},"content":{"rendered":"<div class=\"flex_column av_one_full  flex_column_div av-zero-column-padding first  avia-builder-el-0  el_before_av_one_full  avia-builder-el-first  \" style='border-radius:0px; '><div  class='avia-image-container  av-styling-    avia-builder-el-1  avia-builder-el-no-sibling  avia-align-center '  itemprop=\"image\" itemscope=\"itemscope\" itemtype=\"https:\/\/schema.org\/ImageObject\"  ><div class='avia-image-container-inner'><div class='avia-image-overlay-wrap'><img decoding=\"async\" class='wp-image-12212 avia-img-lazy-loading-not-12212 avia_image' src=\"https:\/\/radiorevelacionfm.cl\/wp-content\/uploads\/2021\/12\/Viviendas-2-2.jpeg\" alt='' title='Viviendas-2-2' height=\"600\" width=\"800\"  itemprop=\"thumbnailUrl\" srcset=\"https:\/\/radiorevelacionfm.cl\/wp-content\/uploads\/2021\/12\/Viviendas-2-2.jpeg 800w, https:\/\/radiorevelacionfm.cl\/wp-content\/uploads\/2021\/12\/Viviendas-2-2-300x225.jpeg 300w, https:\/\/radiorevelacionfm.cl\/wp-content\/uploads\/2021\/12\/Viviendas-2-2-768x576.jpeg 768w, https:\/\/radiorevelacionfm.cl\/wp-content\/uploads\/2021\/12\/Viviendas-2-2-705x529.jpeg 705w, https:\/\/radiorevelacionfm.cl\/wp-content\/uploads\/2021\/12\/Viviendas-2-2-600x450.jpeg 600w\" sizes=\"(max-width: 800px) 100vw, 800px\" \/><\/div><\/div><\/div><\/div>\n<div class=\"flex_column av_one_full  flex_column_div av-zero-column-padding first  avia-builder-el-2  el_after_av_one_full  el_before_av_one_full  column-top-margin\" style='border-radius:0px; '><section class=\"av_textblock_section \"  itemscope=\"itemscope\" itemtype=\"https:\/\/schema.org\/BlogPosting\" itemprop=\"blogPost\" ><div class='avia_textblock  '   itemprop=\"text\" ><p style=\"text-align: center;\"><strong><span style=\"font-size: 18pt;\">Minvu entrega detalles para el primer llamado del Subsidio para la Clase Media 2022<\/span><\/strong><\/p>\n<div id=\"gtx-trans\" style=\"position: absolute; left: -50px; top: 4.31534px;\">\n<div class=\"gtx-trans-icon\"><\/div>\n<\/div>\n<\/div><\/section><\/div><div class=\"flex_column av_one_full  flex_column_div av-zero-column-padding first  avia-builder-el-4  el_after_av_one_full  el_before_av_hr  column-top-margin\" style='border-radius:0px; '><section class=\"av_textblock_section \"  itemscope=\"itemscope\" itemtype=\"https:\/\/schema.org\/BlogPosting\" itemprop=\"blogPost\" ><div class='avia_textblock  '   itemprop=\"text\" ><p style=\"font-weight: 400; text-align: justify;\">El primer llamado del Subsidio Habitacional para Sectores Medios \u2013 DS1 \u2013 estar\u00e1 abierto del 19 al 29 de abril. Para poder postular, las familias deber\u00e1n tener el ahorro depositado como saldo disponible a m\u00e1s tardar el d\u00eda 31 de marzo.<\/p>\n<p style=\"font-weight: 400; text-align: justify;\">El ministro de Vivienda y Urbanismo, Carlos Montes, explic\u00f3 que \u201ceste subsidio va en apoyo de las miles de familias en todo Chile que necesitan una vivienda. Este beneficio les entrega la opci\u00f3n de que puedan aplicarlo en una vivienda nueva, usada o tambi\u00e9n, construir en un sitio que sea de la familia\u201d. Para postular a esta ayuda que entrega el Gobierno es necesario tener el ahorro antes del 31 de marzo, y cumplir con todos los requisitos necesarios para acceder a este beneficio, que se pueden revisar en la p\u00e1gina web\u00a0<a href=\"http:\/\/www.minvu.cl\/\" data-saferedirecturl=\"https:\/\/www.google.com\/url?q=http:\/\/www.minvu.cl&amp;source=gmail&amp;ust=1647980479869000&amp;usg=AOvVaw1mKQ_q85MT-LnZKVDauGDd\">www.minvu.cl<\/a>.<\/p>\n<p style=\"font-weight: 400; text-align: justify;\">El subsidio para Sectores Medios, m\u00e1s conocido como el \u201cSubsidio para la Clase Media\u201d, es un programa regular del Ministerio de Vivienda y Urbanismo, que por lo general abre dos llamados a postulaci\u00f3n en el a\u00f1o, siendo el primero de ellos en el mes de abril. Adem\u00e1s, por la situaci\u00f3n sanitaria, se han dispuesto alternativas de postulaci\u00f3n.<\/p>\n<p style=\"font-weight: 400; text-align: justify;\">La primera de ellas es la v\u00eda autom\u00e1tica, para aquellas personas que postularon al Segundo Llamado 2021 del Subsidio para Sectores Medios (realizado entre el 21 y el 29 de octubre del a\u00f1o pasado) y que no fueron seleccionadas, podr\u00e1n postular al actual llamado si cumplen con los requisitos exigidos para cada uno de los Tramos y aceptar la propuesta de postulaci\u00f3n que el Minvu enviar\u00e1 a sus correos electr\u00f3nicos o directamente en\u00a0<a href=\"http:\/\/www.minvu.cl\/\" data-saferedirecturl=\"https:\/\/www.google.com\/url?q=http:\/\/www.minvu.cl&amp;source=gmail&amp;ust=1647980479869000&amp;usg=AOvVaw1mKQ_q85MT-LnZKVDauGDd\">www.minvu.cl<\/a>. Adem\u00e1s, podr\u00e1n optar por cambiar su Tramo de postulaci\u00f3n si acreditan los requisitos hacerlo.<\/p>\n<p style=\"font-weight: 400; text-align: justify;\">Otra v\u00eda es la postulaci\u00f3n online, dirigido a personas interesadas en postular en la modalidad de adquisici\u00f3n de viviendas, en la alternativa individual. Para esto, deben contar con su Clave \u00danica entregada por el Servicio de Registro Civil e Identificaci\u00f3n (al igual que los integrantes de su n\u00facleo familiar mayores de 18 a\u00f1os, exceptuando a su c\u00f3nyuge); deber\u00e1n tener sus ahorros en instituciones financieras con informaci\u00f3n en l\u00ednea con el Minvu (Banco Estado, Banco Scotiabank, Coopeuch y Caja Los Andes); y que tambi\u00e9n no necesiten acreditar ninguna situaci\u00f3n especial con documentaci\u00f3n anexa.<\/p>\n<p style=\"font-weight: 400; text-align: justify;\">Por \u00faltimo, se puede postular v\u00eda Formulario de Atenci\u00f3n Ciudadana, donde las personas que no puedan materializar su postulaci\u00f3n a trav\u00e9s de las v\u00edas se\u00f1aladas anteriormente, podr\u00e1n presentar su solicitud de postulaci\u00f3n a trav\u00e9s de la plataforma \u201cFormulario de Atenci\u00f3n Ciudadana\u201d adjuntando los documentos que ser\u00e1n solicitados.<\/p>\n<p style=\"font-weight: 400; text-align: justify;\"><strong>Consideraciones especiales para este llamado:<\/strong><\/p>\n<ul>\n<li style=\"font-weight: 400; text-align: justify;\">Se aceptar\u00e1n las c\u00e9dulas de Identidad que no est\u00e9n vigentes. (D.S. N\u00b0147 de 2021 del Ministerio de Justicia y DDHH).<\/li>\n<li style=\"font-weight: 400; text-align: justify;\">No se exigir\u00e1 pre aprobaci\u00f3n de un cr\u00e9dito hipotecario.<\/li>\n<li style=\"font-weight: 400; text-align: justify;\">Para aquellos postulantes a la modalidad de Construcci\u00f3n en Sitio Propio que hayan postulado al primer o segundo llamado 2021 y que no resultaron seleccionados, se les considerar\u00e1n los documentos de acreditaci\u00f3n del terreno y factibilidades presentados en dichos llamados. Para los que no han postulado en dichos llamados estos documentos deben haber sido emitidos a partir del 1\u00b0 de enero de 2021.<\/li>\n<\/ul>\n<\/div><\/section><\/div><\/p>\n<div  style='height:50px' class='hr hr-invisible   avia-builder-el-6  el_after_av_one_full  el_before_av_social_share '><span class='hr-inner ' ><span class='hr-inner-style'><\/span><\/span><\/div>\n<div  class='av-social-sharing-box  avia-builder-el-7  el_after_av_hr  el_before_av_hr  '><div class='av-share-box'><h5 class='av-share-link-description av-no-toc '>Compartir esta noticia<\/h5><ul class='av-share-box-list noLightbox'><li class='av-share-link av-social-link-facebook' ><a target=\"_blank\" aria-label=\"Compartir en Facebook\" href='https:\/\/www.facebook.com\/sharer.php?u=https:\/\/radiorevelacionfm.cl\/?p=14861&#038;t=Minvu%20entrega%20detalles%20para%20el%20primer%20llamado%20del%20Subsidio%20para%20la%20Clase%20Media%202022' aria-hidden='false' data-av_icon='\ue8f3' data-av_iconfont='entypo-fontello' title='' data-avia-related-tooltip='Compartir en Facebook' rel=\"noopener\"><span class='avia_hidden_link_text'>Compartir en Facebook<\/span><\/a><\/li><li class='av-share-link av-social-link-twitter' ><a target=\"_blank\" aria-label=\"Compartir en Twitter\" href='https:\/\/twitter.com\/share?text=Minvu%20entrega%20detalles%20para%20el%20primer%20llamado%20del%20Subsidio%20para%20la%20Clase%20Media%202022&#038;url=https:\/\/radiorevelacionfm.cl\/?p=14861' aria-hidden='false' data-av_icon='\ue8f1' data-av_iconfont='entypo-fontello' title='' data-avia-related-tooltip='Compartir en Twitter' rel=\"noopener\"><span class='avia_hidden_link_text'>Compartir en Twitter<\/span><\/a><\/li><li class='av-share-link av-social-link-whatsapp' ><a target=\"_blank\" aria-label=\"Compartir en Whatsapp\" href='https:\/\/api.whatsapp.com\/send?text=https:\/\/radiorevelacionfm.cl\/?p=14861' aria-hidden='false' data-av_icon='\uf232' data-av_iconfont='entypo-fontello' title='' data-avia-related-tooltip='Compartir en Whatsapp' rel=\"noopener\"><span class='avia_hidden_link_text'>Compartir en Whatsapp<\/span><\/a><\/li><li class='av-share-link av-social-link-linkedin' ><a target=\"_blank\" aria-label=\"Compartir en LinkedIn\" href='https:\/\/linkedin.com\/shareArticle?mini=true&#038;title=Minvu%20entrega%20detalles%20para%20el%20primer%20llamado%20del%20Subsidio%20para%20la%20Clase%20Media%202022&#038;url=https:\/\/radiorevelacionfm.cl\/?p=14861' aria-hidden='false' data-av_icon='\ue8fc' data-av_iconfont='entypo-fontello' title='' data-avia-related-tooltip='Compartir en LinkedIn' rel=\"noopener\"><span class='avia_hidden_link_text'>Compartir en LinkedIn<\/span><\/a><\/li><li class='av-share-link av-social-link-mail' ><a  aria-label=\"Compartir por correo\" href='mailto:?subject=Minvu%20entrega%20detalles%20para%20el%20primer%20llamado%20del%20Subsidio%20para%20la%20Clase%20Media%202022&#038;body=https:\/\/radiorevelacionfm.cl\/?p=14861' aria-hidden='false' data-av_icon='\ue805' data-av_iconfont='entypo-fontello' title='' data-avia-related-tooltip='Compartir por correo'><span class='avia_hidden_link_text'>Compartir por correo<\/span><\/a><\/li><\/ul><\/div><\/div>\n<div  style='height:50px' class='hr hr-invisible   avia-builder-el-8  el_after_av_social_share  el_before_av_comments_list '><span class='hr-inner ' ><span class='hr-inner-style'><\/span><\/span><\/div>\n<div  class='av-buildercomment  av-blog-meta-html-info-disabled av-blog-meta-tag-disabled  '><\/div>\n","protected":false},"excerpt":{"rendered":"","protected":false},"author":1,"featured_media":12212,"comment_status":"open","ping_status":"open","sticky":false,"template":"","format":"standard","meta":{"footnotes":""},"categories":[57],"tags":[],"class_list":["post-14861","post","type-post","status-publish","format-standard","has-post-thumbnail","hentry","category-vivienda"],"jetpack_featured_media_url":"https:\/\/radiorevelacionfm.cl\/wp-content\/uploads\/2021\/12\/Viviendas-2-2.jpeg","_links":{"self":[{"href":"https:\/\/radiorevelacionfm.cl\/index.php?rest_route=\/wp\/v2\/posts\/14861","targetHints":{"allow":["GET"]}}],"collection":[{"href":"https:\/\/radiorevelacionfm.cl\/index.php?rest_route=\/wp\/v2\/posts"}],"about":[{"href":"https:\/\/radiorevelacionfm.cl\/index.php?rest_route=\/wp\/v2\/types\/post"}],"author":[{"embeddable":true,"href":"https:\/\/radiorevelacionfm.cl\/index.php?rest_route=\/wp\/v2\/users\/1"}],"replies":[{"embeddable":true,"href":"https:\/\/radiorevelacionfm.cl\/index.php?rest_route=%2Fwp%2Fv2%2Fcomments&post=14861"}],"version-history":[{"count":3,"href":"https:\/\/radiorevelacionfm.cl\/index.php?rest_route=\/wp\/v2\/posts\/14861\/revisions"}],"predecessor-version":[{"id":14883,"href":"https:\/\/radiorevelacionfm.cl\/index.php?rest_route=\/wp\/v2\/posts\/14861\/revisions\/14883"}],"wp:featuredmedia":[{"embeddable":true,"href":"https:\/\/radiorevelacionfm.cl\/index.php?rest_route=\/wp\/v2\/media\/12212"}],"wp:attachment":[{"href":"https:\/\/radiorevelacionfm.cl\/index.php?rest_route=%2Fwp%2Fv2%2Fmedia&parent=14861"}],"wp:term":[{"taxonomy":"category","embeddable":true,"href":"https:\/\/radiorevelacionfm.cl\/index.php?rest_route=%2Fwp%2Fv2%2Fcategories&post=14861"},{"taxonomy":"post_tag","embeddable":true,"href":"https:\/\/radiorevelacionfm.cl\/index.php?rest_route=%2Fwp%2Fv2%2Ftags&post=14861"}],"curies":[{"name":"wp","href":"https:\/\/api.w.org\/{rel}","templated":true}]}}