{"id":14858,"date":"2022-03-22T09:50:38","date_gmt":"2022-03-22T12:50:38","guid":{"rendered":"https:\/\/radiorevelacionfm.cl\/?p=14858"},"modified":"2022-03-22T09:50:38","modified_gmt":"2022-03-22T12:50:38","slug":"dia-mundial-del-agua-pdi-realiza-llamado-a-proteger-este-esencial-elemento","status":"publish","type":"post","link":"https:\/\/radiorevelacionfm.cl\/?p=14858","title":{"rendered":"D\u00eda Mundial del Agua: PDI realiza llamado a proteger este esencial elemento"},"content":{"rendered":"<div class=\"flex_column av_one_full  flex_column_div av-zero-column-padding first  avia-builder-el-0  el_before_av_one_full  avia-builder-el-first  \" style='border-radius:0px; '><div  class='avia-image-container  av-styling-    avia-builder-el-1  avia-builder-el-no-sibling  avia-align-center '  itemprop=\"image\" itemscope=\"itemscope\" itemtype=\"https:\/\/schema.org\/ImageObject\"  ><div class='avia-image-container-inner'><div class='avia-image-overlay-wrap'><img decoding=\"async\" class='wp-image-14859 avia-img-lazy-loading-not-14859 avia_image' src=\"https:\/\/radiorevelacionfm.cl\/wp-content\/uploads\/2022\/03\/referencial-bidema-agua-002-1_optimized.jpg\" alt='' title='referencial-bidema-agua-002-(1)_optimized' height=\"600\" width=\"904\"  itemprop=\"thumbnailUrl\" srcset=\"https:\/\/radiorevelacionfm.cl\/wp-content\/uploads\/2022\/03\/referencial-bidema-agua-002-1_optimized.jpg 904w, https:\/\/radiorevelacionfm.cl\/wp-content\/uploads\/2022\/03\/referencial-bidema-agua-002-1_optimized-300x199.jpg 300w, https:\/\/radiorevelacionfm.cl\/wp-content\/uploads\/2022\/03\/referencial-bidema-agua-002-1_optimized-768x510.jpg 768w, https:\/\/radiorevelacionfm.cl\/wp-content\/uploads\/2022\/03\/referencial-bidema-agua-002-1_optimized-705x468.jpg 705w, https:\/\/radiorevelacionfm.cl\/wp-content\/uploads\/2022\/03\/referencial-bidema-agua-002-1_optimized-600x398.jpg 600w\" sizes=\"(max-width: 904px) 100vw, 904px\" \/><\/div><\/div><\/div><\/div><div class=\"flex_column av_one_full  flex_column_div av-zero-column-padding first  avia-builder-el-2  el_after_av_one_full  el_before_av_one_full  column-top-margin\" style='border-radius:0px; '><section class=\"av_textblock_section \"  itemscope=\"itemscope\" itemtype=\"https:\/\/schema.org\/BlogPosting\" itemprop=\"blogPost\" ><div class='avia_textblock  '   itemprop=\"text\" ><p style=\"text-align: center;\"><span style=\"font-size: 18pt;\"><strong>D\u00eda Mundial del Agua: PDI realiza llamado a proteger este esencial elemento<\/strong><\/span><\/p>\n<div id=\"gtx-trans\" style=\"position: absolute; left: -50px; top: 4.31534px;\">\n<div class=\"gtx-trans-icon\"><\/div>\n<\/div>\n<\/div><\/section><\/div><div class=\"flex_column av_one_full  flex_column_div av-zero-column-padding first  avia-builder-el-4  el_after_av_one_full  el_before_av_hr  column-top-margin\" style='border-radius:0px; '><section class=\"av_textblock_section \"  itemscope=\"itemscope\" itemtype=\"https:\/\/schema.org\/BlogPosting\" itemprop=\"blogPost\" ><div class='avia_textblock  '   itemprop=\"text\" ><p style=\"text-align: justify;\">Cada 22 de marzo se conmemora el D\u00eda Mundial del Agua, declarado por la Asamblea General de las Naciones Unidas mediante una resoluci\u00f3n, dando inicio a la celebraci\u00f3n desde el a\u00f1o 1993. El agua es una necesidad b\u00e1sica y vital para los seres vivos, por lo que la conmemoraci\u00f3n de este d\u00eda tiene como finalidad hacer conciencia en las personas de la importancia de los recursos h\u00eddricos del planeta y apoyar las iniciativas mundiales orientadas a brindar a todas las personas en el mundo el acceso al agua dulce.<\/p>\n<p style=\"text-align: justify;\">Por otra parte, se pretende sensibilizar respecto de la crisis mundial del agua y la necesidad de buscar medidas para abordarla de manera que se alcance el Objetivo de Desarrollo Sostenible N\u00b06: Agua y saneamiento para todos antes de 2030, teniendo presente a los m\u00e1s de 2.200 millones de personas en el mundo que carecen del valioso recurso.<\/p>\n<p style=\"text-align: justify;\">Seg\u00fan la UNICEF, para el 2040 casi 1 de cada 4 ni\u00f1os a nivel mundial vivir\u00e1 en zonas donde el estr\u00e9s h\u00eddrico ser\u00e1 extremadamente alto. Es por eso que, hoy el valor del agua va m\u00e1s all\u00e1 de un valor monetario, ya que el recurso h\u00eddrico es tan trascendental como el aire que respiramos, pues gracias a ella tenemos vida. El agua es muy importante para la salud, la econom\u00eda, la cultura, la educaci\u00f3n y el medio ambiente, ya que su mal uso repercute en este recurso irremplazable.<\/p>\n<p style=\"text-align: justify;\">La PDI a trav\u00e9s de la Brigada Investigadora de Delitos del Medio Ambiente y Patrimonio Cultural (BIDEMA) Ays\u00e9n es la unidad encargada de investigar faltas y delitos contra la biodiversidad y el patrimonio cultural en las jurisdicciones de las regiones de Ays\u00e9n del General Carlos Ib\u00e1\u00f1ez del Campo y Magallanes y de la Ant\u00e1rtica Chilena, incluyendo todo lo relacionado a las aguas.<\/p>\n<p style=\"text-align: justify;\">Asimismo, cabe recordar que, recientemente, se decret\u00f3 escasez h\u00eddrica para algunas comunas de la regi\u00f3n de Ays\u00e9n, por tanto, estas materias revisten especial preocupaci\u00f3n.<\/p>\n<p style=\"text-align: justify;\">\u201cUna de las mayores reservas de agua dulce en el mundo son los glaciares y \u00e9stos toman una gran relevancia en los tiempos actuales, debido a la escasez h\u00eddrica existente en nuestro pa\u00eds y el mundo, debido a su contribuci\u00f3n a los caudales en \u00e9poca de sequ\u00eda. Como consecuencia del cambio clim\u00e1tico, se espera que las precipitaciones contin\u00faen a la baja y la importancia del agua dulce cada d\u00eda va adquiriendo un rol m\u00e1s preponderante y estrat\u00e9gico\u201d, apunt\u00f3 el jefe de la BIDEMA Ays\u00e9n, subprefecto Claudio Reyes.<\/p>\n<p style=\"text-align: justify;\">De la totalidad de glaciares que existen en Am\u00e9rica Latina, el 80% de ellos se encuentran en Chile, con un \u00e1rea aproximada de 22 mil kil\u00f3metros cuadrados y un catastro de unos 26 mil glaciares, concentr\u00e1ndose gran parte de ellos en la Patagonia y Ant\u00e1rtica Chilena.<\/p>\n<p style=\"text-align: justify;\">Al respecto y sobre la importancia del d\u00eda Mundial del Agua, el subprefecto Claudio Reyes, jefe de la BIDEMA Ays\u00e9n, indic\u00f3 que \u201ccomo brigada especializada estamos muy pendientes de todas las acciones que involucren el recurso h\u00eddrico tan importante para la ciudadan\u00eda. Todos los hechos adquieren una real relevancia en estos tiempos, ya que el mal uso de ella va en directa relaci\u00f3n con la escasez y posible racionamiento a futuro; como tambi\u00e9n los actos que vayan en post de poder ayudar a la conservaci\u00f3n y cuidado de ella\u201d.<\/p>\n<p style=\"text-align: justify;\">Adem\u00e1s, el subprefecto Reyes a\u00f1adi\u00f3 que \u201ccomo BIDEMA Ays\u00e9n estamos comprometidos a realizar acciones que ayuden al cuidado de este recurso tan importante para la salud y para las personas\u201d, relevando la importancia de esta simb\u00f3lica fecha.<\/p>\n<\/div><\/section><\/div><div  style='height:50px' class='hr hr-invisible   avia-builder-el-6  el_after_av_one_full  el_before_av_social_share '><span class='hr-inner ' ><span class='hr-inner-style'><\/span><\/span><\/div><\/p>\n<div  class='av-social-sharing-box  avia-builder-el-7  el_after_av_hr  el_before_av_hr  '><div class='av-share-box'><h5 class='av-share-link-description av-no-toc '>Compartir esta noticia<\/h5><ul class='av-share-box-list noLightbox'><li class='av-share-link av-social-link-facebook' ><a target=\"_blank\" aria-label=\"Compartir en Facebook\" href='https:\/\/www.facebook.com\/sharer.php?u=https:\/\/radiorevelacionfm.cl\/?p=14858&#038;t=D%C3%ADa%20Mundial%20del%20Agua%3A%20PDI%20realiza%20llamado%20a%20proteger%20este%20esencial%20elemento' aria-hidden='false' data-av_icon='\ue8f3' data-av_iconfont='entypo-fontello' title='' data-avia-related-tooltip='Compartir en Facebook' rel=\"noopener\"><span class='avia_hidden_link_text'>Compartir en Facebook<\/span><\/a><\/li><li class='av-share-link av-social-link-twitter' ><a target=\"_blank\" aria-label=\"Compartir en Twitter\" href='https:\/\/twitter.com\/share?text=D%C3%ADa%20Mundial%20del%20Agua%3A%20PDI%20realiza%20llamado%20a%20proteger%20este%20esencial%20elemento&#038;url=https:\/\/radiorevelacionfm.cl\/?p=14858' aria-hidden='false' data-av_icon='\ue8f1' data-av_iconfont='entypo-fontello' title='' data-avia-related-tooltip='Compartir en Twitter' rel=\"noopener\"><span class='avia_hidden_link_text'>Compartir en Twitter<\/span><\/a><\/li><li class='av-share-link av-social-link-whatsapp' ><a target=\"_blank\" aria-label=\"Compartir en Whatsapp\" href='https:\/\/api.whatsapp.com\/send?text=https:\/\/radiorevelacionfm.cl\/?p=14858' aria-hidden='false' data-av_icon='\uf232' data-av_iconfont='entypo-fontello' title='' data-avia-related-tooltip='Compartir en Whatsapp' rel=\"noopener\"><span class='avia_hidden_link_text'>Compartir en Whatsapp<\/span><\/a><\/li><li class='av-share-link av-social-link-linkedin' ><a target=\"_blank\" aria-label=\"Compartir en LinkedIn\" href='https:\/\/linkedin.com\/shareArticle?mini=true&#038;title=D%C3%ADa%20Mundial%20del%20Agua%3A%20PDI%20realiza%20llamado%20a%20proteger%20este%20esencial%20elemento&#038;url=https:\/\/radiorevelacionfm.cl\/?p=14858' aria-hidden='false' data-av_icon='\ue8fc' data-av_iconfont='entypo-fontello' title='' data-avia-related-tooltip='Compartir en LinkedIn' rel=\"noopener\"><span class='avia_hidden_link_text'>Compartir en LinkedIn<\/span><\/a><\/li><li class='av-share-link av-social-link-mail' ><a  aria-label=\"Compartir por correo\" href='mailto:?subject=D%C3%ADa%20Mundial%20del%20Agua%3A%20PDI%20realiza%20llamado%20a%20proteger%20este%20esencial%20elemento&#038;body=https:\/\/radiorevelacionfm.cl\/?p=14858' aria-hidden='false' data-av_icon='\ue805' data-av_iconfont='entypo-fontello' title='' data-avia-related-tooltip='Compartir por correo'><span class='avia_hidden_link_text'>Compartir por correo<\/span><\/a><\/li><\/ul><\/div><\/div>\n<div  style='height:50px' class='hr hr-invisible   avia-builder-el-8  el_after_av_social_share  el_before_av_comments_list '><span class='hr-inner ' ><span class='hr-inner-style'><\/span><\/span><\/div>\n<div  class='av-buildercomment  av-blog-meta-html-info-disabled av-blog-meta-tag-disabled  '><\/div>\n","protected":false},"excerpt":{"rendered":"","protected":false},"author":1,"featured_media":14859,"comment_status":"open","ping_status":"open","sticky":false,"template":"","format":"standard","meta":{"footnotes":""},"categories":[36],"tags":[],"class_list":["post-14858","post","type-post","status-publish","format-standard","has-post-thumbnail","hentry","category-policial"],"jetpack_featured_media_url":"https:\/\/radiorevelacionfm.cl\/wp-content\/uploads\/2022\/03\/referencial-bidema-agua-002-1_optimized.jpg","_links":{"self":[{"href":"https:\/\/radiorevelacionfm.cl\/index.php?rest_route=\/wp\/v2\/posts\/14858","targetHints":{"allow":["GET"]}}],"collection":[{"href":"https:\/\/radiorevelacionfm.cl\/index.php?rest_route=\/wp\/v2\/posts"}],"about":[{"href":"https:\/\/radiorevelacionfm.cl\/index.php?rest_route=\/wp\/v2\/types\/post"}],"author":[{"embeddable":true,"href":"https:\/\/radiorevelacionfm.cl\/index.php?rest_route=\/wp\/v2\/users\/1"}],"replies":[{"embeddable":true,"href":"https:\/\/radiorevelacionfm.cl\/index.php?rest_route=%2Fwp%2Fv2%2Fcomments&post=14858"}],"version-history":[{"count":2,"href":"https:\/\/radiorevelacionfm.cl\/index.php?rest_route=\/wp\/v2\/posts\/14858\/revisions"}],"predecessor-version":[{"id":14881,"href":"https:\/\/radiorevelacionfm.cl\/index.php?rest_route=\/wp\/v2\/posts\/14858\/revisions\/14881"}],"wp:featuredmedia":[{"embeddable":true,"href":"https:\/\/radiorevelacionfm.cl\/index.php?rest_route=\/wp\/v2\/media\/14859"}],"wp:attachment":[{"href":"https:\/\/radiorevelacionfm.cl\/index.php?rest_route=%2Fwp%2Fv2%2Fmedia&parent=14858"}],"wp:term":[{"taxonomy":"category","embeddable":true,"href":"https:\/\/radiorevelacionfm.cl\/index.php?rest_route=%2Fwp%2Fv2%2Fcategories&post=14858"},{"taxonomy":"post_tag","embeddable":true,"href":"https:\/\/radiorevelacionfm.cl\/index.php?rest_route=%2Fwp%2Fv2%2Ftags&post=14858"}],"curies":[{"name":"wp","href":"https:\/\/api.w.org\/{rel}","templated":true}]}}