{"id":14851,"date":"2022-03-21T18:00:28","date_gmt":"2022-03-21T21:00:28","guid":{"rendered":"https:\/\/radiorevelacionfm.cl\/?p=14851"},"modified":"2022-03-21T18:00:28","modified_gmt":"2022-03-21T21:00:28","slug":"realizan-lanzamiento-de-campana-de-vacunacion-contra-la-influenza","status":"publish","type":"post","link":"https:\/\/radiorevelacionfm.cl\/?p=14851","title":{"rendered":"Realizan lanzamiento de Campa\u00f1a de Vacunaci\u00f3n contra la Influenza"},"content":{"rendered":"<div class=\"flex_column av_one_full  flex_column_div av-zero-column-padding first  avia-builder-el-0  el_before_av_one_full  avia-builder-el-first  \" style='border-radius:0px; '><div  class='avia-image-container  av-styling-    avia-builder-el-1  avia-builder-el-no-sibling  avia-align-center '  itemprop=\"image\" itemscope=\"itemscope\" itemtype=\"https:\/\/schema.org\/ImageObject\"  ><div class='avia-image-container-inner'><div class='avia-image-overlay-wrap'><img decoding=\"async\" class='wp-image-14852 avia-img-lazy-loading-not-14852 avia_image' src=\"https:\/\/radiorevelacionfm.cl\/wp-content\/uploads\/2022\/03\/vai-28_optimized.jpg\" alt='' title='vai-(28)_optimized' height=\"600\" width=\"1087\"  itemprop=\"thumbnailUrl\" srcset=\"https:\/\/radiorevelacionfm.cl\/wp-content\/uploads\/2022\/03\/vai-28_optimized.jpg 1087w, https:\/\/radiorevelacionfm.cl\/wp-content\/uploads\/2022\/03\/vai-28_optimized-300x166.jpg 300w, https:\/\/radiorevelacionfm.cl\/wp-content\/uploads\/2022\/03\/vai-28_optimized-1030x569.jpg 1030w, https:\/\/radiorevelacionfm.cl\/wp-content\/uploads\/2022\/03\/vai-28_optimized-768x424.jpg 768w, https:\/\/radiorevelacionfm.cl\/wp-content\/uploads\/2022\/03\/vai-28_optimized-705x389.jpg 705w, https:\/\/radiorevelacionfm.cl\/wp-content\/uploads\/2022\/03\/vai-28_optimized-600x331.jpg 600w\" sizes=\"(max-width: 1087px) 100vw, 1087px\" \/><\/div><\/div><\/div><\/div><div class=\"flex_column av_one_full  flex_column_div av-zero-column-padding first  avia-builder-el-2  el_after_av_one_full  el_before_av_one_full  column-top-margin\" style='border-radius:0px; '><section class=\"av_textblock_section \"  itemscope=\"itemscope\" itemtype=\"https:\/\/schema.org\/BlogPosting\" itemprop=\"blogPost\" ><div class='avia_textblock  '   itemprop=\"text\" ><p style=\"text-align: center;\"><strong><span style=\"font-size: 18pt;\">Realizan lanzamiento de Campa\u00f1a de Vacunaci\u00f3n contra la Influenza<\/span><\/strong><\/p>\n<div id=\"gtx-trans\" style=\"position: absolute; left: -50px; top: 4.31534px;\">\n<div class=\"gtx-trans-icon\"><\/div>\n<\/div>\n<\/div><\/section><\/div><div class=\"flex_column av_one_full  flex_column_div av-zero-column-padding first  avia-builder-el-4  el_after_av_one_full  el_before_av_hr  column-top-margin\" style='border-radius:0px; '><section class=\"av_textblock_section \"  itemscope=\"itemscope\" itemtype=\"https:\/\/schema.org\/BlogPosting\" itemprop=\"blogPost\" ><div class='avia_textblock  '   itemprop=\"text\" ><p style=\"text-align: justify;\">Unas 10 personas, en su mayor\u00eda socios y dirigentes de agrupaciones de adultos mayores, fueron los primeros en recibir la dosis contra la Influenza en el punto de lanzamiento de la campa\u00f1a, desarrollado en la sede de la Uni\u00f3n Comunal del Adulto Mayor Baquedano de Coyhaique la ma\u00f1ana de este lunes 21 de marzo.<\/p>\n<p style=\"text-align: justify;\">Hasta el lugar, llegaron los equipos vacunadores del CESFAM Dr. Alejandro Guti\u00e9rrez, el Director del SSA Gabriel Burgos y el propio Delegado Presidencial, Rodrigo Araya, a fin de motivar a la poblaci\u00f3n objetivo a concurrir hasta los puntos de vacunaci\u00f3n definidos tanto en la capital regional como en las dem\u00e1s comunas y localidades apartadas.<\/p>\n<p style=\"text-align: justify;\">\u201cEl grupo objetivo en la regi\u00f3n de Ays\u00e9n es de 46 mil personas, raz\u00f3n por la cual estamos haciendo este hito, junto al Delegado Presidencial, y los adultos mayores participantes de la Uni\u00f3n Comunal adem\u00e1s de los equipos t\u00e9cnicos, tanto de la SEREMI como del Servicio de Salud, formulando el llamado a todas las personas para que concurran a vacunarse a todos los lugares dispuestos a lo largo de la regi\u00f3n en una campa\u00f1a que se extender\u00e1 hasta el 16 de mayo para disminuir los efectos de la enfermedad y as\u00ed poder tener un invierno m\u00e1s seguro\u201d, inform\u00f3 el jefe de la Red \u00a0Asistencial, Gabriel Burgos.<\/p>\n<p style=\"text-align: justify;\">La autoridad de salud, agreg\u00f3 que \u201cen Coyhaique se han definido como puntos de vacunaci\u00f3n los mismos en que se sigue inmunizando contra el COVID, es decir, el Gimnasio Municipal de calle Sim\u00f3n Bol\u00edvar 400, la Mutual de Seguridad y la Asociaci\u00f3n Chilena de Seguridad, los dos \u00faltimos en horarios reducidos, adem\u00e1s de un amplio despliegue a lo largo y ancho de la regi\u00f3n, todo lo cual es informado a diario en las redes sociales del Servicio de Salud Ays\u00e9n\u201d.<\/p>\n<p style=\"text-align: justify;\">El Delegado Presidencial de la Regi\u00f3n de Ays\u00e9n, Rodrigo Araya, coment\u00f3 \u201cpara nuestro gobierno es muy importante la salud de las personas, donde la estrategia de vacunaci\u00f3n contra la Influenza es trascendental y que lleva alrededor de 60 a\u00f1os y no tenemos que perderla de vista. Este es un virus de distribuci\u00f3n mundial que tiene periodos del a\u00f1o en que aumenta mucho su incidencia, por eso es que empezamos ahora y hasta el 16 de mayo, para que todos, por favor, concurran a vacunarse recordando que esto es para los grupos vulnerables, no para el 100 por ciento de la regi\u00f3n\u201d, enfatiz\u00f3.<\/p>\n<p style=\"text-align: justify;\">Al respecto V\u00edctor Soto, Presidente de la Uni\u00f3n Nacional de Pensionados Asistenciales Regi\u00f3n de Ays\u00e9n, sostuvo que \u201cHace mucho tiempo que los dirigentes de las personas mayores estamos trabajando para que toda la poblaci\u00f3n mayor de la Regi\u00f3n de Ays\u00e9n, se haga cargo de su salud, ya que no podemos solo depender de estas instancias propias de la Salud P\u00fablica. Nosotros tenemos que ser los primeros en hacernos responsables. Por eso yo hago una invitaci\u00f3n a las mujeres y hombres mayores que concurran hasta donde est\u00e1n vacunando, porque esto propicia un envejecimiento m\u00e1s digno, con una mejor salud, as\u00ed es que reitero el llamado, hay que vacunarse este a\u00f1o lo antes posible\u201d, concluy\u00f3 el dirigente.<\/p>\n<p style=\"text-align: justify;\"><strong>Beneficiarios y sintomatolog\u00eda.<\/strong><\/p>\n<p style=\"text-align: justify;\">Respecto de la poblaci\u00f3n objetivo, destacamos que deben inocularse: personas de 65 y m\u00e1s a\u00f1os, enfermos cr\u00f3nicos, entre los 11 y hasta los 64 a\u00f1os, Embarazadas en cualquier etapa del embarazo, ni\u00f1os y ni\u00f1as desde los 6 meses y hasta 5\u00b0 a\u00f1o b\u00e1sico, prematuros con patolog\u00edas definidas en Recomendaciones para la vacunaci\u00f3n de pacientes con necesidades especiales por patolog\u00eda o situaci\u00f3n de riesgo, trabajadores de la salud, de la educaci\u00f3n preescolar y escolar hasta 5\u00b0 a\u00f1o b\u00e1sico.<\/p>\n<p style=\"text-align: justify;\">Las autoridades establecieron que las reacciones adversas m\u00e1s frecuentes reportadas seguidas al uso de la vacuna anti influenza que se han \u00ae, son las de tipo local o sist\u00e9micas, tales como dolor en el sitio de la inyecci\u00f3n o fatiga y dolor de cabeza y que en ning\u00fan caso impide que una persona pueda recibir, adem\u00e1s, la vacuna de refuerzo COVID, pues no son incompatibles.<\/p>\n<\/div><\/section><\/div><div  style='height:50px' class='hr hr-invisible   avia-builder-el-6  el_after_av_one_full  el_before_av_social_share '><span class='hr-inner ' ><span class='hr-inner-style'><\/span><\/span><\/div><\/p>\n<div  class='av-social-sharing-box  avia-builder-el-7  el_after_av_hr  el_before_av_hr  '><div class='av-share-box'><h5 class='av-share-link-description av-no-toc '>Compartir esta noticia<\/h5><ul class='av-share-box-list noLightbox'><li class='av-share-link av-social-link-facebook' ><a target=\"_blank\" aria-label=\"Compartir en Facebook\" href='https:\/\/www.facebook.com\/sharer.php?u=https:\/\/radiorevelacionfm.cl\/?p=14851&#038;t=Realizan%20lanzamiento%20de%20Campa%C3%B1a%20de%20Vacunaci%C3%B3n%20contra%20la%20Influenza' aria-hidden='false' data-av_icon='\ue8f3' data-av_iconfont='entypo-fontello' title='' data-avia-related-tooltip='Compartir en Facebook' rel=\"noopener\"><span class='avia_hidden_link_text'>Compartir en Facebook<\/span><\/a><\/li><li class='av-share-link av-social-link-twitter' ><a target=\"_blank\" aria-label=\"Compartir en Twitter\" href='https:\/\/twitter.com\/share?text=Realizan%20lanzamiento%20de%20Campa%C3%B1a%20de%20Vacunaci%C3%B3n%20contra%20la%20Influenza&#038;url=https:\/\/radiorevelacionfm.cl\/?p=14851' aria-hidden='false' data-av_icon='\ue8f1' data-av_iconfont='entypo-fontello' title='' data-avia-related-tooltip='Compartir en Twitter' rel=\"noopener\"><span class='avia_hidden_link_text'>Compartir en Twitter<\/span><\/a><\/li><li class='av-share-link av-social-link-whatsapp' ><a target=\"_blank\" aria-label=\"Compartir en Whatsapp\" href='https:\/\/api.whatsapp.com\/send?text=https:\/\/radiorevelacionfm.cl\/?p=14851' aria-hidden='false' data-av_icon='\uf232' data-av_iconfont='entypo-fontello' title='' data-avia-related-tooltip='Compartir en Whatsapp' rel=\"noopener\"><span class='avia_hidden_link_text'>Compartir en Whatsapp<\/span><\/a><\/li><li class='av-share-link av-social-link-linkedin' ><a target=\"_blank\" aria-label=\"Compartir en LinkedIn\" href='https:\/\/linkedin.com\/shareArticle?mini=true&#038;title=Realizan%20lanzamiento%20de%20Campa%C3%B1a%20de%20Vacunaci%C3%B3n%20contra%20la%20Influenza&#038;url=https:\/\/radiorevelacionfm.cl\/?p=14851' aria-hidden='false' data-av_icon='\ue8fc' data-av_iconfont='entypo-fontello' title='' data-avia-related-tooltip='Compartir en LinkedIn' rel=\"noopener\"><span class='avia_hidden_link_text'>Compartir en LinkedIn<\/span><\/a><\/li><li class='av-share-link av-social-link-mail' ><a  aria-label=\"Compartir por correo\" href='mailto:?subject=Realizan%20lanzamiento%20de%20Campa%C3%B1a%20de%20Vacunaci%C3%B3n%20contra%20la%20Influenza&#038;body=https:\/\/radiorevelacionfm.cl\/?p=14851' aria-hidden='false' data-av_icon='\ue805' data-av_iconfont='entypo-fontello' title='' data-avia-related-tooltip='Compartir por correo'><span class='avia_hidden_link_text'>Compartir por correo<\/span><\/a><\/li><\/ul><\/div><\/div>\n<div  style='height:50px' class='hr hr-invisible   avia-builder-el-8  el_after_av_social_share  el_before_av_comments_list '><span class='hr-inner ' ><span class='hr-inner-style'><\/span><\/span><\/div>\n<div  class='av-buildercomment  av-blog-meta-html-info-disabled av-blog-meta-tag-disabled  '><\/div>\n","protected":false},"excerpt":{"rendered":"","protected":false},"author":1,"featured_media":14852,"comment_status":"open","ping_status":"open","sticky":false,"template":"","format":"standard","meta":{"footnotes":""},"categories":[46],"tags":[],"class_list":["post-14851","post","type-post","status-publish","format-standard","has-post-thumbnail","hentry","category-salud"],"jetpack_featured_media_url":"https:\/\/radiorevelacionfm.cl\/wp-content\/uploads\/2022\/03\/vai-28_optimized.jpg","_links":{"self":[{"href":"https:\/\/radiorevelacionfm.cl\/index.php?rest_route=\/wp\/v2\/posts\/14851","targetHints":{"allow":["GET"]}}],"collection":[{"href":"https:\/\/radiorevelacionfm.cl\/index.php?rest_route=\/wp\/v2\/posts"}],"about":[{"href":"https:\/\/radiorevelacionfm.cl\/index.php?rest_route=\/wp\/v2\/types\/post"}],"author":[{"embeddable":true,"href":"https:\/\/radiorevelacionfm.cl\/index.php?rest_route=\/wp\/v2\/users\/1"}],"replies":[{"embeddable":true,"href":"https:\/\/radiorevelacionfm.cl\/index.php?rest_route=%2Fwp%2Fv2%2Fcomments&post=14851"}],"version-history":[{"count":2,"href":"https:\/\/radiorevelacionfm.cl\/index.php?rest_route=\/wp\/v2\/posts\/14851\/revisions"}],"predecessor-version":[{"id":14854,"href":"https:\/\/radiorevelacionfm.cl\/index.php?rest_route=\/wp\/v2\/posts\/14851\/revisions\/14854"}],"wp:featuredmedia":[{"embeddable":true,"href":"https:\/\/radiorevelacionfm.cl\/index.php?rest_route=\/wp\/v2\/media\/14852"}],"wp:attachment":[{"href":"https:\/\/radiorevelacionfm.cl\/index.php?rest_route=%2Fwp%2Fv2%2Fmedia&parent=14851"}],"wp:term":[{"taxonomy":"category","embeddable":true,"href":"https:\/\/radiorevelacionfm.cl\/index.php?rest_route=%2Fwp%2Fv2%2Fcategories&post=14851"},{"taxonomy":"post_tag","embeddable":true,"href":"https:\/\/radiorevelacionfm.cl\/index.php?rest_route=%2Fwp%2Fv2%2Ftags&post=14851"}],"curies":[{"name":"wp","href":"https:\/\/api.w.org\/{rel}","templated":true}]}}