{"id":14839,"date":"2022-03-21T17:33:22","date_gmt":"2022-03-21T20:33:22","guid":{"rendered":"https:\/\/radiorevelacionfm.cl\/?p=14839"},"modified":"2022-03-21T17:33:22","modified_gmt":"2022-03-21T20:33:22","slug":"comite-de-electrificacion-laguna-esmeralda-se-reune-con-autoridades-para-abordar-dudas-de-ejecucion-del-proyecto","status":"publish","type":"post","link":"https:\/\/radiorevelacionfm.cl\/?p=14839","title":{"rendered":"Comit\u00e9 de Electrificaci\u00f3n Laguna Esmeralda se re\u00fane con autoridades para abordar dudas de ejecuci\u00f3n del proyecto"},"content":{"rendered":"<div class=\"flex_column av_one_full  flex_column_div av-zero-column-padding first  avia-builder-el-0  el_before_av_one_full  avia-builder-el-first  \" style='border-radius:0px; '><div  class='avia-image-container  av-styling-    avia-builder-el-1  avia-builder-el-no-sibling  avia-align-center '  itemprop=\"image\" itemscope=\"itemscope\" itemtype=\"https:\/\/schema.org\/ImageObject\"  ><div class='avia-image-container-inner'><div class='avia-image-overlay-wrap'><img decoding=\"async\" class='wp-image-14840 avia-img-lazy-loading-not-14840 avia_image' src=\"https:\/\/radiorevelacionfm.cl\/wp-content\/uploads\/2022\/03\/Elec-1-1-1.jpeg\" alt='' title='Elec 1 (1) (1)' height=\"600\" width=\"900\"  itemprop=\"thumbnailUrl\" srcset=\"https:\/\/radiorevelacionfm.cl\/wp-content\/uploads\/2022\/03\/Elec-1-1-1.jpeg 900w, https:\/\/radiorevelacionfm.cl\/wp-content\/uploads\/2022\/03\/Elec-1-1-1-300x200.jpeg 300w, https:\/\/radiorevelacionfm.cl\/wp-content\/uploads\/2022\/03\/Elec-1-1-1-768x512.jpeg 768w, https:\/\/radiorevelacionfm.cl\/wp-content\/uploads\/2022\/03\/Elec-1-1-1-705x470.jpeg 705w, https:\/\/radiorevelacionfm.cl\/wp-content\/uploads\/2022\/03\/Elec-1-1-1-600x400.jpeg 600w\" sizes=\"(max-width: 900px) 100vw, 900px\" \/><\/div><\/div><\/div><\/div><div class=\"flex_column av_one_full  flex_column_div av-zero-column-padding first  avia-builder-el-2  el_after_av_one_full  el_before_av_one_full  column-top-margin\" style='border-radius:0px; '><section class=\"av_textblock_section \"  itemscope=\"itemscope\" itemtype=\"https:\/\/schema.org\/BlogPosting\" itemprop=\"blogPost\" ><div class='avia_textblock  '   itemprop=\"text\" ><p style=\"text-align: center;\"><strong><span style=\"font-size: 18pt;\">Comit\u00e9 de Electrificaci\u00f3n Laguna Esmeralda se re\u00fane con autoridades para abordar dudas de ejecuci\u00f3n del proyecto<\/span><\/strong><\/p>\n<div id=\"gtx-trans\" style=\"position: absolute; left: -50px; top: 4.31534px;\">\n<div class=\"gtx-trans-icon\"><\/div>\n<\/div>\n<\/div><\/section><\/div><div class=\"flex_column av_one_full  flex_column_div av-zero-column-padding first  avia-builder-el-4  el_after_av_one_full  el_before_av_hr  column-top-margin\" style='border-radius:0px; '><section class=\"av_textblock_section \"  itemscope=\"itemscope\" itemtype=\"https:\/\/schema.org\/BlogPosting\" itemprop=\"blogPost\" ><div class='avia_textblock  '   itemprop=\"text\" ><p style=\"text-align: justify;\">El proyecto de construcci\u00f3n electrificaci\u00f3n rural sector Laguna Esmeralda, comuna de Cochrane, se encuentra en ejecuci\u00f3n en la etapa de permisolog\u00eda exigida previa al inicio de obras civiles. En esta fase, es que el Servicio de Evaluaci\u00f3n Ambiental (SEA) determin\u00f3 que el proyecto debe ingresar a declaraci\u00f3n ambiental, por estar dentro de las ZOIT de la Provincia de Los Glaciares.<\/p>\n<p style=\"text-align: justify;\">La Gobernadora Regional, Andrea Mac\u00edas Palma, al informarse de esta situaci\u00f3n, el jueves 10 del presente mes se reuni\u00f3 con el Director del SEA en donde se acord\u00f3 acciones de colaboraci\u00f3n en cuanto a los plazos de las respuestas administrativas necesarias para continuar con el proyecto.<\/p>\n<p style=\"text-align: justify;\">La situaci\u00f3n manten\u00eda en alerta a vecinos y vecinas beneficiados, por lo que se realiz\u00f3 un encuentro entre autoridades regionales y comunales para despejar dudas y ver los pasos a seguir.<\/p>\n<p style=\"text-align: justify;\">Para Francisco Javier Herrera Urrutia, presidente del Comit\u00e9, si bien los retrasos que ha sufrido el proceso los tiene decepcionados, agradece la claridad en la informaci\u00f3n presentada. \u00abEstamos satisfechos tambi\u00e9n con la informaci\u00f3n con la transparencia de la forma en que se nos entrega esta y esperando bueno con un poco m\u00e1s de paciencia, que todo se solucione para el beneficio de nuestra comuna y de nuestros vecinos. 58 familias del sector Laguna Esmeralda y cercano tambi\u00e9n a \u00e9l mismo sector\u00bb, afirm\u00f3.<\/p>\n<p style=\"text-align: justify;\">La Gobernadora, quien estuvo acompa\u00f1ada por los dos Consejeros Regionales de la Provincia, Jorge Abello y V\u00edctor Escobar, plante\u00f3 la realidad del escenario y la preocupaci\u00f3n de las divisiones del Gobierno Regional en el seguimiento del proyecto.<\/p>\n<p style=\"text-align: justify;\">\u00abA pesar de la planificaci\u00f3n, existen veces que suceden cosas en el camino y siempre hemos comprometido poder conversar con la comunidad y de frente para poder compartir informaci\u00f3n fidedigna respecto las iniciativas que realizamos como Gobierno Regional. En ese sentido, hoy d\u00eda nos hemos reunido con los pobladores del sector para contarles el estado de avance y la posibilidad de que pueda existir ingresar al SEIA para poder avanzar con el proyecto. Si bien sabemos que esto puede retrasar en algunos meses la ejecuci\u00f3n de la iniciativa, nuestro compromiso como Gobierno Regional sigue en pie de manera absoluta y vamos avanzar con la electrificaci\u00f3n con la extensi\u00f3n de redes del sector Laguna Esmeralda. Los pobladores que all\u00ed residen necesitan dignidad, adem\u00e1s poder alcanzar mayores niveles de desarrollo y sin duda contar con servicios b\u00e1sicos es una base que facilita poder alcanzar este objetivo\u00bb, coment\u00f3 la Gobernadora.<\/p>\n<p style=\"text-align: justify;\">Para el Consejero Jorge Abello, la reuni\u00f3n fue importante para aclarar informaci\u00f3n respecto del proyecto. \u00abHemos asumido compromisos para poder destrabar esta situaci\u00f3n y creo que hay dos caminos a seguir, uno lo que se menciona ya de poder avanzar hacia una declaraci\u00f3n de impacto ambiental que lo que se estar\u00eda solicitando, pero en paralelo tambi\u00e9n poder cuestionar a la institucionalidad ambiental este caso al SEA por las medidas que est\u00e1n exigiendo creemos que un camino que hay que seguir que hay que explorarlo\u00bb.<\/p>\n<p style=\"text-align: justify;\">Por su parte, el Consejero V\u00edctor Escobar agradeci\u00f3 la visita de la Gobernadora para poder dar informaci\u00f3n directamente a los vecinos y vecinas. \u00abSeguiremos trabajando en el Consejo Regional para ver la problem\u00e1tica que el d\u00eda de hoy nos presenta el SEA a trav\u00e9s de impacto ambiental que ha demorado un poco m\u00e1s el proyecto, pero vamos seguir trabajando para poder solucionarlo\u00bb, puntualiz\u00f3.<\/p>\n<p style=\"text-align: justify;\">El proyecto cuenta con una inversi\u00f3n cercana a los 900 millones de pesos de parte del Gobierno Regional de Ays\u00e9n.<\/p>\n<\/div><\/section><\/div><div  style='height:50px' class='hr hr-invisible   avia-builder-el-6  el_after_av_one_full  el_before_av_social_share '><span class='hr-inner ' ><span class='hr-inner-style'><\/span><\/span><\/div><\/p>\n<div  class='av-social-sharing-box  avia-builder-el-7  el_after_av_hr  el_before_av_hr  '><div class='av-share-box'><h5 class='av-share-link-description av-no-toc '>Compartir esta noticia<\/h5><ul class='av-share-box-list noLightbox'><li class='av-share-link av-social-link-facebook' ><a target=\"_blank\" aria-label=\"Compartir en Facebook\" href='https:\/\/www.facebook.com\/sharer.php?u=https:\/\/radiorevelacionfm.cl\/?p=14839&#038;t=Comit%C3%A9%20de%20Electrificaci%C3%B3n%20Laguna%20Esmeralda%20se%20re%C3%BAne%20con%20autoridades%20para%20abordar%20dudas%20de%20ejecuci%C3%B3n%20del%20proyecto' aria-hidden='false' data-av_icon='\ue8f3' data-av_iconfont='entypo-fontello' title='' data-avia-related-tooltip='Compartir en Facebook' rel=\"noopener\"><span class='avia_hidden_link_text'>Compartir en Facebook<\/span><\/a><\/li><li class='av-share-link av-social-link-twitter' ><a target=\"_blank\" aria-label=\"Compartir en Twitter\" href='https:\/\/twitter.com\/share?text=Comit%C3%A9%20de%20Electrificaci%C3%B3n%20Laguna%20Esmeralda%20se%20re%C3%BAne%20con%20autoridades%20para%20abordar%20dudas%20de%20ejecuci%C3%B3n%20del%20proyecto&#038;url=https:\/\/radiorevelacionfm.cl\/?p=14839' aria-hidden='false' data-av_icon='\ue8f1' data-av_iconfont='entypo-fontello' title='' data-avia-related-tooltip='Compartir en Twitter' rel=\"noopener\"><span class='avia_hidden_link_text'>Compartir en Twitter<\/span><\/a><\/li><li class='av-share-link av-social-link-whatsapp' ><a target=\"_blank\" aria-label=\"Compartir en Whatsapp\" href='https:\/\/api.whatsapp.com\/send?text=https:\/\/radiorevelacionfm.cl\/?p=14839' aria-hidden='false' data-av_icon='\uf232' data-av_iconfont='entypo-fontello' title='' data-avia-related-tooltip='Compartir en Whatsapp' rel=\"noopener\"><span class='avia_hidden_link_text'>Compartir en Whatsapp<\/span><\/a><\/li><li class='av-share-link av-social-link-linkedin' ><a target=\"_blank\" aria-label=\"Compartir en LinkedIn\" href='https:\/\/linkedin.com\/shareArticle?mini=true&#038;title=Comit%C3%A9%20de%20Electrificaci%C3%B3n%20Laguna%20Esmeralda%20se%20re%C3%BAne%20con%20autoridades%20para%20abordar%20dudas%20de%20ejecuci%C3%B3n%20del%20proyecto&#038;url=https:\/\/radiorevelacionfm.cl\/?p=14839' aria-hidden='false' data-av_icon='\ue8fc' data-av_iconfont='entypo-fontello' title='' data-avia-related-tooltip='Compartir en LinkedIn' rel=\"noopener\"><span class='avia_hidden_link_text'>Compartir en LinkedIn<\/span><\/a><\/li><li class='av-share-link av-social-link-mail' ><a  aria-label=\"Compartir por correo\" href='mailto:?subject=Comit%C3%A9%20de%20Electrificaci%C3%B3n%20Laguna%20Esmeralda%20se%20re%C3%BAne%20con%20autoridades%20para%20abordar%20dudas%20de%20ejecuci%C3%B3n%20del%20proyecto&#038;body=https:\/\/radiorevelacionfm.cl\/?p=14839' aria-hidden='false' data-av_icon='\ue805' data-av_iconfont='entypo-fontello' title='' data-avia-related-tooltip='Compartir por correo'><span class='avia_hidden_link_text'>Compartir por correo<\/span><\/a><\/li><\/ul><\/div><\/div>\n<div  style='height:50px' class='hr hr-invisible   avia-builder-el-8  el_after_av_social_share  el_before_av_comments_list '><span class='hr-inner ' ><span class='hr-inner-style'><\/span><\/span><\/div>\n<div  class='av-buildercomment  av-blog-meta-html-info-disabled av-blog-meta-tag-disabled  '><\/div>\n","protected":false},"excerpt":{"rendered":"","protected":false},"author":1,"featured_media":14840,"comment_status":"open","ping_status":"open","sticky":false,"template":"","format":"standard","meta":{"footnotes":""},"categories":[38],"tags":[],"class_list":["post-14839","post","type-post","status-publish","format-standard","has-post-thumbnail","hentry","category-regional"],"jetpack_featured_media_url":"https:\/\/radiorevelacionfm.cl\/wp-content\/uploads\/2022\/03\/Elec-1-1-1.jpeg","_links":{"self":[{"href":"https:\/\/radiorevelacionfm.cl\/index.php?rest_route=\/wp\/v2\/posts\/14839","targetHints":{"allow":["GET"]}}],"collection":[{"href":"https:\/\/radiorevelacionfm.cl\/index.php?rest_route=\/wp\/v2\/posts"}],"about":[{"href":"https:\/\/radiorevelacionfm.cl\/index.php?rest_route=\/wp\/v2\/types\/post"}],"author":[{"embeddable":true,"href":"https:\/\/radiorevelacionfm.cl\/index.php?rest_route=\/wp\/v2\/users\/1"}],"replies":[{"embeddable":true,"href":"https:\/\/radiorevelacionfm.cl\/index.php?rest_route=%2Fwp%2Fv2%2Fcomments&post=14839"}],"version-history":[{"count":2,"href":"https:\/\/radiorevelacionfm.cl\/index.php?rest_route=\/wp\/v2\/posts\/14839\/revisions"}],"predecessor-version":[{"id":14842,"href":"https:\/\/radiorevelacionfm.cl\/index.php?rest_route=\/wp\/v2\/posts\/14839\/revisions\/14842"}],"wp:featuredmedia":[{"embeddable":true,"href":"https:\/\/radiorevelacionfm.cl\/index.php?rest_route=\/wp\/v2\/media\/14840"}],"wp:attachment":[{"href":"https:\/\/radiorevelacionfm.cl\/index.php?rest_route=%2Fwp%2Fv2%2Fmedia&parent=14839"}],"wp:term":[{"taxonomy":"category","embeddable":true,"href":"https:\/\/radiorevelacionfm.cl\/index.php?rest_route=%2Fwp%2Fv2%2Fcategories&post=14839"},{"taxonomy":"post_tag","embeddable":true,"href":"https:\/\/radiorevelacionfm.cl\/index.php?rest_route=%2Fwp%2Fv2%2Ftags&post=14839"}],"curies":[{"name":"wp","href":"https:\/\/api.w.org\/{rel}","templated":true}]}}