{"id":14816,"date":"2022-03-21T09:23:39","date_gmt":"2022-03-21T12:23:39","guid":{"rendered":"https:\/\/radiorevelacionfm.cl\/?p=14816"},"modified":"2022-03-21T09:23:39","modified_gmt":"2022-03-21T12:23:39","slug":"con-encuentro-sentemonos-a-conversar-la-cchc-celebro-el-dia-del-trabajador-y-trabajadora-de-la-construccion","status":"publish","type":"post","link":"https:\/\/radiorevelacionfm.cl\/?p=14816","title":{"rendered":"Con encuentro \u00abSent\u00e9monos a conversar\u00bb la CChC celebr\u00f3 el d\u00eda del trabajador y trabajadora de la construcci\u00f3n"},"content":{"rendered":"<div class=\"flex_column av_one_full  flex_column_div av-zero-column-padding first  avia-builder-el-0  el_before_av_one_full  avia-builder-el-first  \" style='border-radius:0px; '><div  class='avia-image-container  av-styling-    avia-builder-el-1  avia-builder-el-no-sibling  avia-align-center '  itemprop=\"image\" itemscope=\"itemscope\" itemtype=\"https:\/\/schema.org\/ImageObject\"  ><div class='avia-image-container-inner'><div class='avia-image-overlay-wrap'><img decoding=\"async\" class='wp-image-14817 avia-img-lazy-loading-not-14817 avia_image' src=\"https:\/\/radiorevelacionfm.cl\/wp-content\/uploads\/2022\/03\/cchc-3-1_optimized.jpeg\" alt='' title='cchc-3-(1)_optimized' height=\"600\" width=\"1029\"  itemprop=\"thumbnailUrl\" srcset=\"https:\/\/radiorevelacionfm.cl\/wp-content\/uploads\/2022\/03\/cchc-3-1_optimized.jpeg 1029w, https:\/\/radiorevelacionfm.cl\/wp-content\/uploads\/2022\/03\/cchc-3-1_optimized-300x175.jpeg 300w, https:\/\/radiorevelacionfm.cl\/wp-content\/uploads\/2022\/03\/cchc-3-1_optimized-768x448.jpeg 768w, https:\/\/radiorevelacionfm.cl\/wp-content\/uploads\/2022\/03\/cchc-3-1_optimized-705x411.jpeg 705w, https:\/\/radiorevelacionfm.cl\/wp-content\/uploads\/2022\/03\/cchc-3-1_optimized-600x350.jpeg 600w\" sizes=\"(max-width: 1029px) 100vw, 1029px\" \/><\/div><\/div><\/div><\/div><div class=\"flex_column av_one_full  flex_column_div av-zero-column-padding first  avia-builder-el-2  el_after_av_one_full  el_before_av_one_full  column-top-margin\" style='border-radius:0px; '><section class=\"av_textblock_section \"  itemscope=\"itemscope\" itemtype=\"https:\/\/schema.org\/BlogPosting\" itemprop=\"blogPost\" ><div class='avia_textblock  '   itemprop=\"text\" ><p style=\"text-align: center;\"><span style=\"font-size: 18pt;\"><b><span lang=\"ES\">Con encuentro \u00abSent\u00e9monos a conversar\u00bb la CChC celebr\u00f3 el d\u00eda del trabajador y trabajadora de la construcci\u00f3n<\/span><\/b><\/span><\/p>\n<div id=\"gtx-trans\" style=\"position: absolute; left: -50px; top: 4.31534px;\">\n<div class=\"gtx-trans-icon\"><\/div>\n<\/div>\n<\/div><\/section><\/div><div class=\"flex_column av_one_full  flex_column_div av-zero-column-padding first  avia-builder-el-4  el_after_av_one_full  el_before_av_hr  column-top-margin\" style='border-radius:0px; '><section class=\"av_textblock_section \"  itemscope=\"itemscope\" itemtype=\"https:\/\/schema.org\/BlogPosting\" itemprop=\"blogPost\" ><div class='avia_textblock  '   itemprop=\"text\" ><p style=\"font-weight: 400; text-align: justify;\">En el marco del D\u00eda del Trabajador y la Trabajadora de la Construcci\u00f3n, que se celebr\u00f3 este s\u00e1bado 19 de marzo, la C\u00e1mara Chilena de la Construcci\u00f3n (CChC) sede Coyhaique, dio inicio a un nuevo ciclo de su iniciativa \u201cSent\u00e9monos a Conversar\u201d. Instancia que tiene por objetivo promover el di\u00e1logo transversal en las obras para generar espacios de confianza y contribuir a mejorar la calidad de vida laboral, seguridad y bienestar de los y las trabajadoras.<\/p>\n<p style=\"font-weight: 400; text-align: justify;\">En Coyhaique, la actividad se llev\u00f3 a cabo en obras que est\u00e1n siendo ejecutadas por las empresas Ojeda Ingenier\u00eda Limitada, Constructora Manuel Suazo y Naser, reuniendo a sus trabajadores, trabajadoras, directivos, socios de la CChC Regional y autoridades regionales, entre ellas; el delegado presidencial (s), Jorge Salfate, Victoria Sierra, directora del Trabajo, Gabriela Retamal en representaci\u00f3n del Municipio de Coyhaique y el consejero regional, Rocco Martiniello.<\/p>\n<p style=\"font-weight: 400; text-align: justify;\">Sobre el encuentro, la presidenta del Consejo Social Regional de la CChC sede Coyhaique, Ildegar Kunz, manifest\u00f3 que \u201chemos hecho esta actividad con mucho cari\u00f1o por el d\u00eda del trabajador y trabajadora de la Construcci\u00f3n e iniciar este hito que estamos realizando desde el 2019, siendo el piso azul un s\u00edmbolo de ella. Nos juntamos para sentarnos a conversar con los empresarios y sus trabajadores, para reflexionar en torno a la importancia de su labor y ver c\u00f3mo podemos mejorar la actividad que est\u00e1n realizando\u201d.<\/p>\n<p style=\"font-weight: 400; text-align: justify;\">\u201cCon ello, logramos intercambiar ideas y escucharlos en las inquietudes que tienen, porque eso mejora tambi\u00e9n la productividad en las empresas y nos permite darles a conocer los beneficios que generamos desde el \u00e1rea social, como son, beneficios en salud, capacitaci\u00f3n, para sus familias y tambi\u00e9n en actividades tanto culturales como deportivas\u201d, agreg\u00f3 Kunz.<\/p>\n<p style=\"font-weight: 400; text-align: justify;\">Por su parte, Carlos Palma, t\u00e9cnico el\u00e9ctrico de Ojeda Ingenier\u00eda Ltda, expres\u00f3 que \u201che trabajado en el rubro desde los 14 a\u00f1os, me gusta lo que hace la C\u00e1mara de la Construcci\u00f3n, me han servido para estudiar sus cursos, lo que ayuda a progresar y este tipo de actividades son un buen incentivo para que todos aprendamos, nos interioricemos y motivemos desde las diversas \u00e1reas en torno a aprendizajes y cambios que tenemos en nuestro trabajo, m\u00e1s en nuestro \u00e1mbito como la electricidad\u201d.<\/p>\n<p style=\"font-weight: 400; text-align: justify;\">En tanto, Claudio Ojeda, gerente de la empresa Ojeda Ingenier\u00eda Ltda., coment\u00f3 que \u201cel motivo de este encuentro ha sido celebrar el d\u00eda del trabajador y la trabajadora, que se est\u00e1 llevando a cabo a nivel nacional y en nuestra regi\u00f3n como parte de las actividades CChC. La idea, ha sido tener un di\u00e1logo franco, relacionado a la construcci\u00f3n, c\u00f3mo se sienten los trabajadores, la seguridad, cu\u00e1nto les ha afectado la pandemia y de la relevancia de su quehacer en las obras\u201d.<\/p>\n<p style=\"font-weight: 400; text-align: justify;\">\u201cEste tipo de iniciativas est\u00e1n en la l\u00ednea con la vocaci\u00f3n de la C\u00e1mara Chilena de la Construcci\u00f3n y sus empresas, sobre todo hoy, en que debemos conversar m\u00e1s sobre las dificultades que hemos estado enfrentando como pa\u00eds y sobre la vida misma de nuestros trabajadores y trabajadoras\u201d, enfatiz\u00f3 Ojeda.<\/p>\n<\/div><\/section><\/div><div  style='height:50px' class='hr hr-invisible   avia-builder-el-6  el_after_av_one_full  el_before_av_social_share '><span class='hr-inner ' ><span class='hr-inner-style'><\/span><\/span><\/div><\/p>\n<div  class='av-social-sharing-box  avia-builder-el-7  el_after_av_hr  el_before_av_hr  '><div class='av-share-box'><h5 class='av-share-link-description av-no-toc '>Compartir esta noticia<\/h5><ul class='av-share-box-list noLightbox'><li class='av-share-link av-social-link-facebook' ><a target=\"_blank\" aria-label=\"Compartir en Facebook\" href='https:\/\/www.facebook.com\/sharer.php?u=https:\/\/radiorevelacionfm.cl\/?p=14816&#038;t=Con%20encuentro%20%C2%ABSent%C3%A9monos%20a%20conversar%C2%BB%20la%20CChC%20celebr%C3%B3%20el%20d%C3%ADa%20del%20trabajador%20y%20trabajadora%20de%20la%20construcci%C3%B3n' aria-hidden='false' data-av_icon='\ue8f3' data-av_iconfont='entypo-fontello' title='' data-avia-related-tooltip='Compartir en Facebook' rel=\"noopener\"><span class='avia_hidden_link_text'>Compartir en Facebook<\/span><\/a><\/li><li class='av-share-link av-social-link-twitter' ><a target=\"_blank\" aria-label=\"Compartir en Twitter\" href='https:\/\/twitter.com\/share?text=Con%20encuentro%20%C2%ABSent%C3%A9monos%20a%20conversar%C2%BB%20la%20CChC%20celebr%C3%B3%20el%20d%C3%ADa%20del%20trabajador%20y%20trabajadora%20de%20la%20construcci%C3%B3n&#038;url=https:\/\/radiorevelacionfm.cl\/?p=14816' aria-hidden='false' data-av_icon='\ue8f1' data-av_iconfont='entypo-fontello' title='' data-avia-related-tooltip='Compartir en Twitter' rel=\"noopener\"><span class='avia_hidden_link_text'>Compartir en Twitter<\/span><\/a><\/li><li class='av-share-link av-social-link-whatsapp' ><a target=\"_blank\" aria-label=\"Compartir en Whatsapp\" href='https:\/\/api.whatsapp.com\/send?text=https:\/\/radiorevelacionfm.cl\/?p=14816' aria-hidden='false' data-av_icon='\uf232' data-av_iconfont='entypo-fontello' title='' data-avia-related-tooltip='Compartir en Whatsapp' rel=\"noopener\"><span class='avia_hidden_link_text'>Compartir en Whatsapp<\/span><\/a><\/li><li class='av-share-link av-social-link-linkedin' ><a target=\"_blank\" aria-label=\"Compartir en LinkedIn\" href='https:\/\/linkedin.com\/shareArticle?mini=true&#038;title=Con%20encuentro%20%C2%ABSent%C3%A9monos%20a%20conversar%C2%BB%20la%20CChC%20celebr%C3%B3%20el%20d%C3%ADa%20del%20trabajador%20y%20trabajadora%20de%20la%20construcci%C3%B3n&#038;url=https:\/\/radiorevelacionfm.cl\/?p=14816' aria-hidden='false' data-av_icon='\ue8fc' data-av_iconfont='entypo-fontello' title='' data-avia-related-tooltip='Compartir en LinkedIn' rel=\"noopener\"><span class='avia_hidden_link_text'>Compartir en LinkedIn<\/span><\/a><\/li><li class='av-share-link av-social-link-mail' ><a  aria-label=\"Compartir por correo\" href='mailto:?subject=Con%20encuentro%20%C2%ABSent%C3%A9monos%20a%20conversar%C2%BB%20la%20CChC%20celebr%C3%B3%20el%20d%C3%ADa%20del%20trabajador%20y%20trabajadora%20de%20la%20construcci%C3%B3n&#038;body=https:\/\/radiorevelacionfm.cl\/?p=14816' aria-hidden='false' data-av_icon='\ue805' data-av_iconfont='entypo-fontello' title='' data-avia-related-tooltip='Compartir por correo'><span class='avia_hidden_link_text'>Compartir por correo<\/span><\/a><\/li><\/ul><\/div><\/div>\n<div  style='height:50px' class='hr hr-invisible   avia-builder-el-8  el_after_av_social_share  el_before_av_comments_list '><span class='hr-inner ' ><span class='hr-inner-style'><\/span><\/span><\/div>\n<div  class='av-buildercomment  av-blog-meta-html-info-disabled av-blog-meta-tag-disabled  '><\/div>\n","protected":false},"excerpt":{"rendered":"","protected":false},"author":1,"featured_media":14817,"comment_status":"open","ping_status":"open","sticky":false,"template":"","format":"standard","meta":{"footnotes":""},"categories":[38],"tags":[],"class_list":["post-14816","post","type-post","status-publish","format-standard","has-post-thumbnail","hentry","category-regional"],"jetpack_featured_media_url":"https:\/\/radiorevelacionfm.cl\/wp-content\/uploads\/2022\/03\/cchc-3-1_optimized.jpeg","_links":{"self":[{"href":"https:\/\/radiorevelacionfm.cl\/index.php?rest_route=\/wp\/v2\/posts\/14816","targetHints":{"allow":["GET"]}}],"collection":[{"href":"https:\/\/radiorevelacionfm.cl\/index.php?rest_route=\/wp\/v2\/posts"}],"about":[{"href":"https:\/\/radiorevelacionfm.cl\/index.php?rest_route=\/wp\/v2\/types\/post"}],"author":[{"embeddable":true,"href":"https:\/\/radiorevelacionfm.cl\/index.php?rest_route=\/wp\/v2\/users\/1"}],"replies":[{"embeddable":true,"href":"https:\/\/radiorevelacionfm.cl\/index.php?rest_route=%2Fwp%2Fv2%2Fcomments&post=14816"}],"version-history":[{"count":2,"href":"https:\/\/radiorevelacionfm.cl\/index.php?rest_route=\/wp\/v2\/posts\/14816\/revisions"}],"predecessor-version":[{"id":14825,"href":"https:\/\/radiorevelacionfm.cl\/index.php?rest_route=\/wp\/v2\/posts\/14816\/revisions\/14825"}],"wp:featuredmedia":[{"embeddable":true,"href":"https:\/\/radiorevelacionfm.cl\/index.php?rest_route=\/wp\/v2\/media\/14817"}],"wp:attachment":[{"href":"https:\/\/radiorevelacionfm.cl\/index.php?rest_route=%2Fwp%2Fv2%2Fmedia&parent=14816"}],"wp:term":[{"taxonomy":"category","embeddable":true,"href":"https:\/\/radiorevelacionfm.cl\/index.php?rest_route=%2Fwp%2Fv2%2Fcategories&post=14816"},{"taxonomy":"post_tag","embeddable":true,"href":"https:\/\/radiorevelacionfm.cl\/index.php?rest_route=%2Fwp%2Fv2%2Ftags&post=14816"}],"curies":[{"name":"wp","href":"https:\/\/api.w.org\/{rel}","templated":true}]}}