{"id":14814,"date":"2022-03-21T10:11:54","date_gmt":"2022-03-21T13:11:54","guid":{"rendered":"https:\/\/radiorevelacionfm.cl\/?p=14814"},"modified":"2022-03-21T10:11:54","modified_gmt":"2022-03-21T13:11:54","slug":"senador-sandoval-espera-pronto-nombramiento-e-instalacion-de-nuevas-autoridades-regionales","status":"publish","type":"post","link":"https:\/\/radiorevelacionfm.cl\/?p=14814","title":{"rendered":"Senador Sandoval espera pronto nombramiento e instalaci\u00f3n de nuevas autoridades regionales"},"content":{"rendered":"<div class=\"flex_column av_one_full  flex_column_div av-zero-column-padding first  avia-builder-el-0  el_before_av_one_full  avia-builder-el-first  \" style='border-radius:0px; '><div  class='avia-image-container  av-styling-    avia-builder-el-1  avia-builder-el-no-sibling  avia-align-center '  itemprop=\"image\" itemscope=\"itemscope\" itemtype=\"https:\/\/schema.org\/ImageObject\"  ><div class='avia-image-container-inner'><div class='avia-image-overlay-wrap'><img decoding=\"async\" class='wp-image-4797 avia-img-lazy-loading-not-4797 avia_image' src=\"https:\/\/radiorevelacionfm.cl\/wp-content\/uploads\/2021\/06\/Sandoval-8-1-1.jpg\" alt='' title='Sandoval-8 (1) (1)' height=\"600\" width=\"926\"  itemprop=\"thumbnailUrl\" srcset=\"https:\/\/radiorevelacionfm.cl\/wp-content\/uploads\/2021\/06\/Sandoval-8-1-1.jpg 926w, https:\/\/radiorevelacionfm.cl\/wp-content\/uploads\/2021\/06\/Sandoval-8-1-1-300x194.jpg 300w, https:\/\/radiorevelacionfm.cl\/wp-content\/uploads\/2021\/06\/Sandoval-8-1-1-768x498.jpg 768w, https:\/\/radiorevelacionfm.cl\/wp-content\/uploads\/2021\/06\/Sandoval-8-1-1-705x457.jpg 705w, https:\/\/radiorevelacionfm.cl\/wp-content\/uploads\/2021\/06\/Sandoval-8-1-1-600x389.jpg 600w\" sizes=\"(max-width: 926px) 100vw, 926px\" \/><\/div><\/div><\/div><\/div><div class=\"flex_column av_one_full  flex_column_div av-zero-column-padding first  avia-builder-el-2  el_after_av_one_full  el_before_av_one_full  column-top-margin\" style='border-radius:0px; '><section class=\"av_textblock_section \"  itemscope=\"itemscope\" itemtype=\"https:\/\/schema.org\/BlogPosting\" itemprop=\"blogPost\" ><div class='avia_textblock  '   itemprop=\"text\" ><p style=\"text-align: center;\"><strong><span style=\"font-size: 18pt;\">Senador Sandoval espera pronto nombramiento e instalaci\u00f3n de nuevas autoridades regionales<\/span><\/strong><\/p>\n<div id=\"gtx-trans\" style=\"position: absolute; left: -50px; top: 4.31534px;\">\n<div class=\"gtx-trans-icon\"><\/div>\n<\/div>\n<\/div><\/section><\/div><div class=\"flex_column av_one_full  flex_column_div av-zero-column-padding first  avia-builder-el-4  el_after_av_one_full  el_before_av_hr  column-top-margin\" style='border-radius:0px; '><section class=\"av_textblock_section \"  itemscope=\"itemscope\" itemtype=\"https:\/\/schema.org\/BlogPosting\" itemprop=\"blogPost\" ><div class='avia_textblock  '   itemprop=\"text\" ><p style=\"text-align: justify;\">En su tradicional espacio radial del fin de semana, el senador David Sandoval, se refiri\u00f3 a distintos problemas que aquejan actualmente a la comunidad local: la conectividad lacustre en la zona del Lago General Carrera y el mal estado de la ruta 7 sur, en el tramo Villa Cerro Castillo y Puerto R\u00edo Tranquilo.<\/p>\n<p style=\"text-align: justify;\">Y esto, haciendo hincapi\u00e9 en la necesidad de que se nombre e instalen prontamente las nuevas autoridades regionales, para as\u00ed atender las demandas de los vecinos de distintos sectores de la regi\u00f3n, m\u00e1s all\u00e1 que ya est\u00e9n en funciones el Delegado Presidencial, Rodrigo Araya, los delegados provinciales y la seremi de Educaci\u00f3n. \u201cLo que se plantea en el concejo Municipal de R\u00edo Ib\u00e1\u00f1ez es absolutamente atingente\u201d, se\u00f1al\u00f3 Sandoval, haciendo referencia a la declaraci\u00f3n que hizo dicha instancia respecto a los problemas que presenta el camino, recalcando en que se necesita abordar integralmente el tema y buscar una soluci\u00f3n, considerando el impacto que tiene esta ruta para las comunidades locales.<\/p>\n<p style=\"text-align: justify;\">Adem\u00e1s, tambi\u00e9n se refiri\u00f3 a los problemas con la conectividad lacustre que afecta a vecinos de Chile Chico, lo cual sigue sin una soluci\u00f3n definitiva. \u201cAparentemente la barcaza Tehuelche tiene para harto tiempo m\u00e1s y yo creo que aqu\u00ed falta transparentar m\u00e1s la informaci\u00f3n, cu\u00e1l es la situaci\u00f3n concreta, porque no est\u00e1 la Tehuelche, la Pilchero anda de repente y la Chelenko, que es la m\u00e1s chica, es particular y hace otros tipos de servicios tambi\u00e9n\u201d, puntualiz\u00f3.<\/p>\n<p style=\"text-align: justify;\">\u201cO sea, (hay) una serie de dificultades, por lo que evidentemente urge que se trate de normalizar la instalaci\u00f3n del Gobierno, porque las comunidades y todos necesitamos golpear la puerta a alguien\u201d, enfatiz\u00f3.<\/p>\n<p style=\"text-align: justify;\"><strong>Conectividad terrestre con el resto del pa\u00eds <\/strong><\/p>\n<p style=\"text-align: justify;\">De igual manera, Sandoval hizo hincapi\u00e9 en el rol que tiene el Estado en materia de conectividad terrestre para la zona, se\u00f1alando que se debe enfrentar el principal cuello de botella que tiene nuestra regi\u00f3n en Los Lagos, para finalmente unir a Ays\u00e9n, por un camino, con el resto del pa\u00eds, para lo cual propone realizar un trabajo conjunto con parlamentarios de Los Lagos. \u201cSe hicieron grandes avances en materia de la ruta 7 norte, pero mientras no abramos Palena vamos a seguir dependiendo de la barcaza. Hay que poner \u00e9nfasis (en esto), esperando sinceramente que podamos avanzar\u201d, puntualiz\u00f3.<\/p>\n<p style=\"text-align: justify;\">Finalmente, el legislador recalc\u00f3 que sin perjuicio de la necesidad de avanzar en la conectividad con el resto del pa\u00eds, espera que este Gobierno mantenga el mismo ritmo de pavimentaci\u00f3n que se realiz\u00f3 durante la administraci\u00f3n del Presidente Sebasti\u00e1n Pi\u00f1era, concentrando los esfuerzos en la ruta 7 sur.<\/p>\n<\/div><\/section><\/div><div  style='height:50px' class='hr hr-invisible   avia-builder-el-6  el_after_av_one_full  el_before_av_social_share '><span class='hr-inner ' ><span class='hr-inner-style'><\/span><\/span><\/div><\/p>\n<div  class='av-social-sharing-box  avia-builder-el-7  el_after_av_hr  el_before_av_hr  '><div class='av-share-box'><h5 class='av-share-link-description av-no-toc '>Compartir esta noticia<\/h5><ul class='av-share-box-list noLightbox'><li class='av-share-link av-social-link-facebook' ><a target=\"_blank\" aria-label=\"Compartir en Facebook\" href='https:\/\/www.facebook.com\/sharer.php?u=https:\/\/radiorevelacionfm.cl\/?p=14814&#038;t=Senador%20Sandoval%20espera%20pronto%20nombramiento%20e%20instalaci%C3%B3n%20de%20nuevas%20autoridades%20regionales' aria-hidden='false' data-av_icon='\ue8f3' data-av_iconfont='entypo-fontello' title='' data-avia-related-tooltip='Compartir en Facebook' rel=\"noopener\"><span class='avia_hidden_link_text'>Compartir en Facebook<\/span><\/a><\/li><li class='av-share-link av-social-link-twitter' ><a target=\"_blank\" aria-label=\"Compartir en Twitter\" href='https:\/\/twitter.com\/share?text=Senador%20Sandoval%20espera%20pronto%20nombramiento%20e%20instalaci%C3%B3n%20de%20nuevas%20autoridades%20regionales&#038;url=https:\/\/radiorevelacionfm.cl\/?p=14814' aria-hidden='false' data-av_icon='\ue8f1' data-av_iconfont='entypo-fontello' title='' data-avia-related-tooltip='Compartir en Twitter' rel=\"noopener\"><span class='avia_hidden_link_text'>Compartir en Twitter<\/span><\/a><\/li><li class='av-share-link av-social-link-whatsapp' ><a target=\"_blank\" aria-label=\"Compartir en Whatsapp\" href='https:\/\/api.whatsapp.com\/send?text=https:\/\/radiorevelacionfm.cl\/?p=14814' aria-hidden='false' data-av_icon='\uf232' data-av_iconfont='entypo-fontello' title='' data-avia-related-tooltip='Compartir en Whatsapp' rel=\"noopener\"><span class='avia_hidden_link_text'>Compartir en Whatsapp<\/span><\/a><\/li><li class='av-share-link av-social-link-linkedin' ><a target=\"_blank\" aria-label=\"Compartir en LinkedIn\" href='https:\/\/linkedin.com\/shareArticle?mini=true&#038;title=Senador%20Sandoval%20espera%20pronto%20nombramiento%20e%20instalaci%C3%B3n%20de%20nuevas%20autoridades%20regionales&#038;url=https:\/\/radiorevelacionfm.cl\/?p=14814' aria-hidden='false' data-av_icon='\ue8fc' data-av_iconfont='entypo-fontello' title='' data-avia-related-tooltip='Compartir en LinkedIn' rel=\"noopener\"><span class='avia_hidden_link_text'>Compartir en LinkedIn<\/span><\/a><\/li><li class='av-share-link av-social-link-mail' ><a  aria-label=\"Compartir por correo\" href='mailto:?subject=Senador%20Sandoval%20espera%20pronto%20nombramiento%20e%20instalaci%C3%B3n%20de%20nuevas%20autoridades%20regionales&#038;body=https:\/\/radiorevelacionfm.cl\/?p=14814' aria-hidden='false' data-av_icon='\ue805' data-av_iconfont='entypo-fontello' title='' data-avia-related-tooltip='Compartir por correo'><span class='avia_hidden_link_text'>Compartir por correo<\/span><\/a><\/li><\/ul><\/div><\/div>\n<div  style='height:50px' class='hr hr-invisible   avia-builder-el-8  el_after_av_social_share  el_before_av_comments_list '><span class='hr-inner ' ><span class='hr-inner-style'><\/span><\/span><\/div>\n<div  class='av-buildercomment  av-blog-meta-html-info-disabled av-blog-meta-tag-disabled  '><\/div>\n","protected":false},"excerpt":{"rendered":"","protected":false},"author":1,"featured_media":4797,"comment_status":"open","ping_status":"open","sticky":false,"template":"","format":"standard","meta":{"footnotes":""},"categories":[35],"tags":[],"class_list":["post-14814","post","type-post","status-publish","format-standard","has-post-thumbnail","hentry","category-politica"],"jetpack_featured_media_url":"https:\/\/radiorevelacionfm.cl\/wp-content\/uploads\/2021\/06\/Sandoval-8-1-1.jpg","_links":{"self":[{"href":"https:\/\/radiorevelacionfm.cl\/index.php?rest_route=\/wp\/v2\/posts\/14814","targetHints":{"allow":["GET"]}}],"collection":[{"href":"https:\/\/radiorevelacionfm.cl\/index.php?rest_route=\/wp\/v2\/posts"}],"about":[{"href":"https:\/\/radiorevelacionfm.cl\/index.php?rest_route=\/wp\/v2\/types\/post"}],"author":[{"embeddable":true,"href":"https:\/\/radiorevelacionfm.cl\/index.php?rest_route=\/wp\/v2\/users\/1"}],"replies":[{"embeddable":true,"href":"https:\/\/radiorevelacionfm.cl\/index.php?rest_route=%2Fwp%2Fv2%2Fcomments&post=14814"}],"version-history":[{"count":2,"href":"https:\/\/radiorevelacionfm.cl\/index.php?rest_route=\/wp\/v2\/posts\/14814\/revisions"}],"predecessor-version":[{"id":14832,"href":"https:\/\/radiorevelacionfm.cl\/index.php?rest_route=\/wp\/v2\/posts\/14814\/revisions\/14832"}],"wp:featuredmedia":[{"embeddable":true,"href":"https:\/\/radiorevelacionfm.cl\/index.php?rest_route=\/wp\/v2\/media\/4797"}],"wp:attachment":[{"href":"https:\/\/radiorevelacionfm.cl\/index.php?rest_route=%2Fwp%2Fv2%2Fmedia&parent=14814"}],"wp:term":[{"taxonomy":"category","embeddable":true,"href":"https:\/\/radiorevelacionfm.cl\/index.php?rest_route=%2Fwp%2Fv2%2Fcategories&post=14814"},{"taxonomy":"post_tag","embeddable":true,"href":"https:\/\/radiorevelacionfm.cl\/index.php?rest_route=%2Fwp%2Fv2%2Ftags&post=14814"}],"curies":[{"name":"wp","href":"https:\/\/api.w.org\/{rel}","templated":true}]}}