{"id":14808,"date":"2022-03-19T10:55:45","date_gmt":"2022-03-19T13:55:45","guid":{"rendered":"https:\/\/radiorevelacionfm.cl\/?p=14808"},"modified":"2022-03-19T10:55:45","modified_gmt":"2022-03-19T13:55:45","slug":"valle-simpson-fue-el-escenario-para-la-certificacion-de-paracaidistas-del-ejercito-de-chile","status":"publish","type":"post","link":"https:\/\/radiorevelacionfm.cl\/?p=14808","title":{"rendered":"Valle Simpson fue el escenario para la certificaci\u00f3n de paracaidistas del Ej\u00e9rcito de Chile"},"content":{"rendered":"<div class=\"flex_column av_one_full  flex_column_div av-zero-column-padding first  avia-builder-el-0  el_before_av_one_full  avia-builder-el-first  \" style='border-radius:0px; '><div  class='avia-image-container  av-styling-    avia-builder-el-1  avia-builder-el-no-sibling  avia-align-center '  itemprop=\"image\" itemscope=\"itemscope\" itemtype=\"https:\/\/schema.org\/ImageObject\"  ><div class='avia-image-container-inner'><div class='avia-image-overlay-wrap'><img decoding=\"async\" class='wp-image-14809 avia-img-lazy-loading-not-14809 avia_image' src=\"https:\/\/radiorevelacionfm.cl\/wp-content\/uploads\/2022\/03\/Paracaidistas-2-1-1.jpg\" alt='' title='Paracaidistas 2 (1) (1)' height=\"600\" width=\"899\"  itemprop=\"thumbnailUrl\" srcset=\"https:\/\/radiorevelacionfm.cl\/wp-content\/uploads\/2022\/03\/Paracaidistas-2-1-1.jpg 899w, https:\/\/radiorevelacionfm.cl\/wp-content\/uploads\/2022\/03\/Paracaidistas-2-1-1-300x200.jpg 300w, https:\/\/radiorevelacionfm.cl\/wp-content\/uploads\/2022\/03\/Paracaidistas-2-1-1-768x513.jpg 768w, https:\/\/radiorevelacionfm.cl\/wp-content\/uploads\/2022\/03\/Paracaidistas-2-1-1-705x471.jpg 705w, https:\/\/radiorevelacionfm.cl\/wp-content\/uploads\/2022\/03\/Paracaidistas-2-1-1-600x400.jpg 600w\" sizes=\"(max-width: 899px) 100vw, 899px\" \/><\/div><\/div><\/div><\/div><div class=\"flex_column av_one_full  flex_column_div av-zero-column-padding first  avia-builder-el-2  el_after_av_one_full  el_before_av_one_full  column-top-margin\" style='border-radius:0px; '><section class=\"av_textblock_section \"  itemscope=\"itemscope\" itemtype=\"https:\/\/schema.org\/BlogPosting\" itemprop=\"blogPost\" ><div class='avia_textblock  '   itemprop=\"text\" ><p style=\"text-align: center;\"><strong><span style=\"font-size: 18pt;\">Valle Simpson fue el escenario para la certificaci\u00f3n de paracaidistas del Ej\u00e9rcito de Chile<\/span><\/strong><\/p>\n<h1 class=\"entry-title\"><\/h1>\n<div id=\"gtx-trans\" style=\"position: absolute; left: -50px; top: 4.31534px;\">\n<div class=\"gtx-trans-icon\"><\/div>\n<\/div>\n<\/div><\/section><\/div><div class=\"flex_column av_one_full  flex_column_div av-zero-column-padding first  avia-builder-el-4  el_after_av_one_full  el_before_av_hr  column-top-margin\" style='border-radius:0px; '><section class=\"av_textblock_section \"  itemscope=\"itemscope\" itemtype=\"https:\/\/schema.org\/BlogPosting\" itemprop=\"blogPost\" ><div class='avia_textblock  '   itemprop=\"text\" ><p style=\"text-align: justify;\">Hasta la ciudad de Coyhaique, arrib\u00f3 una Comisi\u00f3n de la Escuela de Paracaidistas y Fuerzas Especiales, encabezada por el Teniente Coronel Ra\u00fal Del Canto W., con el prop\u00f3sito de llevar a efecto el proceso de certificaci\u00f3n del personal de la IV Divisi\u00f3n de Ej\u00e9rcito que posee la especialidad de Paracaidista.<\/p>\n<p style=\"text-align: justify;\">En este contexto, la actividad se dio inicio en el Campo Militar \u201cCoyhaique\u201d lugar donde se entregaron los direccionamientos de la certificaci\u00f3n, considerando inicialmente la confrontaci\u00f3n de la fuerza de los especialistas y la entrega de los antecedentes m\u00e9dicos, acto seguido las agrupaciones se dirigieron a las canchas de entrenamiento lugar donde se evaluaron las pruebas f\u00edsicas correspondientes para luego materializar la certificaci\u00f3n de reentrenamiento y certificaci\u00f3n t\u00e9cnica.<\/p>\n<p style=\"text-align: justify;\">Posteriormente, se realiz\u00f3 la prueba de salto a bordo de un avi\u00f3n Casa 212 serie 300 en el sector de Valle Simpson de la ciudad de Coyhaique, con el objeto de comprobar las competencias t\u00e9cnicas y condici\u00f3n f\u00edsica del personal.<\/p>\n<p style=\"text-align: justify;\">El Capit\u00e1n Ricardo Aranda Alcanta, de la Compa\u00f1\u00eda Andina Divisionaria N\u00b020 \u201cCochrane\u201d, manifest\u00f3 \u201cPara llevar a cabo el salto hay una series de recomendaciones, procedimiento y seguridad que te entregan los instructores de la Escuela de Paracaidistas y Fuerzas Especiales , despu\u00e9s cuando est\u00e1s por saltar visualizas la ejecuci\u00f3n del salto, y cuando vas cayendo, vas muy concentrado, pendiente de no cometer errores, de cumplir con todos los pasos de la instrucci\u00f3n adquirida; y esta seguridad es debido a un arduo entrenamiento\u201d Adem\u00e1s agreg\u00f3, \u201cSaltar en esta zona no es f\u00e1cil debido al clima, pero los riesgos que pod\u00edan aparecer se minimizan todos con la reinstrucci\u00f3n del d\u00eda anterior y las recomendaciones previas de los instructores el mismo d\u00eda del salto, como son la condici\u00f3n atmosf\u00e9rica y las normas de seguridad durante el vuelo y posteriormente al salto, es un gran desaf\u00edo, y hoy nos acompa\u00f1\u00f3 el d\u00eda\u201d finaliz\u00f3.<\/p>\n<p style=\"text-align: justify;\">Cabe destacar, que quienes poseen esta especialidad deben acreditar anualmente la preparaci\u00f3n f\u00edsica y las habilidades necesarias para efectuar saltos en paraca\u00eddas desde una aeronave militar y as\u00ed mantener un alto nivel de operatividad, actualiz\u00e1ndose adem\u00e1s de nuevos procedimientos.<\/p>\n<\/div><\/section><\/div><div  style='height:50px' class='hr hr-invisible   avia-builder-el-6  el_after_av_one_full  el_before_av_social_share '><span class='hr-inner ' ><span class='hr-inner-style'><\/span><\/span><\/div><\/p>\n<div  class='av-social-sharing-box  avia-builder-el-7  el_after_av_hr  el_before_av_hr  '><div class='av-share-box'><h5 class='av-share-link-description av-no-toc '>Compartir esta noticia<\/h5><ul class='av-share-box-list noLightbox'><li class='av-share-link av-social-link-facebook' ><a target=\"_blank\" aria-label=\"Compartir en Facebook\" href='https:\/\/www.facebook.com\/sharer.php?u=https:\/\/radiorevelacionfm.cl\/?p=14808&#038;t=Valle%20Simpson%20fue%20el%20escenario%20para%20la%20certificaci%C3%B3n%20de%20paracaidistas%20del%20Ej%C3%A9rcito%20de%20Chile' aria-hidden='false' data-av_icon='\ue8f3' data-av_iconfont='entypo-fontello' title='' data-avia-related-tooltip='Compartir en Facebook' rel=\"noopener\"><span class='avia_hidden_link_text'>Compartir en Facebook<\/span><\/a><\/li><li class='av-share-link av-social-link-twitter' ><a target=\"_blank\" aria-label=\"Compartir en Twitter\" href='https:\/\/twitter.com\/share?text=Valle%20Simpson%20fue%20el%20escenario%20para%20la%20certificaci%C3%B3n%20de%20paracaidistas%20del%20Ej%C3%A9rcito%20de%20Chile&#038;url=https:\/\/radiorevelacionfm.cl\/?p=14808' aria-hidden='false' data-av_icon='\ue8f1' data-av_iconfont='entypo-fontello' title='' data-avia-related-tooltip='Compartir en Twitter' rel=\"noopener\"><span class='avia_hidden_link_text'>Compartir en Twitter<\/span><\/a><\/li><li class='av-share-link av-social-link-whatsapp' ><a target=\"_blank\" aria-label=\"Compartir en Whatsapp\" href='https:\/\/api.whatsapp.com\/send?text=https:\/\/radiorevelacionfm.cl\/?p=14808' aria-hidden='false' data-av_icon='\uf232' data-av_iconfont='entypo-fontello' title='' data-avia-related-tooltip='Compartir en Whatsapp' rel=\"noopener\"><span class='avia_hidden_link_text'>Compartir en Whatsapp<\/span><\/a><\/li><li class='av-share-link av-social-link-linkedin' ><a target=\"_blank\" aria-label=\"Compartir en LinkedIn\" href='https:\/\/linkedin.com\/shareArticle?mini=true&#038;title=Valle%20Simpson%20fue%20el%20escenario%20para%20la%20certificaci%C3%B3n%20de%20paracaidistas%20del%20Ej%C3%A9rcito%20de%20Chile&#038;url=https:\/\/radiorevelacionfm.cl\/?p=14808' aria-hidden='false' data-av_icon='\ue8fc' data-av_iconfont='entypo-fontello' title='' data-avia-related-tooltip='Compartir en LinkedIn' rel=\"noopener\"><span class='avia_hidden_link_text'>Compartir en LinkedIn<\/span><\/a><\/li><li class='av-share-link av-social-link-mail' ><a  aria-label=\"Compartir por correo\" href='mailto:?subject=Valle%20Simpson%20fue%20el%20escenario%20para%20la%20certificaci%C3%B3n%20de%20paracaidistas%20del%20Ej%C3%A9rcito%20de%20Chile&#038;body=https:\/\/radiorevelacionfm.cl\/?p=14808' aria-hidden='false' data-av_icon='\ue805' data-av_iconfont='entypo-fontello' title='' data-avia-related-tooltip='Compartir por correo'><span class='avia_hidden_link_text'>Compartir por correo<\/span><\/a><\/li><\/ul><\/div><\/div>\n<div  style='height:50px' class='hr hr-invisible   avia-builder-el-8  el_after_av_social_share  el_before_av_comments_list '><span class='hr-inner ' ><span class='hr-inner-style'><\/span><\/span><\/div>\n<div  class='av-buildercomment  av-blog-meta-html-info-disabled av-blog-meta-tag-disabled  '><\/div>\n","protected":false},"excerpt":{"rendered":"","protected":false},"author":1,"featured_media":14809,"comment_status":"open","ping_status":"open","sticky":false,"template":"","format":"standard","meta":{"footnotes":""},"categories":[38],"tags":[],"class_list":["post-14808","post","type-post","status-publish","format-standard","has-post-thumbnail","hentry","category-regional"],"jetpack_featured_media_url":"https:\/\/radiorevelacionfm.cl\/wp-content\/uploads\/2022\/03\/Paracaidistas-2-1-1.jpg","_links":{"self":[{"href":"https:\/\/radiorevelacionfm.cl\/index.php?rest_route=\/wp\/v2\/posts\/14808","targetHints":{"allow":["GET"]}}],"collection":[{"href":"https:\/\/radiorevelacionfm.cl\/index.php?rest_route=\/wp\/v2\/posts"}],"about":[{"href":"https:\/\/radiorevelacionfm.cl\/index.php?rest_route=\/wp\/v2\/types\/post"}],"author":[{"embeddable":true,"href":"https:\/\/radiorevelacionfm.cl\/index.php?rest_route=\/wp\/v2\/users\/1"}],"replies":[{"embeddable":true,"href":"https:\/\/radiorevelacionfm.cl\/index.php?rest_route=%2Fwp%2Fv2%2Fcomments&post=14808"}],"version-history":[{"count":2,"href":"https:\/\/radiorevelacionfm.cl\/index.php?rest_route=\/wp\/v2\/posts\/14808\/revisions"}],"predecessor-version":[{"id":14811,"href":"https:\/\/radiorevelacionfm.cl\/index.php?rest_route=\/wp\/v2\/posts\/14808\/revisions\/14811"}],"wp:featuredmedia":[{"embeddable":true,"href":"https:\/\/radiorevelacionfm.cl\/index.php?rest_route=\/wp\/v2\/media\/14809"}],"wp:attachment":[{"href":"https:\/\/radiorevelacionfm.cl\/index.php?rest_route=%2Fwp%2Fv2%2Fmedia&parent=14808"}],"wp:term":[{"taxonomy":"category","embeddable":true,"href":"https:\/\/radiorevelacionfm.cl\/index.php?rest_route=%2Fwp%2Fv2%2Fcategories&post=14808"},{"taxonomy":"post_tag","embeddable":true,"href":"https:\/\/radiorevelacionfm.cl\/index.php?rest_route=%2Fwp%2Fv2%2Ftags&post=14808"}],"curies":[{"name":"wp","href":"https:\/\/api.w.org\/{rel}","templated":true}]}}