{"id":14803,"date":"2022-03-19T10:21:08","date_gmt":"2022-03-19T13:21:08","guid":{"rendered":"https:\/\/radiorevelacionfm.cl\/?p=14803"},"modified":"2022-03-19T10:21:08","modified_gmt":"2022-03-19T13:21:08","slug":"seremi-de-educacion-fallas-en-la-alimentacion-escolar-por-mala-gestion-de-la-empresa-concesionaria-en-la-region-son-inaceptables","status":"publish","type":"post","link":"https:\/\/radiorevelacionfm.cl\/?p=14803","title":{"rendered":"Seremi de Educaci\u00f3n: \u00abFallas en la alimentaci\u00f3n escolar por mala gesti\u00f3n de la empresa concesionaria en la regi\u00f3n son inaceptables\u00bb"},"content":{"rendered":"<div class=\"flex_column av_one_full  flex_column_div av-zero-column-padding first  avia-builder-el-0  el_before_av_one_full  avia-builder-el-first  \" style='border-radius:0px; '><div  class='avia-image-container  av-styling-    avia-builder-el-1  avia-builder-el-no-sibling  avia-align-center '  itemprop=\"image\" itemscope=\"itemscope\" itemtype=\"https:\/\/schema.org\/ImageObject\"  ><div class='avia-image-container-inner'><div class='avia-image-overlay-wrap'><img decoding=\"async\" class='wp-image-14804 avia-img-lazy-loading-not-14804 avia_image' src=\"https:\/\/radiorevelacionfm.cl\/wp-content\/uploads\/2022\/03\/punto-de-prensa1_optimized.1-1.jpg\" alt='' title='punto-de-prensa1_optimized.1-(1)' height=\"600\" width=\"906\"  itemprop=\"thumbnailUrl\" srcset=\"https:\/\/radiorevelacionfm.cl\/wp-content\/uploads\/2022\/03\/punto-de-prensa1_optimized.1-1.jpg 906w, https:\/\/radiorevelacionfm.cl\/wp-content\/uploads\/2022\/03\/punto-de-prensa1_optimized.1-1-300x199.jpg 300w, https:\/\/radiorevelacionfm.cl\/wp-content\/uploads\/2022\/03\/punto-de-prensa1_optimized.1-1-768x509.jpg 768w, https:\/\/radiorevelacionfm.cl\/wp-content\/uploads\/2022\/03\/punto-de-prensa1_optimized.1-1-705x467.jpg 705w, https:\/\/radiorevelacionfm.cl\/wp-content\/uploads\/2022\/03\/punto-de-prensa1_optimized.1-1-600x397.jpg 600w\" sizes=\"(max-width: 906px) 100vw, 906px\" \/><\/div><\/div><\/div><\/div><div class=\"flex_column av_one_full  flex_column_div av-zero-column-padding first  avia-builder-el-2  el_after_av_one_full  el_before_av_one_full  column-top-margin\" style='border-radius:0px; '><section class=\"av_textblock_section \"  itemscope=\"itemscope\" itemtype=\"https:\/\/schema.org\/BlogPosting\" itemprop=\"blogPost\" ><div class='avia_textblock  '   itemprop=\"text\" ><p style=\"text-align: center;\"><span style=\"font-size: 18pt;\"><b><span lang=\"ES\">Seremi de Educaci\u00f3n: \u00abFallas en la alimentaci\u00f3n escolar por mala gesti\u00f3n de la empresa concesionaria en la regi\u00f3n son inaceptables\u00bb<\/span><\/b><\/span><\/p>\n<div id=\"gtx-trans\" style=\"position: absolute; left: -50px; top: 4.31534px;\">\n<div class=\"gtx-trans-icon\"><\/div>\n<\/div>\n<\/div><\/section><\/div><div class=\"flex_column av_one_full  flex_column_div av-zero-column-padding first  avia-builder-el-4  el_after_av_one_full  el_before_av_hr  column-top-margin\" style='border-radius:0px; '><section class=\"av_textblock_section \"  itemscope=\"itemscope\" itemtype=\"https:\/\/schema.org\/BlogPosting\" itemprop=\"blogPost\" ><div class='avia_textblock  '   itemprop=\"text\" ><p class=\"v1MsoNormal\" style=\"text-align: justify;\"><span lang=\"ES\">La Secretaria Regional Ministerial de Educaci\u00f3n de Ays\u00e9n Isabel Garrido Casassa calific\u00f3 como muy grave la situaci\u00f3n ocurrida el jueves 17 de Marzo con la falta de alimentaci\u00f3n escolar, la que se habr\u00eda generado por deficiencias e incumplimientos en el servicio entregado por la empresa concesionaria Hendaya.<\/span><\/p>\n<p class=\"v1MsoNormal\" style=\"text-align: justify;\"><span lang=\"ES\">\u00abEsta es una situaci\u00f3n muy grave que no puede repetirse ya que se vulner\u00f3 el derecho a la educaci\u00f3n y a la alimentaci\u00f3n de miles de ni\u00f1os y j\u00f3venes estudiantes en la regi\u00f3n. Es un problema que afecta no solo a la regi\u00f3n sino que ha escalado a nivel nacional y que adem\u00e1s \u00a0es de larga data\u00bb, coment\u00f3 la autoridad sectorial regional, quien junto al director regional de JUNAEB Patrice Van de Maele y representantes de JUNJI e Integra, abordaron esta contingencia.<\/span><\/p>\n<p class=\"v1MsoNormal\" style=\"text-align: justify;\"><span lang=\"ES\">Isabel Garrido inform\u00f3 que el jueves 17 de marzo a causa de las fallas y deficiencias en el servicio de alimentaci\u00f3n escolar afect\u00f3 a 41 escuelas y liceos urbanos y rurales no contaron con alimentaci\u00f3n, los cuales pese a esta situaci\u00f3n hicieron los esfuerzos para poder resolver internamente para entregar colaciones a sus estudiantes y continuar con las clases. De igual modo ayer 9 de los 11 jardines infantiles de administraci\u00f3n v\u00eda transferencia de fondos municipales (VTF) tuvieron que cerrar por falta de alimentaci\u00f3n, 1 funcion\u00f3 normalmente y 1 el jard\u00edn infantil de Tortel hoy (viernes 18) a\u00fan no cuenta con alimentaci\u00f3n. En tanto, JUNJI report\u00f3 que el 78% de sus 14 jardines infantiles y salas cunas de administraci\u00f3n directa tuvieron que cerrar por falta de alimentaci\u00f3n escolar. En tanto Fundaci\u00f3n Integra 18 de sus 19 jardines infantiles atendieron medio d\u00eda. Hoy est\u00e1n funcionando con normalidad.<\/span><\/p>\n<p class=\"v1MsoNormal\" style=\"text-align: justify;\"><span lang=\"ES\">\u00abComo Gobierno realizamos junto al Delegado Presidencial Regional Rodrigo Araya diversas gestiones para poder resolver en el corto plazo esta situaci\u00f3n y proyectar en el mediano plazo una soluci\u00f3n \u00a0definitiva para que no se repita este problema. \u00abEn concreto, le hemos exigido a la empresa concesionaria que mejore las raciones de alimentos que entregan\u00a0 en el servicio regular tanto en cantidad como en calidad, y cuando se enfrenten contingencias, entreguen una colaci\u00f3n fr\u00eda oportunamente y en cantidades suficientes. Tambi\u00e9n gestionaremos facilidades al transporte terrestre de insumos de la alimentaci\u00f3n escolar para su oportuna llegada a la regi\u00f3n\u00bb.<\/span><\/p>\n<p class=\"v1MsoNormal\" style=\"text-align: justify;\"><span lang=\"ES\">Por su parte, el Director Regional de Junaeb Patrice Van de Maele inform\u00f3 que, ante la suspensi\u00f3n de alimentaci\u00f3n escolar, se instruy\u00f3 a la empresa entregar colaciones fr\u00edas para hacer frente a la emergencia. La colaci\u00f3n que entreg\u00f3 la empresa no cumpl\u00eda con lo establecido en el contrato de concesi\u00f3n, tanto en la cantidad y calidad de lo entregado.<\/span><\/p>\n<p class=\"v1MsoNormal\" style=\"text-align: justify;\"><span lang=\"ES\">\u00abLe hemos exigido a la empresa que presente un diagn\u00f3stico de la situaci\u00f3n ocurrida y las medidas para restablecer a la brevedad el normal servicio alimentaci\u00f3n en los colegios. La empresa present\u00f3 un plan de abastecimiento a todos los colegios de la regi\u00f3n que se inicia hoy viernes y continuar\u00e1 durante la pr\u00f3xima semana\u00bb.<\/span><\/p>\n<p class=\"v1MsoNormal\" style=\"text-align: justify;\"><span lang=\"ES\">Patrice Van de Maele detall\u00f3 adem\u00e1s que la instituci\u00f3n logr\u00f3 a nivel nacional un acuerdo con las ocho federaciones de trabajadoras manipuladoras de alimentos del pa\u00eds con el fin de asegurar la continuidad del servicio de alimentaci\u00f3n en los establecimientos educacionales. Entre los acuerdos destacan:<\/span><\/p>\n<p class=\"v1MsoNormal\" style=\"text-align: justify;\"><span lang=\"ES\">Se conformar\u00e1 una mesa tripartita entre Junaeb, los chefs de los prestadores y representantes de las trabajadoras manipuladoras de alimentos para trabajar las minutas mensuales de alimentaci\u00f3n, estableciendo mejoras en ellas que permitan subsanar aspectos vinculados con la carga laboral de las manipuladoras, aumentar la aceptabilidad de las minutas por parte de las y los estudiantes y adecuarlas a las mejoras en los equipamientos disponibles en las cocinas.<\/span><\/p>\n<p class=\"v1MsoNormal\" style=\"text-align: justify;\"><span lang=\"ES\">Se continuar\u00e1n cursando las multas por incumplimientos atribuibles a la gesti\u00f3n de la empresa prestadora, con especial atenci\u00f3n al cumplimiento de la dotaci\u00f3n m\u00ednima de manipuladoras establecida en las licitaciones. S\u00f3lo en la regi\u00f3n de Ays\u00e9n en el periodo de fines de febrero y 8 de marzo del presente \u00a0se ha multado a la empresa concesionaria Hendaya por 25 millones de pesos.<\/span><\/p>\n<p class=\"v1MsoNormal\" style=\"text-align: justify;\"><span lang=\"ES\">Se establecer\u00e1 una mesa de trabajo conjunta entre Junaeb y representantes de trabajadoras manipuladoras de alimentos para el estudio de las bases de licitaci\u00f3n futuras y el levantamiento de informaci\u00f3n sobre las mejoras necesarias en la infraestructura de las cocinas y bodegas de los establecimientos educacionales.<\/span><\/p>\n<\/div><\/section><\/div><div  style='height:50px' class='hr hr-invisible   avia-builder-el-6  el_after_av_one_full  el_before_av_social_share '><span class='hr-inner ' ><span class='hr-inner-style'><\/span><\/span><\/div><\/p>\n<div  class='av-social-sharing-box  avia-builder-el-7  el_after_av_hr  el_before_av_hr  '><div class='av-share-box'><h5 class='av-share-link-description av-no-toc '>Compartir esta noticia<\/h5><ul class='av-share-box-list noLightbox'><li class='av-share-link av-social-link-facebook' ><a target=\"_blank\" aria-label=\"Compartir en Facebook\" href='https:\/\/www.facebook.com\/sharer.php?u=https:\/\/radiorevelacionfm.cl\/?p=14803&#038;t=Seremi%20de%20Educaci%C3%B3n%3A%20%C2%ABFallas%20en%20la%20alimentaci%C3%B3n%20escolar%20por%20mala%20gesti%C3%B3n%20de%20la%20empresa%20concesionaria%20en%20la%20regi%C3%B3n%20son%20inaceptables%C2%BB' aria-hidden='false' data-av_icon='\ue8f3' data-av_iconfont='entypo-fontello' title='' data-avia-related-tooltip='Compartir en Facebook' rel=\"noopener\"><span class='avia_hidden_link_text'>Compartir en Facebook<\/span><\/a><\/li><li class='av-share-link av-social-link-twitter' ><a target=\"_blank\" aria-label=\"Compartir en Twitter\" href='https:\/\/twitter.com\/share?text=Seremi%20de%20Educaci%C3%B3n%3A%20%C2%ABFallas%20en%20la%20alimentaci%C3%B3n%20escolar%20por%20mala%20gesti%C3%B3n%20de%20la%20empresa%20concesionaria%20en%20la%20regi%C3%B3n%20son%20inaceptables%C2%BB&#038;url=https:\/\/radiorevelacionfm.cl\/?p=14803' aria-hidden='false' data-av_icon='\ue8f1' data-av_iconfont='entypo-fontello' title='' data-avia-related-tooltip='Compartir en Twitter' rel=\"noopener\"><span class='avia_hidden_link_text'>Compartir en Twitter<\/span><\/a><\/li><li class='av-share-link av-social-link-whatsapp' ><a target=\"_blank\" aria-label=\"Compartir en Whatsapp\" href='https:\/\/api.whatsapp.com\/send?text=https:\/\/radiorevelacionfm.cl\/?p=14803' aria-hidden='false' data-av_icon='\uf232' data-av_iconfont='entypo-fontello' title='' data-avia-related-tooltip='Compartir en Whatsapp' rel=\"noopener\"><span class='avia_hidden_link_text'>Compartir en Whatsapp<\/span><\/a><\/li><li class='av-share-link av-social-link-linkedin' ><a target=\"_blank\" aria-label=\"Compartir en LinkedIn\" href='https:\/\/linkedin.com\/shareArticle?mini=true&#038;title=Seremi%20de%20Educaci%C3%B3n%3A%20%C2%ABFallas%20en%20la%20alimentaci%C3%B3n%20escolar%20por%20mala%20gesti%C3%B3n%20de%20la%20empresa%20concesionaria%20en%20la%20regi%C3%B3n%20son%20inaceptables%C2%BB&#038;url=https:\/\/radiorevelacionfm.cl\/?p=14803' aria-hidden='false' data-av_icon='\ue8fc' data-av_iconfont='entypo-fontello' title='' data-avia-related-tooltip='Compartir en LinkedIn' rel=\"noopener\"><span class='avia_hidden_link_text'>Compartir en LinkedIn<\/span><\/a><\/li><li class='av-share-link av-social-link-mail' ><a  aria-label=\"Compartir por correo\" href='mailto:?subject=Seremi%20de%20Educaci%C3%B3n%3A%20%C2%ABFallas%20en%20la%20alimentaci%C3%B3n%20escolar%20por%20mala%20gesti%C3%B3n%20de%20la%20empresa%20concesionaria%20en%20la%20regi%C3%B3n%20son%20inaceptables%C2%BB&#038;body=https:\/\/radiorevelacionfm.cl\/?p=14803' aria-hidden='false' data-av_icon='\ue805' data-av_iconfont='entypo-fontello' title='' data-avia-related-tooltip='Compartir por correo'><span class='avia_hidden_link_text'>Compartir por correo<\/span><\/a><\/li><\/ul><\/div><\/div>\n<div  style='height:50px' class='hr hr-invisible   avia-builder-el-8  el_after_av_social_share  el_before_av_comments_list '><span class='hr-inner ' ><span class='hr-inner-style'><\/span><\/span><\/div>\n<div  class='av-buildercomment  av-blog-meta-html-info-disabled av-blog-meta-tag-disabled  '><\/div>\n","protected":false},"excerpt":{"rendered":"","protected":false},"author":1,"featured_media":14804,"comment_status":"open","ping_status":"open","sticky":false,"template":"","format":"standard","meta":{"footnotes":""},"categories":[49],"tags":[],"class_list":["post-14803","post","type-post","status-publish","format-standard","has-post-thumbnail","hentry","category-educacion"],"jetpack_featured_media_url":"https:\/\/radiorevelacionfm.cl\/wp-content\/uploads\/2022\/03\/punto-de-prensa1_optimized.1-1.jpg","_links":{"self":[{"href":"https:\/\/radiorevelacionfm.cl\/index.php?rest_route=\/wp\/v2\/posts\/14803","targetHints":{"allow":["GET"]}}],"collection":[{"href":"https:\/\/radiorevelacionfm.cl\/index.php?rest_route=\/wp\/v2\/posts"}],"about":[{"href":"https:\/\/radiorevelacionfm.cl\/index.php?rest_route=\/wp\/v2\/types\/post"}],"author":[{"embeddable":true,"href":"https:\/\/radiorevelacionfm.cl\/index.php?rest_route=\/wp\/v2\/users\/1"}],"replies":[{"embeddable":true,"href":"https:\/\/radiorevelacionfm.cl\/index.php?rest_route=%2Fwp%2Fv2%2Fcomments&post=14803"}],"version-history":[{"count":2,"href":"https:\/\/radiorevelacionfm.cl\/index.php?rest_route=\/wp\/v2\/posts\/14803\/revisions"}],"predecessor-version":[{"id":14806,"href":"https:\/\/radiorevelacionfm.cl\/index.php?rest_route=\/wp\/v2\/posts\/14803\/revisions\/14806"}],"wp:featuredmedia":[{"embeddable":true,"href":"https:\/\/radiorevelacionfm.cl\/index.php?rest_route=\/wp\/v2\/media\/14804"}],"wp:attachment":[{"href":"https:\/\/radiorevelacionfm.cl\/index.php?rest_route=%2Fwp%2Fv2%2Fmedia&parent=14803"}],"wp:term":[{"taxonomy":"category","embeddable":true,"href":"https:\/\/radiorevelacionfm.cl\/index.php?rest_route=%2Fwp%2Fv2%2Fcategories&post=14803"},{"taxonomy":"post_tag","embeddable":true,"href":"https:\/\/radiorevelacionfm.cl\/index.php?rest_route=%2Fwp%2Fv2%2Ftags&post=14803"}],"curies":[{"name":"wp","href":"https:\/\/api.w.org\/{rel}","templated":true}]}}