{"id":14798,"date":"2022-03-18T19:29:12","date_gmt":"2022-03-18T22:29:12","guid":{"rendered":"https:\/\/radiorevelacionfm.cl\/?p=14798"},"modified":"2022-03-18T19:29:12","modified_gmt":"2022-03-18T22:29:12","slug":"delegado-presidencial-regional-participa-en-primera-reunion-con-ministra-siches-en-la-moneda","status":"publish","type":"post","link":"https:\/\/radiorevelacionfm.cl\/?p=14798","title":{"rendered":"Delegado Presidencial Regional participa en primera reuni\u00f3n con Ministra Siches en La Moneda"},"content":{"rendered":"<div class=\"flex_column av_one_full  flex_column_div av-zero-column-padding first  avia-builder-el-0  el_before_av_one_full  avia-builder-el-first  \" style='border-radius:0px; '><div  class='avia-image-container  av-styling-    avia-builder-el-1  avia-builder-el-no-sibling  avia-align-center '  itemprop=\"image\" itemscope=\"itemscope\" itemtype=\"https:\/\/schema.org\/ImageObject\"  ><div class='avia-image-container-inner'><div class='avia-image-overlay-wrap'><img decoding=\"async\" class='wp-image-14799 avia-img-lazy-loading-not-14799 avia_image' src=\"https:\/\/radiorevelacionfm.cl\/wp-content\/uploads\/2022\/03\/Delegado-Regional-0-1.jpg\" alt='' title='Delegado Regional (0) (1)' height=\"600\" width=\"1066\"  itemprop=\"thumbnailUrl\" srcset=\"https:\/\/radiorevelacionfm.cl\/wp-content\/uploads\/2022\/03\/Delegado-Regional-0-1.jpg 1066w, https:\/\/radiorevelacionfm.cl\/wp-content\/uploads\/2022\/03\/Delegado-Regional-0-1-300x169.jpg 300w, https:\/\/radiorevelacionfm.cl\/wp-content\/uploads\/2022\/03\/Delegado-Regional-0-1-1030x580.jpg 1030w, https:\/\/radiorevelacionfm.cl\/wp-content\/uploads\/2022\/03\/Delegado-Regional-0-1-768x432.jpg 768w, https:\/\/radiorevelacionfm.cl\/wp-content\/uploads\/2022\/03\/Delegado-Regional-0-1-705x397.jpg 705w, https:\/\/radiorevelacionfm.cl\/wp-content\/uploads\/2022\/03\/Delegado-Regional-0-1-600x338.jpg 600w\" sizes=\"(max-width: 1066px) 100vw, 1066px\" \/><\/div><\/div><\/div><\/div><div class=\"flex_column av_one_full  flex_column_div av-zero-column-padding first  avia-builder-el-2  el_after_av_one_full  el_before_av_one_full  column-top-margin\" style='border-radius:0px; '><section class=\"av_textblock_section \"  itemscope=\"itemscope\" itemtype=\"https:\/\/schema.org\/BlogPosting\" itemprop=\"blogPost\" ><div class='avia_textblock  '   itemprop=\"text\" ><p style=\"text-align: center;\"><strong><span style=\"font-size: 18pt;\">Delegado Presidencial Regional participa en primera reuni\u00f3n con Ministra Siches en La Moneda<\/span><\/strong><\/p>\n<div id=\"gtx-trans\" style=\"position: absolute; left: -50px; top: 4.31534px;\">\n<div class=\"gtx-trans-icon\"><\/div>\n<\/div>\n<\/div><\/section><\/div><div class=\"flex_column av_one_full  flex_column_div av-zero-column-padding first  avia-builder-el-4  el_after_av_one_full  el_before_av_hr  column-top-margin\" style='border-radius:0px; '><section class=\"av_textblock_section \"  itemscope=\"itemscope\" itemtype=\"https:\/\/schema.org\/BlogPosting\" itemprop=\"blogPost\" ><div class='avia_textblock  '   itemprop=\"text\" ><p style=\"font-weight: 400; text-align: justify;\">Con el fin de abordar y promover temas claves de la agenda, como la descentralizaci\u00f3n y la seguridad en regiones, la Ministra del Interior, Izkia Siches, se reuni\u00f3 este viernes con los diecis\u00e9is delegados presidenciales regionales, representantes del Poder Ejecutivo en cada regi\u00f3n del pa\u00eds.<\/p>\n<p style=\"font-weight: 400; text-align: justify;\">La reuni\u00f3n cont\u00f3 con el saludo y palabras del Presidente Gabriel Boric Font, tras lo cual la ministra del Interior se\u00f1al\u00f3 que \u201cles pedimos a cada uno de los delegados y delegadas, que convoquen a todas las fuerzas sociales y pol\u00edticas de su regi\u00f3n, para cooperar en beneficio de los territorios y de sus habitantes\u201d, se\u00f1al\u00f3 Siches en el encuentro.<\/p>\n<p style=\"font-weight: 400; text-align: justify;\">\u201cEsperamos trabajar estrechamente en grandes desaf\u00edos como la seguridad p\u00fablica, la crisis humanitaria en el norte de nuestro pa\u00eds y la violencia en Wallmapu a trav\u00e9s del trabajo mancomunado y el di\u00e1logo activo\u201d, agreg\u00f3 la secretaria de Estado.<\/p>\n<p style=\"font-weight: 400; text-align: justify;\">Rodrigo Araya Morales, Delegado Presidencial Regional de Ays\u00e9n, destac\u00f3 la jornada y el trabajo mancomunado del equipo gubernamental.<\/p>\n<p style=\"font-weight: 400; text-align: justify;\">\u201cPudimos conversar con respecto a los lineamientos fundamentales del Gobierno y las estrategias a realizar, para llegar a nuestra regi\u00f3n y trabajar en estos lineamientos, que son para nuestro pa\u00eds y para nuestra comunidad aysenina, porque lo queremos como Gobierno es que todas las personas podamos vivir mejor en este hermoso pa\u00eds\u201d, enfatiz\u00f3.<\/p>\n<p style=\"font-weight: 400; text-align: justify;\">En la instancia, la Ministra estuvo acompa\u00f1ada por los Subsecretarios, Manuel Monsalve, de Interior; Miguel Crispi, de Desarrollo Regional y Eduardo Vergara, de Prevenci\u00f3n del Delito.<\/p>\n<p style=\"font-weight: 400; text-align: justify;\">En el encuentro, que se realiz\u00f3 en el Palacio de la Moneda, participaron los delegados de Arica y Parinacota; Ricardo Sanzana, de Tarapac\u00e1; Daniel Quinteros, de Antofagasta; Karen Behrens, de Atacama; Gerardo Tapia, de Coquimbo; Rub\u00e9n Quezada, de Valpara\u00edso; Sof\u00eda Gonz\u00e1lez, de la Regi\u00f3n Metropolitana; Constanza Mart\u00ednez, de O\u00b4Higgins; Fabio L\u00f3pez, de Maule; Humberto Aqueveque, de \u00d1uble; Claudio Ferrada, de Biob\u00edo; Daniela Dresdner, de La Araucan\u00eda; Ra\u00fal Allard, de Los R\u00edos; Paola Pe\u00f1a, de Los Lagos; Giovanna Moreira, de Ays\u00e9n; Rodrigo Araya y Luz Berm\u00fadez, de Magallanes.<\/p>\n<\/div><\/section><\/div><div  style='height:50px' class='hr hr-invisible   avia-builder-el-6  el_after_av_one_full  el_before_av_social_share '><span class='hr-inner ' ><span class='hr-inner-style'><\/span><\/span><\/div><\/p>\n<div  class='av-social-sharing-box  avia-builder-el-7  el_after_av_hr  el_before_av_hr  '><div class='av-share-box'><h5 class='av-share-link-description av-no-toc '>Compartir esta noticia<\/h5><ul class='av-share-box-list noLightbox'><li class='av-share-link av-social-link-facebook' ><a target=\"_blank\" aria-label=\"Compartir en Facebook\" href='https:\/\/www.facebook.com\/sharer.php?u=https:\/\/radiorevelacionfm.cl\/?p=14798&#038;t=Delegado%20Presidencial%20Regional%20participa%20en%20primera%20reuni%C3%B3n%20con%20Ministra%20Siches%20en%20La%20Moneda' aria-hidden='false' data-av_icon='\ue8f3' data-av_iconfont='entypo-fontello' title='' data-avia-related-tooltip='Compartir en Facebook' rel=\"noopener\"><span class='avia_hidden_link_text'>Compartir en Facebook<\/span><\/a><\/li><li class='av-share-link av-social-link-twitter' ><a target=\"_blank\" aria-label=\"Compartir en Twitter\" href='https:\/\/twitter.com\/share?text=Delegado%20Presidencial%20Regional%20participa%20en%20primera%20reuni%C3%B3n%20con%20Ministra%20Siches%20en%20La%20Moneda&#038;url=https:\/\/radiorevelacionfm.cl\/?p=14798' aria-hidden='false' data-av_icon='\ue8f1' data-av_iconfont='entypo-fontello' title='' data-avia-related-tooltip='Compartir en Twitter' rel=\"noopener\"><span class='avia_hidden_link_text'>Compartir en Twitter<\/span><\/a><\/li><li class='av-share-link av-social-link-whatsapp' ><a target=\"_blank\" aria-label=\"Compartir en Whatsapp\" href='https:\/\/api.whatsapp.com\/send?text=https:\/\/radiorevelacionfm.cl\/?p=14798' aria-hidden='false' data-av_icon='\uf232' data-av_iconfont='entypo-fontello' title='' data-avia-related-tooltip='Compartir en Whatsapp' rel=\"noopener\"><span class='avia_hidden_link_text'>Compartir en Whatsapp<\/span><\/a><\/li><li class='av-share-link av-social-link-linkedin' ><a target=\"_blank\" aria-label=\"Compartir en LinkedIn\" href='https:\/\/linkedin.com\/shareArticle?mini=true&#038;title=Delegado%20Presidencial%20Regional%20participa%20en%20primera%20reuni%C3%B3n%20con%20Ministra%20Siches%20en%20La%20Moneda&#038;url=https:\/\/radiorevelacionfm.cl\/?p=14798' aria-hidden='false' data-av_icon='\ue8fc' data-av_iconfont='entypo-fontello' title='' data-avia-related-tooltip='Compartir en LinkedIn' rel=\"noopener\"><span class='avia_hidden_link_text'>Compartir en LinkedIn<\/span><\/a><\/li><li class='av-share-link av-social-link-mail' ><a  aria-label=\"Compartir por correo\" href='mailto:?subject=Delegado%20Presidencial%20Regional%20participa%20en%20primera%20reuni%C3%B3n%20con%20Ministra%20Siches%20en%20La%20Moneda&#038;body=https:\/\/radiorevelacionfm.cl\/?p=14798' aria-hidden='false' data-av_icon='\ue805' data-av_iconfont='entypo-fontello' title='' data-avia-related-tooltip='Compartir por correo'><span class='avia_hidden_link_text'>Compartir por correo<\/span><\/a><\/li><\/ul><\/div><\/div>\n<div  style='height:50px' class='hr hr-invisible   avia-builder-el-8  el_after_av_social_share  el_before_av_comments_list '><span class='hr-inner ' ><span class='hr-inner-style'><\/span><\/span><\/div>\n<div  class='av-buildercomment  av-blog-meta-html-info-disabled av-blog-meta-tag-disabled  '><\/div>\n","protected":false},"excerpt":{"rendered":"","protected":false},"author":1,"featured_media":14799,"comment_status":"open","ping_status":"open","sticky":false,"template":"","format":"standard","meta":{"footnotes":""},"categories":[38],"tags":[],"class_list":["post-14798","post","type-post","status-publish","format-standard","has-post-thumbnail","hentry","category-regional"],"jetpack_featured_media_url":"https:\/\/radiorevelacionfm.cl\/wp-content\/uploads\/2022\/03\/Delegado-Regional-0-1.jpg","_links":{"self":[{"href":"https:\/\/radiorevelacionfm.cl\/index.php?rest_route=\/wp\/v2\/posts\/14798","targetHints":{"allow":["GET"]}}],"collection":[{"href":"https:\/\/radiorevelacionfm.cl\/index.php?rest_route=\/wp\/v2\/posts"}],"about":[{"href":"https:\/\/radiorevelacionfm.cl\/index.php?rest_route=\/wp\/v2\/types\/post"}],"author":[{"embeddable":true,"href":"https:\/\/radiorevelacionfm.cl\/index.php?rest_route=\/wp\/v2\/users\/1"}],"replies":[{"embeddable":true,"href":"https:\/\/radiorevelacionfm.cl\/index.php?rest_route=%2Fwp%2Fv2%2Fcomments&post=14798"}],"version-history":[{"count":2,"href":"https:\/\/radiorevelacionfm.cl\/index.php?rest_route=\/wp\/v2\/posts\/14798\/revisions"}],"predecessor-version":[{"id":14802,"href":"https:\/\/radiorevelacionfm.cl\/index.php?rest_route=\/wp\/v2\/posts\/14798\/revisions\/14802"}],"wp:featuredmedia":[{"embeddable":true,"href":"https:\/\/radiorevelacionfm.cl\/index.php?rest_route=\/wp\/v2\/media\/14799"}],"wp:attachment":[{"href":"https:\/\/radiorevelacionfm.cl\/index.php?rest_route=%2Fwp%2Fv2%2Fmedia&parent=14798"}],"wp:term":[{"taxonomy":"category","embeddable":true,"href":"https:\/\/radiorevelacionfm.cl\/index.php?rest_route=%2Fwp%2Fv2%2Fcategories&post=14798"},{"taxonomy":"post_tag","embeddable":true,"href":"https:\/\/radiorevelacionfm.cl\/index.php?rest_route=%2Fwp%2Fv2%2Ftags&post=14798"}],"curies":[{"name":"wp","href":"https:\/\/api.w.org\/{rel}","templated":true}]}}