{"id":14794,"date":"2022-03-18T17:19:15","date_gmt":"2022-03-18T20:19:15","guid":{"rendered":"https:\/\/radiorevelacionfm.cl\/?p=14794"},"modified":"2022-03-18T17:19:15","modified_gmt":"2022-03-18T20:19:15","slug":"procedimiento-antinarcoticos-deja-una-mujer-detenida-por-microtrafico-en-puerto-aysen","status":"publish","type":"post","link":"https:\/\/radiorevelacionfm.cl\/?p=14794","title":{"rendered":"Procedimiento antinarc\u00f3ticos deja una mujer detenida por microtr\u00e1fico en Puerto Ays\u00e9n"},"content":{"rendered":"<div class=\"flex_column av_one_full  flex_column_div av-zero-column-padding first  avia-builder-el-0  el_before_av_one_full  avia-builder-el-first  \" style='border-radius:0px; '><div  class='avia-image-container  av-styling-    avia-builder-el-1  avia-builder-el-no-sibling  avia-align-center '  itemprop=\"image\" itemscope=\"itemscope\" itemtype=\"https:\/\/schema.org\/ImageObject\"  ><div class='avia-image-container-inner'><div class='avia-image-overlay-wrap'><img decoding=\"async\" class='wp-image-14795 avia-img-lazy-loading-not-14795 avia_image' src=\"https:\/\/radiorevelacionfm.cl\/wp-content\/uploads\/2022\/03\/18-03-2022-MT0-PAY-microtrafico-001-1-1.jpeg\" alt='' title='18-03-2022 MT0 PAY - microtr\u00e1fico 001 (1) (1)' height=\"600\" width=\"800\"  itemprop=\"thumbnailUrl\" srcset=\"https:\/\/radiorevelacionfm.cl\/wp-content\/uploads\/2022\/03\/18-03-2022-MT0-PAY-microtrafico-001-1-1.jpeg 800w, https:\/\/radiorevelacionfm.cl\/wp-content\/uploads\/2022\/03\/18-03-2022-MT0-PAY-microtrafico-001-1-1-300x225.jpeg 300w, https:\/\/radiorevelacionfm.cl\/wp-content\/uploads\/2022\/03\/18-03-2022-MT0-PAY-microtrafico-001-1-1-768x576.jpeg 768w, https:\/\/radiorevelacionfm.cl\/wp-content\/uploads\/2022\/03\/18-03-2022-MT0-PAY-microtrafico-001-1-1-705x529.jpeg 705w, https:\/\/radiorevelacionfm.cl\/wp-content\/uploads\/2022\/03\/18-03-2022-MT0-PAY-microtrafico-001-1-1-600x450.jpeg 600w\" sizes=\"(max-width: 800px) 100vw, 800px\" \/><\/div><\/div><\/div><\/div><div class=\"flex_column av_one_full  flex_column_div av-zero-column-padding first  avia-builder-el-2  el_after_av_one_full  el_before_av_one_full  column-top-margin\" style='border-radius:0px; '><section class=\"av_textblock_section \"  itemscope=\"itemscope\" itemtype=\"https:\/\/schema.org\/BlogPosting\" itemprop=\"blogPost\" ><div class='avia_textblock  '   itemprop=\"text\" ><p style=\"text-align: center;\"><span style=\"font-size: 18pt;\"><strong>Procedimiento antinarc\u00f3ticos deja una mujer detenida por microtr\u00e1fico en Puerto Ays\u00e9n<\/strong><\/span><\/p>\n<div id=\"gtx-trans\" style=\"position: absolute; left: -50px; top: 4.31534px;\">\n<div class=\"gtx-trans-icon\"><\/div>\n<\/div>\n<\/div><\/section><\/div><div class=\"flex_column av_one_full  flex_column_div av-zero-column-padding first  avia-builder-el-4  el_after_av_one_full  el_before_av_hr  column-top-margin\" style='border-radius:0px; '><section class=\"av_textblock_section \"  itemscope=\"itemscope\" itemtype=\"https:\/\/schema.org\/BlogPosting\" itemprop=\"blogPost\" ><div class='avia_textblock  '   itemprop=\"text\" ><p style=\"text-align: justify;\">En un nuevo procedimiento antinarc\u00f3ticos desarrollado en la comuna de Puerto Ays\u00e9n, detectives de la agrupaci\u00f3n Microtr\u00e1fico Cero de la Brigada de Investigaci\u00f3n Criminal (BICRIM) Ays\u00e9n de la PDI, en coordinaci\u00f3n con el Ministerio P\u00fablico, detuvieron a una imputada, mayor de edad y sin antecedentes policiales, por el delito de microtr\u00e1fico, contemplado en el art\u00edculo 4\u00b0 de la Ley 20.000.<\/p>\n<p style=\"text-align: justify;\">El jefe de la BICRIM Ays\u00e9n, subprefecto Eduardo Charpentier, se\u00f1al\u00f3 que \u201cDetectives de la agrupaci\u00f3n Microtr\u00e1fico Cero de la Prefectura Provincial Ays\u00e9n, en virtud a una orden de investigar por el delito de tr\u00e1fico en peque\u00f1as cantidades, el d\u00eda jueves procedieron a la detenci\u00f3n de una mujer, mayor de edad de 19 a\u00f1os oriunda de la comuna de Puerto Ays\u00e9n, en virtud a la responsabilidad que le cabe en este delito\u201d.<\/p>\n<p style=\"text-align: justify;\">Durante la diligencia policial, \u201cse procedi\u00f3 a la incautaci\u00f3n de 32.12 gramos de cannabis sativa dosificada, elementos de pesaje, as\u00ed como tambi\u00e9n dinero en efectivo, alcanzando la suma de $171.000\u201d, agreg\u00f3 el subprefecto Eduardo Charpentier. Esta sustancia equivale a aproximadamente 96 dosis, droga avaluada en $481.800 al ser comercializada.<\/p>\n<p style=\"text-align: justify;\">Gracias al trabajo de investigaci\u00f3n y an\u00e1lisis criminal los detectives especializados lograron establecer que la imputada se dedicaba al tr\u00e1fico de drogas en peque\u00f1as cantidades, comercializando la sustancia en distintos puntos de Puerto Ays\u00e9n.<\/p>\n<p style=\"text-align: justify;\">La mujer de 19 a\u00f1os fue puesta a disposici\u00f3n del Juzgado de Garant\u00eda de Ays\u00e9n la ma\u00f1ana del viernes para su control de detenci\u00f3n. El fiscal de Ays\u00e9n, Jos\u00e9 Luis Palominos, indic\u00f3 que \u201cse llev\u00f3 a cabo una audiencia de control de detenci\u00f3n y posterior formalizaci\u00f3n respecto de una imputada que se dedicaba al tr\u00e1fico de peque\u00f1as cantidades de droga en la comuna de Puerto Ays\u00e9n, investigaci\u00f3n que se inici\u00f3 en enero del presente a\u00f1o con la PDI de Puerto Ays\u00e9n, donde se despach\u00f3 por parte del Ministerio P\u00fablico una orden de investigar\u201d.<\/p>\n<p style=\"text-align: justify;\">Adem\u00e1s, el fiscal Palominos a\u00f1adi\u00f3 que \u201cdentro de esta semana, se desarrollaron diversas diligencias con t\u00e9cnicas especiales de la Ley 20.000 materializ\u00e1ndose el d\u00eda de ayer la detenci\u00f3n de la imputada, respecto de la cual, el d\u00eda de hoy pas\u00f3 a audiencia de control de detenci\u00f3n, la cual se declar\u00f3 legal, se formaliz\u00f3 por el delito de microtr\u00e1fico, se fij\u00f3 un plazo de investigaci\u00f3n y se decretaron cautelares a petici\u00f3n del Ministerio P\u00fablico de arresto parcial nocturno\u201d.<\/p>\n<p style=\"text-align: justify;\">Finalmente, el jefe de la BICRIM Ays\u00e9n realiz\u00f3 un llamado a la ciudadan\u00eda, enfatizando que \u201ces importante que la comunidad tome en cuenta que este tipo situaciones deben ser denunciadas, en la medida que estos hechos y otros que son considerados delitos sean dados a conocer, nos permitir\u00e1n realizar investigaciones de calidad logrando este tipo de resultados\u201d.<\/p>\n<\/div><\/section><\/div><div  style='height:50px' class='hr hr-invisible   avia-builder-el-6  el_after_av_one_full  el_before_av_social_share '><span class='hr-inner ' ><span class='hr-inner-style'><\/span><\/span><\/div><\/p>\n<div  class='av-social-sharing-box  avia-builder-el-7  el_after_av_hr  el_before_av_hr  '><div class='av-share-box'><h5 class='av-share-link-description av-no-toc '>Compartir esta noticia<\/h5><ul class='av-share-box-list noLightbox'><li class='av-share-link av-social-link-facebook' ><a target=\"_blank\" aria-label=\"Compartir en Facebook\" href='https:\/\/www.facebook.com\/sharer.php?u=https:\/\/radiorevelacionfm.cl\/?p=14794&#038;t=Procedimiento%20antinarc%C3%B3ticos%20deja%20una%20mujer%20detenida%20por%20microtr%C3%A1fico%20en%20Puerto%20Ays%C3%A9n' aria-hidden='false' data-av_icon='\ue8f3' data-av_iconfont='entypo-fontello' title='' data-avia-related-tooltip='Compartir en Facebook' rel=\"noopener\"><span class='avia_hidden_link_text'>Compartir en Facebook<\/span><\/a><\/li><li class='av-share-link av-social-link-twitter' ><a target=\"_blank\" aria-label=\"Compartir en Twitter\" href='https:\/\/twitter.com\/share?text=Procedimiento%20antinarc%C3%B3ticos%20deja%20una%20mujer%20detenida%20por%20microtr%C3%A1fico%20en%20Puerto%20Ays%C3%A9n&#038;url=https:\/\/radiorevelacionfm.cl\/?p=14794' aria-hidden='false' data-av_icon='\ue8f1' data-av_iconfont='entypo-fontello' title='' data-avia-related-tooltip='Compartir en Twitter' rel=\"noopener\"><span class='avia_hidden_link_text'>Compartir en Twitter<\/span><\/a><\/li><li class='av-share-link av-social-link-whatsapp' ><a target=\"_blank\" aria-label=\"Compartir en Whatsapp\" href='https:\/\/api.whatsapp.com\/send?text=https:\/\/radiorevelacionfm.cl\/?p=14794' aria-hidden='false' data-av_icon='\uf232' data-av_iconfont='entypo-fontello' title='' data-avia-related-tooltip='Compartir en Whatsapp' rel=\"noopener\"><span class='avia_hidden_link_text'>Compartir en Whatsapp<\/span><\/a><\/li><li class='av-share-link av-social-link-linkedin' ><a target=\"_blank\" aria-label=\"Compartir en LinkedIn\" href='https:\/\/linkedin.com\/shareArticle?mini=true&#038;title=Procedimiento%20antinarc%C3%B3ticos%20deja%20una%20mujer%20detenida%20por%20microtr%C3%A1fico%20en%20Puerto%20Ays%C3%A9n&#038;url=https:\/\/radiorevelacionfm.cl\/?p=14794' aria-hidden='false' data-av_icon='\ue8fc' data-av_iconfont='entypo-fontello' title='' data-avia-related-tooltip='Compartir en LinkedIn' rel=\"noopener\"><span class='avia_hidden_link_text'>Compartir en LinkedIn<\/span><\/a><\/li><li class='av-share-link av-social-link-mail' ><a  aria-label=\"Compartir por correo\" href='mailto:?subject=Procedimiento%20antinarc%C3%B3ticos%20deja%20una%20mujer%20detenida%20por%20microtr%C3%A1fico%20en%20Puerto%20Ays%C3%A9n&#038;body=https:\/\/radiorevelacionfm.cl\/?p=14794' aria-hidden='false' data-av_icon='\ue805' data-av_iconfont='entypo-fontello' title='' data-avia-related-tooltip='Compartir por correo'><span class='avia_hidden_link_text'>Compartir por correo<\/span><\/a><\/li><\/ul><\/div><\/div>\n<div  style='height:50px' class='hr hr-invisible   avia-builder-el-8  el_after_av_social_share  el_before_av_comments_list '><span class='hr-inner ' ><span class='hr-inner-style'><\/span><\/span><\/div>\n<div  class='av-buildercomment  av-blog-meta-html-info-disabled av-blog-meta-tag-disabled  '><\/div>\n","protected":false},"excerpt":{"rendered":"","protected":false},"author":1,"featured_media":14795,"comment_status":"open","ping_status":"open","sticky":false,"template":"","format":"standard","meta":{"footnotes":""},"categories":[36],"tags":[],"class_list":["post-14794","post","type-post","status-publish","format-standard","has-post-thumbnail","hentry","category-policial"],"jetpack_featured_media_url":"https:\/\/radiorevelacionfm.cl\/wp-content\/uploads\/2022\/03\/18-03-2022-MT0-PAY-microtrafico-001-1-1.jpeg","_links":{"self":[{"href":"https:\/\/radiorevelacionfm.cl\/index.php?rest_route=\/wp\/v2\/posts\/14794","targetHints":{"allow":["GET"]}}],"collection":[{"href":"https:\/\/radiorevelacionfm.cl\/index.php?rest_route=\/wp\/v2\/posts"}],"about":[{"href":"https:\/\/radiorevelacionfm.cl\/index.php?rest_route=\/wp\/v2\/types\/post"}],"author":[{"embeddable":true,"href":"https:\/\/radiorevelacionfm.cl\/index.php?rest_route=\/wp\/v2\/users\/1"}],"replies":[{"embeddable":true,"href":"https:\/\/radiorevelacionfm.cl\/index.php?rest_route=%2Fwp%2Fv2%2Fcomments&post=14794"}],"version-history":[{"count":2,"href":"https:\/\/radiorevelacionfm.cl\/index.php?rest_route=\/wp\/v2\/posts\/14794\/revisions"}],"predecessor-version":[{"id":14797,"href":"https:\/\/radiorevelacionfm.cl\/index.php?rest_route=\/wp\/v2\/posts\/14794\/revisions\/14797"}],"wp:featuredmedia":[{"embeddable":true,"href":"https:\/\/radiorevelacionfm.cl\/index.php?rest_route=\/wp\/v2\/media\/14795"}],"wp:attachment":[{"href":"https:\/\/radiorevelacionfm.cl\/index.php?rest_route=%2Fwp%2Fv2%2Fmedia&parent=14794"}],"wp:term":[{"taxonomy":"category","embeddable":true,"href":"https:\/\/radiorevelacionfm.cl\/index.php?rest_route=%2Fwp%2Fv2%2Fcategories&post=14794"},{"taxonomy":"post_tag","embeddable":true,"href":"https:\/\/radiorevelacionfm.cl\/index.php?rest_route=%2Fwp%2Fv2%2Ftags&post=14794"}],"curies":[{"name":"wp","href":"https:\/\/api.w.org\/{rel}","templated":true}]}}