{"id":14791,"date":"2022-03-19T10:27:14","date_gmt":"2022-03-19T13:27:14","guid":{"rendered":"https:\/\/radiorevelacionfm.cl\/?p=14791"},"modified":"2022-03-19T10:27:14","modified_gmt":"2022-03-19T13:27:14","slug":"sernameg-invita-a-las-mujeres-a-postular-a-los-programas-que-fortalecen-su-autonomia-economica","status":"publish","type":"post","link":"https:\/\/radiorevelacionfm.cl\/?p=14791","title":{"rendered":"SernamEG invita a las mujeres a postular a los programas que fortalecen su autonom\u00eda econ\u00f3mica"},"content":{"rendered":"<div class=\"flex_column av_one_full  flex_column_div av-zero-column-padding first  avia-builder-el-0  el_before_av_one_full  avia-builder-el-first  \" style='border-radius:0px; '><div  class='avia-image-container  av-styling-    avia-builder-el-1  avia-builder-el-no-sibling  avia-align-center '  itemprop=\"image\" itemscope=\"itemscope\" itemtype=\"https:\/\/schema.org\/ImageObject\"  ><div class='avia-image-container-inner'><div class='avia-image-overlay-wrap'><img decoding=\"async\" class='wp-image-14792 avia-img-lazy-loading-not-14792 avia_image' src=\"https:\/\/radiorevelacionfm.cl\/wp-content\/uploads\/2022\/03\/postulacion-me-2022-1_optimized.jpg\" alt='' title='postulaci\u00f3n-me-2022-(1)_optimized' height=\"600\" width=\"1075\"  itemprop=\"thumbnailUrl\" srcset=\"https:\/\/radiorevelacionfm.cl\/wp-content\/uploads\/2022\/03\/postulacion-me-2022-1_optimized.jpg 1075w, https:\/\/radiorevelacionfm.cl\/wp-content\/uploads\/2022\/03\/postulacion-me-2022-1_optimized-300x167.jpg 300w, https:\/\/radiorevelacionfm.cl\/wp-content\/uploads\/2022\/03\/postulacion-me-2022-1_optimized-1030x575.jpg 1030w, https:\/\/radiorevelacionfm.cl\/wp-content\/uploads\/2022\/03\/postulacion-me-2022-1_optimized-768x429.jpg 768w, https:\/\/radiorevelacionfm.cl\/wp-content\/uploads\/2022\/03\/postulacion-me-2022-1_optimized-705x393.jpg 705w, https:\/\/radiorevelacionfm.cl\/wp-content\/uploads\/2022\/03\/postulacion-me-2022-1_optimized-600x335.jpg 600w\" sizes=\"(max-width: 1075px) 100vw, 1075px\" \/><\/div><\/div><\/div><\/div><div class=\"flex_column av_one_full  flex_column_div av-zero-column-padding first  avia-builder-el-2  el_after_av_one_full  el_before_av_one_full  column-top-margin\" style='border-radius:0px; '><section class=\"av_textblock_section \"  itemscope=\"itemscope\" itemtype=\"https:\/\/schema.org\/BlogPosting\" itemprop=\"blogPost\" ><div class='avia_textblock  '   itemprop=\"text\" ><p style=\"text-align: center;\"><strong><span style=\"font-size: 18pt;\">SernamEG invita a las mujeres a postular a los programas que fortalecen su autonom\u00eda econ\u00f3mica<\/span><\/strong><\/p>\n<div id=\"gtx-trans\" style=\"position: absolute; left: -50px; top: 4.31534px;\">\n<div class=\"gtx-trans-icon\"><\/div>\n<\/div>\n<\/div><\/section><\/div><div class=\"flex_column av_one_full  flex_column_div av-zero-column-padding first  avia-builder-el-4  el_after_av_one_full  el_before_av_hr  column-top-margin\" style='border-radius:0px; '><section class=\"av_textblock_section \"  itemscope=\"itemscope\" itemtype=\"https:\/\/schema.org\/BlogPosting\" itemprop=\"blogPost\" ><div class='avia_textblock  '   itemprop=\"text\" ><p style=\"text-align: justify;\">Actualmente el Servicio Nacional de la Mujer y la Equidad de G\u00e9nero, SernamEG, se encuentra con dos procesos abiertos de postulaci\u00f3n que culminan a fines de marzo; se trata de los programas Mujeres Jefas de Hogar &#8211; que se ejecuta en convenio con la Municipalidad de Ays\u00e9n- y el Programa Mujer Emprende. Ambos modelos program\u00e1ticos apuntan a fortalecer la autonom\u00eda econ\u00f3mica de sus participantes; entendida como la capacidad de generar ingresos y recursos propios a partir del acceso al trabajo remunerado en igualdad de condiciones que los hombres.<\/p>\n<p style=\"text-align: justify;\">La Directora Regional Subrogante de SernamEG, Carla Arriagada Malague\u00f1o, se refiri\u00f3 a las actuales condiciones del mercado laboral, precisando que \u201cla Encuesta Nacional de Empleo de mayo-julio de 2021 dio cuenta que el 30,25% de las mujeres no busca empleo debido a responsabilidades familiares; panorama muy distinto comparado con los hombres que alcanz\u00f3 s\u00f3lo un 1,70% en este indicador. Esta informaci\u00f3n es relevante ya que los programas como el Mujer Emprende y Mujeres Jefas de Hogar contribuyen a evitar que la brecha de g\u00e9nero se profundice en el mercado laboral y se afiance con el tiempo, porque son modelos program\u00e1ticos pensados y dise\u00f1ados para abordar las inequidades existentes entre hombres y mujeres, entreg\u00e1ndoles a esta \u00faltimas las condiciones para que puedan alcanzar o mantener su autonom\u00eda econ\u00f3mica\u201d<\/p>\n<p style=\"text-align: justify;\">Otro dato que da cuenta de la brecha de g\u00e9nero es la entregada por la Casen del a\u00f1o 2020, en el que establece que el porcentaje de hogares con una mujer como jefa de hogar en situaci\u00f3n de pobreza por ingresos es de 11,4%; en tanto, ese mismo dato con un hombre como jefe de hogar en situaci\u00f3n de pobreza es de 7,6%.<\/p>\n<p style=\"text-align: justify;\"><strong>PROGRAMA MUJERES JEFAS DE HOGAR<\/strong><\/p>\n<p style=\"text-align: justify;\">Promover la autonom\u00eda econ\u00f3mica de sus participantes es el objetivo del Programa Mujeres Jefas de Hogar, para ello se les entrega un conjunto de herramientas que les permitan generar, gestionar ingresos y recursos propios a partir del trabajo remunerado, el acceso a la oferta p\u00fablica; y de oportunidades de conciliaci\u00f3n entre el trabajo remunerado, dom\u00e9stico y de cuidados.<\/p>\n<p style=\"text-align: justify;\">La ex participante del Programa Mujeres Jefas de Hogar, Soledad Ojeda Argel, se refiri\u00f3 a su experiencia, precisando que \u201cme sirvi\u00f3 mucho porque aprend\u00ed mucho en los talleres y capacitaciones, lo recomiendo porque es muy bueno, adem\u00e1s tuve la opci\u00f3n de postular a otros programas como el de certificaci\u00f3n de competencias laborales de SENCE y obtuve mi diploma como vendedora. Ojal\u00e1 m\u00e1s mujeres pudieran participar y ojal\u00e1 el Programa est\u00e9 en todas las comunas. Ojeda Argel tambi\u00e9n se refiri\u00f3 al compa\u00f1erismo que se logra entre las participantes, agregando que \u201ctodas las mujeres tenemos diferentes situaciones y vivencias, es muy importante compartirlas, porque nos vamos nutriendo y ayudando entre nosotras. Es s\u00faper lindo ver mujeres que comenzaron sin saber nada y despu\u00e9s est\u00e1n s\u00faper empoderadas\u201d.<\/p>\n<p style=\"text-align: justify;\">Parte de la oferta del Programa Mujeres Jefas de Hogar consiste en Talleres de Formaci\u00f3n para el Trabajo, los que facilitan la entrega de formaci\u00f3n socio-laboral dependiente e independiente. Su objetivo principal es desarrollar capacidades y habilidades para conseguir, mantener y\/o mejorar un empleo o actividad independiente. En la siguiente fase de la trayectoria de las participantes, cada una de ellas debe elaborar un Proyecto Laboral, que les permite planificar las actividades de corto, mediano y largo plazo; necesarias para fortalecer su autonom\u00eda econ\u00f3mica.<\/p>\n<p style=\"text-align: justify;\">Las interesadas en la comuna de Ays\u00e9n deben postular en la oficina del Programa Jefas de Hogar ubicada en las dependencias de la Direcci\u00f3n de Desarrollo Comunitario, calle Teniente Merino N\u00b0630 Puerto Ays\u00e9n, de lunes a viernes de 8:30 a 13:00 horas y de 14:30 a 16:00 horas; el plazo de postulaci\u00f3n en la comuna de Ays\u00e9n finaliza el viernes\u00a025 de marzo.<\/p>\n<p style=\"text-align: justify;\"><strong>PROGRAMA MUJER EMPRENDE<\/strong><\/p>\n<p style=\"text-align: justify;\">Otorgar herramientas t\u00e9cnicas y de gesti\u00f3n, a fin de fortalecer competencias y habilidades es la finalidad del Programa Mujer Emprende, para ello se potencia el crecimiento, viabilidad y sostenibilidad de los negocios de las emprendedoras. Asimismo, se favorece su acceso a espacios de formaci\u00f3n para generar nuevos canales de comercializaci\u00f3n.<\/p>\n<p style=\"text-align: justify;\">Carolina Pino Encina se refiri\u00f3 a su paso por el modelo program\u00e1tico, afirmando que \u201cmi experiencia en el programa Mujer Emprende de SernamEG me permiti\u00f3 impulsar m\u00e1s mi emprendimiento, me ayud\u00f3 en un aspecto en el que estaba d\u00e9bil que era el marketing digital y a entender cu\u00e1nto te sirve para las ventas y la publicidad. Tambi\u00e9n, destac\u00f3 lo aprendido en contabilidad y en el formato canvas; asimismo, en c\u00f3mo hacer redes de apoyo entre emprendedoras. Creo que esos fueron los principales beneficios que me entreg\u00f3 el Programa y lo recomendar\u00eda sin dudarlo, porque fue muy grato estar en las clases con nuestros profesores y tambi\u00e9n con las compa\u00f1eras\u201d.<\/p>\n<p style=\"text-align: justify;\">Profesionalizar el emprendimiento, consolidar y profundizar conocimientos previos es parte del trabajo que realiza la Escuela Mujer Emprende, a trav\u00e9s del empoderamiento personal y relacional; lo que conduce al fortalecimiento de sus capacidades como emprendedoras.\u00a0 Para ello el proceso de formaci\u00f3n incorpora un plan com\u00fan y uno diferenciado que permite dar respuesta a las necesidades de los diversos perfiles de las emprendedoras. Las otras l\u00edneas de trabajo son el fomento de redes y asociatividad y acciones de gesti\u00f3n para el desarrollo de los emprendimientos.<\/p>\n<p style=\"text-align: justify;\">Pueden postular al Programa Mujer Emprende mujeres de 18 a\u00f1os en adelante que cuenten con emprendimientos y\/o actividades productivas de al menos un a\u00f1o de antig\u00fcedad.\u00a0Las interesadas en postular pueden acceder a trav\u00e9s del\u00a0banner dispuesto en la p\u00e1gina de SernamEG\u00a0<a href=\"http:\/\/www.sernameg.gob.cl\/\" data-saferedirecturl=\"https:\/\/www.google.com\/url?q=http:\/\/www.sernameg.gob.cl&amp;source=gmail&amp;ust=1647719812281000&amp;usg=AOvVaw1j8z_c-WDR0CjA4-tpsTez\">www.sernameg.gob.cl<\/a>\u00a0en el link\u00a0<a href=\"https:\/\/app.sernam.cl\/form\/2022\/myt\/me\/\" data-saferedirecturl=\"https:\/\/www.google.com\/url?q=https:\/\/app.sernam.cl\/form\/2022\/myt\/me\/&amp;source=gmail&amp;ust=1647719812281000&amp;usg=AOvVaw2UHiPCGJT0FsBnuz6OjlGc\">https:\/\/app.sernam.cl\/form\/2022\/myt\/me\/<\/a><\/p>\n<\/div><\/section><\/div><div  style='height:50px' class='hr hr-invisible   avia-builder-el-6  el_after_av_one_full  el_before_av_social_share '><span class='hr-inner ' ><span class='hr-inner-style'><\/span><\/span><\/div><\/p>\n<div  class='av-social-sharing-box  avia-builder-el-7  el_after_av_hr  el_before_av_hr  '><div class='av-share-box'><h5 class='av-share-link-description av-no-toc '>Compartir esta noticia<\/h5><ul class='av-share-box-list noLightbox'><li class='av-share-link av-social-link-facebook' ><a target=\"_blank\" aria-label=\"Compartir en Facebook\" href='https:\/\/www.facebook.com\/sharer.php?u=https:\/\/radiorevelacionfm.cl\/?p=14791&#038;t=SernamEG%20invita%20a%20las%20mujeres%20a%20postular%20a%20los%20programas%20que%20fortalecen%20su%20autonom%C3%ADa%20econ%C3%B3mica' aria-hidden='false' data-av_icon='\ue8f3' data-av_iconfont='entypo-fontello' title='' data-avia-related-tooltip='Compartir en Facebook' rel=\"noopener\"><span class='avia_hidden_link_text'>Compartir en Facebook<\/span><\/a><\/li><li class='av-share-link av-social-link-twitter' ><a target=\"_blank\" aria-label=\"Compartir en Twitter\" href='https:\/\/twitter.com\/share?text=SernamEG%20invita%20a%20las%20mujeres%20a%20postular%20a%20los%20programas%20que%20fortalecen%20su%20autonom%C3%ADa%20econ%C3%B3mica&#038;url=https:\/\/radiorevelacionfm.cl\/?p=14791' aria-hidden='false' data-av_icon='\ue8f1' data-av_iconfont='entypo-fontello' title='' data-avia-related-tooltip='Compartir en Twitter' rel=\"noopener\"><span class='avia_hidden_link_text'>Compartir en Twitter<\/span><\/a><\/li><li class='av-share-link av-social-link-whatsapp' ><a target=\"_blank\" aria-label=\"Compartir en Whatsapp\" href='https:\/\/api.whatsapp.com\/send?text=https:\/\/radiorevelacionfm.cl\/?p=14791' aria-hidden='false' data-av_icon='\uf232' data-av_iconfont='entypo-fontello' title='' data-avia-related-tooltip='Compartir en Whatsapp' rel=\"noopener\"><span class='avia_hidden_link_text'>Compartir en Whatsapp<\/span><\/a><\/li><li class='av-share-link av-social-link-linkedin' ><a target=\"_blank\" aria-label=\"Compartir en LinkedIn\" href='https:\/\/linkedin.com\/shareArticle?mini=true&#038;title=SernamEG%20invita%20a%20las%20mujeres%20a%20postular%20a%20los%20programas%20que%20fortalecen%20su%20autonom%C3%ADa%20econ%C3%B3mica&#038;url=https:\/\/radiorevelacionfm.cl\/?p=14791' aria-hidden='false' data-av_icon='\ue8fc' data-av_iconfont='entypo-fontello' title='' data-avia-related-tooltip='Compartir en LinkedIn' rel=\"noopener\"><span class='avia_hidden_link_text'>Compartir en LinkedIn<\/span><\/a><\/li><li class='av-share-link av-social-link-mail' ><a  aria-label=\"Compartir por correo\" href='mailto:?subject=SernamEG%20invita%20a%20las%20mujeres%20a%20postular%20a%20los%20programas%20que%20fortalecen%20su%20autonom%C3%ADa%20econ%C3%B3mica&#038;body=https:\/\/radiorevelacionfm.cl\/?p=14791' aria-hidden='false' data-av_icon='\ue805' data-av_iconfont='entypo-fontello' title='' data-avia-related-tooltip='Compartir por correo'><span class='avia_hidden_link_text'>Compartir por correo<\/span><\/a><\/li><\/ul><\/div><\/div>\n<div  style='height:50px' class='hr hr-invisible   avia-builder-el-8  el_after_av_social_share  el_before_av_comments_list '><span class='hr-inner ' ><span class='hr-inner-style'><\/span><\/span><\/div>\n<div  class='av-buildercomment  av-blog-meta-html-info-disabled av-blog-meta-tag-disabled  '><\/div>\n","protected":false},"excerpt":{"rendered":"","protected":false},"author":1,"featured_media":14792,"comment_status":"open","ping_status":"open","sticky":false,"template":"","format":"standard","meta":{"footnotes":""},"categories":[38],"tags":[],"class_list":["post-14791","post","type-post","status-publish","format-standard","has-post-thumbnail","hentry","category-regional"],"jetpack_featured_media_url":"https:\/\/radiorevelacionfm.cl\/wp-content\/uploads\/2022\/03\/postulacion-me-2022-1_optimized.jpg","_links":{"self":[{"href":"https:\/\/radiorevelacionfm.cl\/index.php?rest_route=\/wp\/v2\/posts\/14791","targetHints":{"allow":["GET"]}}],"collection":[{"href":"https:\/\/radiorevelacionfm.cl\/index.php?rest_route=\/wp\/v2\/posts"}],"about":[{"href":"https:\/\/radiorevelacionfm.cl\/index.php?rest_route=\/wp\/v2\/types\/post"}],"author":[{"embeddable":true,"href":"https:\/\/radiorevelacionfm.cl\/index.php?rest_route=\/wp\/v2\/users\/1"}],"replies":[{"embeddable":true,"href":"https:\/\/radiorevelacionfm.cl\/index.php?rest_route=%2Fwp%2Fv2%2Fcomments&post=14791"}],"version-history":[{"count":2,"href":"https:\/\/radiorevelacionfm.cl\/index.php?rest_route=\/wp\/v2\/posts\/14791\/revisions"}],"predecessor-version":[{"id":14807,"href":"https:\/\/radiorevelacionfm.cl\/index.php?rest_route=\/wp\/v2\/posts\/14791\/revisions\/14807"}],"wp:featuredmedia":[{"embeddable":true,"href":"https:\/\/radiorevelacionfm.cl\/index.php?rest_route=\/wp\/v2\/media\/14792"}],"wp:attachment":[{"href":"https:\/\/radiorevelacionfm.cl\/index.php?rest_route=%2Fwp%2Fv2%2Fmedia&parent=14791"}],"wp:term":[{"taxonomy":"category","embeddable":true,"href":"https:\/\/radiorevelacionfm.cl\/index.php?rest_route=%2Fwp%2Fv2%2Fcategories&post=14791"},{"taxonomy":"post_tag","embeddable":true,"href":"https:\/\/radiorevelacionfm.cl\/index.php?rest_route=%2Fwp%2Fv2%2Ftags&post=14791"}],"curies":[{"name":"wp","href":"https:\/\/api.w.org\/{rel}","templated":true}]}}