{"id":14787,"date":"2022-03-19T11:55:29","date_gmt":"2022-03-19T14:55:29","guid":{"rendered":"https:\/\/radiorevelacionfm.cl\/?p=14787"},"modified":"2022-03-19T11:55:29","modified_gmt":"2022-03-19T14:55:29","slug":"en-cartera-del-trabajo-se-efectua-reunion-interministerial-para-avanzar-en-proyecto-de-ley-de-reforma-previsional","status":"publish","type":"post","link":"https:\/\/radiorevelacionfm.cl\/?p=14787","title":{"rendered":"En cartera del Trabajo se efect\u00faa reuni\u00f3n interministerial para avanzar en proyecto de ley de reforma previsional"},"content":{"rendered":"<div class=\"flex_column av_one_full  flex_column_div av-zero-column-padding first  avia-builder-el-0  el_before_av_one_full  avia-builder-el-first  \" style='border-radius:0px; '><div  class='avia-image-container  av-styling-    avia-builder-el-1  avia-builder-el-no-sibling  avia-align-center '  itemprop=\"image\" itemscope=\"itemscope\" itemtype=\"https:\/\/schema.org\/ImageObject\"  ><div class='avia-image-container-inner'><div class='avia-image-overlay-wrap'><img decoding=\"async\" class='wp-image-14788 avia-img-lazy-loading-not-14788 avia_image' src=\"https:\/\/radiorevelacionfm.cl\/wp-content\/uploads\/2022\/03\/Reunion-interministerial_ReformaPrevisional-2-1-1.jpeg\" alt='' title='Reuni\u00f3n interministerial_ReformaPrevisional (2) (1) (1)' height=\"600\" width=\"1067\"  itemprop=\"thumbnailUrl\" srcset=\"https:\/\/radiorevelacionfm.cl\/wp-content\/uploads\/2022\/03\/Reunion-interministerial_ReformaPrevisional-2-1-1.jpeg 1067w, https:\/\/radiorevelacionfm.cl\/wp-content\/uploads\/2022\/03\/Reunion-interministerial_ReformaPrevisional-2-1-1-300x169.jpeg 300w, https:\/\/radiorevelacionfm.cl\/wp-content\/uploads\/2022\/03\/Reunion-interministerial_ReformaPrevisional-2-1-1-1030x579.jpeg 1030w, https:\/\/radiorevelacionfm.cl\/wp-content\/uploads\/2022\/03\/Reunion-interministerial_ReformaPrevisional-2-1-1-768x432.jpeg 768w, https:\/\/radiorevelacionfm.cl\/wp-content\/uploads\/2022\/03\/Reunion-interministerial_ReformaPrevisional-2-1-1-705x396.jpeg 705w, https:\/\/radiorevelacionfm.cl\/wp-content\/uploads\/2022\/03\/Reunion-interministerial_ReformaPrevisional-2-1-1-600x337.jpeg 600w\" sizes=\"(max-width: 1067px) 100vw, 1067px\" \/><\/div><\/div><\/div><\/div><div class=\"flex_column av_one_full  flex_column_div av-zero-column-padding first  avia-builder-el-2  el_after_av_one_full  el_before_av_one_full  column-top-margin\" style='border-radius:0px; '><section class=\"av_textblock_section \"  itemscope=\"itemscope\" itemtype=\"https:\/\/schema.org\/BlogPosting\" itemprop=\"blogPost\" ><div class='avia_textblock  '   itemprop=\"text\" ><p style=\"text-align: center;\"><span style=\"font-size: 18pt;\"><b>En cartera del Trabajo se efect\u00faa reuni\u00f3n interministerial para avanzar en proyecto de ley de reforma previsional<\/b><\/span><\/p>\n<div id=\"gtx-trans\" style=\"position: absolute; left: -50px; top: 4.31534px;\">\n<div class=\"gtx-trans-icon\"><\/div>\n<\/div>\n<\/div><\/section><\/div><div class=\"flex_column av_one_full  flex_column_div av-zero-column-padding first  avia-builder-el-4  el_after_av_one_full  el_before_av_hr  column-top-margin\" style='border-radius:0px; '><section class=\"av_textblock_section \"  itemscope=\"itemscope\" itemtype=\"https:\/\/schema.org\/BlogPosting\" itemprop=\"blogPost\" ><div class='avia_textblock  '   itemprop=\"text\" ><p class=\"v1MsoNormal\" style=\"text-align: justify;\">\u00abTenemos el objetivo de mejorar las pensiones actuales y futuras, dando certezas de sostenibilidad tanto financiera como de legitimidad social\u00bb, dijo esta ma\u00f1ana la ministra del Trabajo y Previsi\u00f3n Social, Jeannette Jara, luego de encabezar una reuni\u00f3n interministerial para abordar el proyecto de reforma previsional, uno de los compromisos del Gobierno del Presidente Gabriel Boric.<\/p>\n<p class=\"v1MsoNormal\" style=\"text-align: justify;\">Agreg\u00f3 que, tambi\u00e9n como parte del objetivo, dicha propuesta de reforma buscar\u00e1 \u00abhacer que nuestro sistema de pensiones sea efectivamente un sistema de seguridad social,\u00a0donde la solidaridad est\u00e9 al centro y nunca m\u00e1s las personas mayores de nuestro pa\u00eds deban sostener \u00fanicamente desde la individualidad\u00a0todos los riesgos del envejecimiento, como ocurre hoy con el actual sistema administrado por las AFP\u00bb.<\/p>\n<p class=\"v1MsoNormal\" style=\"text-align: justify;\">El proyecto de reforma previsional y las reuniones respectivas son lideradas por las carteras de Trabajo y Previsi\u00f3n Social y Hacienda.<\/p>\n<p class=\"v1MsoNormal\" style=\"text-align: justify;\">A la reuni\u00f3n, en representaci\u00f3n de Hacienda, asisti\u00f3 la subsecretaria de esa cartera, Claudia Sanhueza. Tambi\u00e9n estuvieron presentes el ministro de la Secretar\u00eda General de la Presidencia (Segpres)<b>,\u00a0<\/b>Giorgio Jackson, y la titular de Mujer y Equidad de G\u00e9nero, Antonia Orellana.<\/p>\n<p class=\"v1MsoNormal\" style=\"text-align: justify;\">Adem\u00e1s, estuvieron presentes los subsecretarios de Previsi\u00f3n Social, Cristian Larra\u00edn; de la Segpres, Macarena Lobos; y de la Mujer y Equidad de G\u00e9nero, Luz Vidal.<\/p>\n<p class=\"v1MsoNormal\" style=\"text-align: justify;\">\u00abEl objetivo es avanzar en la formulaci\u00f3n del proyecto de ley. Para eso estamos constituyendo un equipo de trabajo destinado a llevar adelante un proceso de di\u00e1logo social tripartito en las regiones del pa\u00eds, a fin de recoger la suma de las voluntades de las partes para generar la mejor propuesta, que efectivamente reforme nuestro sistema previsional\u00bb, detall\u00f3 la ministra Jara.<\/p>\n<p class=\"v1MsoNormal\" style=\"text-align: justify;\">La secretaria de Estado adelant\u00f3 que ya se est\u00e1 trabajando en elaborar los equipos t\u00e9cnicos que estudiar\u00e1n los par\u00e1metros, las gradualidades y las modificaciones que se requieren para realizar un cambio al sistema.<\/p>\n<p class=\"v1MsoNormal\" style=\"text-align: justify;\">\u00abEstamos trabajando de manera multisectorial para darle una mirada comprensiva a un tema que atraviesa a toda la sociedad y es fundamental para la estabilidad futura de nuestro pa\u00eds\u00bb, afirm\u00f3 Claudia Sanhueza, subsecretaria de Hacienda.<\/p>\n<p class=\"v1MsoNormal\" style=\"text-align: justify;\">\u00abEstamos, desde el d\u00eda uno, trabajando para crear las condiciones que permitan cumplir con nuestro compromiso, que no es otro que concretar las bases de un nuevo sistema de pensiones p\u00fablico, que oper\u00e9 con l\u00f3gica de seguridad social, que permita mejorar las pensiones de los actuales y futuros pensionados\u00bb, dijo el subsecretario de Previsi\u00f3n Social, Christian Larra\u00edn.<\/p>\n<\/div><\/section><\/div><div  style='height:50px' class='hr hr-invisible   avia-builder-el-6  el_after_av_one_full  el_before_av_social_share '><span class='hr-inner ' ><span class='hr-inner-style'><\/span><\/span><\/div><\/p>\n<div  class='av-social-sharing-box  avia-builder-el-7  el_after_av_hr  el_before_av_hr  '><div class='av-share-box'><h5 class='av-share-link-description av-no-toc '>Compartir esta noticia<\/h5><ul class='av-share-box-list noLightbox'><li class='av-share-link av-social-link-facebook' ><a target=\"_blank\" aria-label=\"Compartir en Facebook\" href='https:\/\/www.facebook.com\/sharer.php?u=https:\/\/radiorevelacionfm.cl\/?p=14787&#038;t=En%20cartera%20del%20Trabajo%20se%20efect%C3%BAa%20reuni%C3%B3n%20interministerial%20para%20avanzar%20en%20proyecto%20de%20ley%20de%20reforma%20previsional' aria-hidden='false' data-av_icon='\ue8f3' data-av_iconfont='entypo-fontello' title='' data-avia-related-tooltip='Compartir en Facebook' rel=\"noopener\"><span class='avia_hidden_link_text'>Compartir en Facebook<\/span><\/a><\/li><li class='av-share-link av-social-link-twitter' ><a target=\"_blank\" aria-label=\"Compartir en Twitter\" href='https:\/\/twitter.com\/share?text=En%20cartera%20del%20Trabajo%20se%20efect%C3%BAa%20reuni%C3%B3n%20interministerial%20para%20avanzar%20en%20proyecto%20de%20ley%20de%20reforma%20previsional&#038;url=https:\/\/radiorevelacionfm.cl\/?p=14787' aria-hidden='false' data-av_icon='\ue8f1' data-av_iconfont='entypo-fontello' title='' data-avia-related-tooltip='Compartir en Twitter' rel=\"noopener\"><span class='avia_hidden_link_text'>Compartir en Twitter<\/span><\/a><\/li><li class='av-share-link av-social-link-whatsapp' ><a target=\"_blank\" aria-label=\"Compartir en Whatsapp\" href='https:\/\/api.whatsapp.com\/send?text=https:\/\/radiorevelacionfm.cl\/?p=14787' aria-hidden='false' data-av_icon='\uf232' data-av_iconfont='entypo-fontello' title='' data-avia-related-tooltip='Compartir en Whatsapp' rel=\"noopener\"><span class='avia_hidden_link_text'>Compartir en Whatsapp<\/span><\/a><\/li><li class='av-share-link av-social-link-linkedin' ><a target=\"_blank\" aria-label=\"Compartir en LinkedIn\" href='https:\/\/linkedin.com\/shareArticle?mini=true&#038;title=En%20cartera%20del%20Trabajo%20se%20efect%C3%BAa%20reuni%C3%B3n%20interministerial%20para%20avanzar%20en%20proyecto%20de%20ley%20de%20reforma%20previsional&#038;url=https:\/\/radiorevelacionfm.cl\/?p=14787' aria-hidden='false' data-av_icon='\ue8fc' data-av_iconfont='entypo-fontello' title='' data-avia-related-tooltip='Compartir en LinkedIn' rel=\"noopener\"><span class='avia_hidden_link_text'>Compartir en LinkedIn<\/span><\/a><\/li><li class='av-share-link av-social-link-mail' ><a  aria-label=\"Compartir por correo\" href='mailto:?subject=En%20cartera%20del%20Trabajo%20se%20efect%C3%BAa%20reuni%C3%B3n%20interministerial%20para%20avanzar%20en%20proyecto%20de%20ley%20de%20reforma%20previsional&#038;body=https:\/\/radiorevelacionfm.cl\/?p=14787' aria-hidden='false' data-av_icon='\ue805' data-av_iconfont='entypo-fontello' title='' data-avia-related-tooltip='Compartir por correo'><span class='avia_hidden_link_text'>Compartir por correo<\/span><\/a><\/li><\/ul><\/div><\/div>\n<div  style='height:50px' class='hr hr-invisible   avia-builder-el-8  el_after_av_social_share  el_before_av_comments_list '><span class='hr-inner ' ><span class='hr-inner-style'><\/span><\/span><\/div>\n<div  class='av-buildercomment  av-blog-meta-html-info-disabled av-blog-meta-tag-disabled  '><\/div>\n","protected":false},"excerpt":{"rendered":"","protected":false},"author":1,"featured_media":14788,"comment_status":"open","ping_status":"open","sticky":false,"template":"","format":"standard","meta":{"footnotes":""},"categories":[61],"tags":[],"class_list":["post-14787","post","type-post","status-publish","format-standard","has-post-thumbnail","hentry","category-nacional"],"jetpack_featured_media_url":"https:\/\/radiorevelacionfm.cl\/wp-content\/uploads\/2022\/03\/Reunion-interministerial_ReformaPrevisional-2-1-1.jpeg","_links":{"self":[{"href":"https:\/\/radiorevelacionfm.cl\/index.php?rest_route=\/wp\/v2\/posts\/14787","targetHints":{"allow":["GET"]}}],"collection":[{"href":"https:\/\/radiorevelacionfm.cl\/index.php?rest_route=\/wp\/v2\/posts"}],"about":[{"href":"https:\/\/radiorevelacionfm.cl\/index.php?rest_route=\/wp\/v2\/types\/post"}],"author":[{"embeddable":true,"href":"https:\/\/radiorevelacionfm.cl\/index.php?rest_route=\/wp\/v2\/users\/1"}],"replies":[{"embeddable":true,"href":"https:\/\/radiorevelacionfm.cl\/index.php?rest_route=%2Fwp%2Fv2%2Fcomments&post=14787"}],"version-history":[{"count":2,"href":"https:\/\/radiorevelacionfm.cl\/index.php?rest_route=\/wp\/v2\/posts\/14787\/revisions"}],"predecessor-version":[{"id":14813,"href":"https:\/\/radiorevelacionfm.cl\/index.php?rest_route=\/wp\/v2\/posts\/14787\/revisions\/14813"}],"wp:featuredmedia":[{"embeddable":true,"href":"https:\/\/radiorevelacionfm.cl\/index.php?rest_route=\/wp\/v2\/media\/14788"}],"wp:attachment":[{"href":"https:\/\/radiorevelacionfm.cl\/index.php?rest_route=%2Fwp%2Fv2%2Fmedia&parent=14787"}],"wp:term":[{"taxonomy":"category","embeddable":true,"href":"https:\/\/radiorevelacionfm.cl\/index.php?rest_route=%2Fwp%2Fv2%2Fcategories&post=14787"},{"taxonomy":"post_tag","embeddable":true,"href":"https:\/\/radiorevelacionfm.cl\/index.php?rest_route=%2Fwp%2Fv2%2Ftags&post=14787"}],"curies":[{"name":"wp","href":"https:\/\/api.w.org\/{rel}","templated":true}]}}