{"id":14783,"date":"2022-03-18T18:10:39","date_gmt":"2022-03-18T21:10:39","guid":{"rendered":"https:\/\/radiorevelacionfm.cl\/?p=14783"},"modified":"2022-03-18T18:10:39","modified_gmt":"2022-03-18T21:10:39","slug":"aysen-culmina-curso-wafa-de-primeros-auxilios-para-guias-locales-de-turismo","status":"publish","type":"post","link":"https:\/\/radiorevelacionfm.cl\/?p=14783","title":{"rendered":"Ays\u00e9n: Culmina curso WAFA de primeros auxilios para Gu\u00edas Locales de Turismo"},"content":{"rendered":"<div class=\"flex_column av_one_full  flex_column_div av-zero-column-padding first  avia-builder-el-0  el_before_av_one_full  avia-builder-el-first  \" style='border-radius:0px; '><div  class='avia-image-container  av-styling-    avia-builder-el-1  avia-builder-el-no-sibling  avia-align-center '  itemprop=\"image\" itemscope=\"itemscope\" itemtype=\"https:\/\/schema.org\/ImageObject\"  ><div class='avia-image-container-inner'><div class='avia-image-overlay-wrap'><img decoding=\"async\" class='wp-image-14784 avia-img-lazy-loading-not-14784 avia_image' src=\"https:\/\/radiorevelacionfm.cl\/wp-content\/uploads\/2022\/03\/PER-Aysen-220318-1-1.jpeg\" alt='' title='PER Ays\u00e9n 220318 (1) (1)' height=\"600\" width=\"799\"  itemprop=\"thumbnailUrl\" srcset=\"https:\/\/radiorevelacionfm.cl\/wp-content\/uploads\/2022\/03\/PER-Aysen-220318-1-1.jpeg 799w, https:\/\/radiorevelacionfm.cl\/wp-content\/uploads\/2022\/03\/PER-Aysen-220318-1-1-300x225.jpeg 300w, https:\/\/radiorevelacionfm.cl\/wp-content\/uploads\/2022\/03\/PER-Aysen-220318-1-1-768x577.jpeg 768w, https:\/\/radiorevelacionfm.cl\/wp-content\/uploads\/2022\/03\/PER-Aysen-220318-1-1-705x529.jpeg 705w, https:\/\/radiorevelacionfm.cl\/wp-content\/uploads\/2022\/03\/PER-Aysen-220318-1-1-600x451.jpeg 600w\" sizes=\"(max-width: 799px) 100vw, 799px\" \/><\/div><\/div><\/div><\/div><div class=\"flex_column av_one_full  flex_column_div av-zero-column-padding first  avia-builder-el-2  el_after_av_one_full  el_before_av_one_full  column-top-margin\" style='border-radius:0px; '><section class=\"av_textblock_section \"  itemscope=\"itemscope\" itemtype=\"https:\/\/schema.org\/BlogPosting\" itemprop=\"blogPost\" ><div class='avia_textblock  '   itemprop=\"text\" ><p style=\"text-align: center;\"><strong><span style=\"font-size: 18pt;\">Ays\u00e9n: Culmina curso WAFA de primeros auxilios para Gu\u00edas Locales de Turismo <\/span><\/strong><\/p>\n<div id=\"gtx-trans\" style=\"position: absolute; left: -50px; top: 4.31534px;\">\n<div class=\"gtx-trans-icon\"><\/div>\n<\/div>\n<\/div><\/section><\/div><div class=\"flex_column av_one_full  flex_column_div av-zero-column-padding first  avia-builder-el-4  el_after_av_one_full  el_before_av_hr  column-top-margin\" style='border-radius:0px; '><section class=\"av_textblock_section \"  itemscope=\"itemscope\" itemtype=\"https:\/\/schema.org\/BlogPosting\" itemprop=\"blogPost\" ><div class='avia_textblock  '   itemprop=\"text\" ><p style=\"text-align: justify;\"><span lang=\"ES-MX\">Al vivir y disfrutar las experiencias de explorar Ays\u00e9n Patagonia, es vital manejar altos est\u00e1ndares de conocimiento de primeros auxilios, sobre todo para aquellos emprendedores del turismo de naturaleza y aventura: monta\u00f1ismo, kayak, rafting, trekking, esqu\u00ed, entre otros.<\/span><span lang=\"ES-MX\">\u00a0<\/span><\/p>\n<p style=\"text-align: justify;\"><span lang=\"ES-MX\">Es as\u00ed como el PER Turismo Ays\u00e9n de Corfo, colabor\u00f3 nuevamente con la iniciativa, entregando las herramientas y conocimientos, con instructores certificados, que ense\u00f1an habilidades, estableciendo una sistem\u00e1tica global de intervenci\u00f3n ante emergencias y accidentes en zonas remotas, agrestes o rurales, a trav\u00e9s del curso Wilderness Advanced First Aid (WAFA),\u00a0<\/span><span lang=\"ES-MX\">Cursos de Primeros Auxilios en \u00c1reas Remotas.<\/span><\/p>\n<p style=\"text-align: justify;\"><span lang=\"ES-MX\">Fernando Johnson Dur\u00e1n, director (S) de Corfo Ays\u00e9n indic\u00f3 que \u201ceste tipo de cursos se insertan en la estrategia de Corfo para fortalecer el turismo de nuestra regi\u00f3n.\u00a0 Y trabajar con los gu\u00edas tur\u00edsticos es esencial para poner en valor su labor en nuestro territorio. A trav\u00e9s de este curso los gu\u00edas logran est\u00e1ndares de seguridad con entrenamiento para enfrentar y resolver emergencias en entornos remotos\u201d.<\/span><span lang=\"ES-MX\">\u00a0<\/span><\/p>\n<p style=\"text-align: justify;\"><span lang=\"ES-MX\">\u201cCon el fin de seguir profesionalizando y aportando seguridad al trabajo de los gu\u00edas de Ays\u00e9n Patagonia, como Programa nos encontramos muy motivados con esta primera instancia de capacitaci\u00f3n 2022, que fortalece la imagen de la Regi\u00f3n de Ays\u00e9n como un destino seguro de naturaleza y aventura, trabajando con est\u00e1ndares de seguridad de los cuales los turistas conf\u00edan\u201d, coment\u00f3 el presidente del PER, Jaime Guazzini.<\/span><span lang=\"ES-MX\">\u00a0<\/span><\/p>\n<p style=\"text-align: justify;\"><span lang=\"ES-MX\">Inti Ortega, gu\u00eda regional de Kayak Expedici\u00f3n y parte de los profesionales de turismo naturaleza y aventura de nuestra regi\u00f3n, agradeci\u00f3 al Gobierno Regional, a la Municipalidad de Ays\u00e9n y el PER Turismo por apoyar estos cursos de primeros auxilios, destacando la importancia a nivel profesional y capital humano y para los futuros clientes que visiten Ays\u00e9n Patagonia.<\/span><span lang=\"ES-MX\">\u00a0<\/span><\/p>\n<p style=\"text-align: justify;\"><span lang=\"ES-MX\">Por su parte, Julio Uribe, alcalde de Ays\u00e9n, enfatiz\u00f3 que \u201ces fundamental para el desarrollo de los gu\u00edas tur\u00edsticos realizar estas capacitaciones. Agradecemos al Programa Estrat\u00e9gico Regional de desarrollar estas instancias, en las que nos comprometimos como municipio y continuar apoyando al desarrollo del turismo\u201d.<\/span><span lang=\"ES-MX\">\u00a0<\/span><\/p>\n<p style=\"text-align: justify;\"><b><span lang=\"ES-MX\">\u00a0<\/span><\/b><\/p>\n<p style=\"text-align: justify;\"><b><span lang=\"ES-MX\">JORNADAS DE TRABAJO\u00a0<\/span><\/b><span lang=\"ES-MX\">\u00a0<\/span><\/p>\n<p style=\"text-align: justify;\"><span lang=\"ES-MX\">Esta primera instancia benefici\u00f3 a 16 personas, priorizando a gu\u00edas locales y regionales, ya que son quienes poseen trayectoria y amplio conocimiento en el territorio, que, adem\u00e1s, durante a\u00f1os han explorado y habilitado sectores del turismo. Desde ah\u00ed nace la necesidad de ejecutar cursos de primeros auxilios para gu\u00edas y emprendedores que se encuentren registrados en SERNATUR principalmente. Est\u00e1s iniciativas son financiadas por el Gobierno Regional a trav\u00e9s de Corfo Ays\u00e9n, y su Programa Regional de Turismo Ays\u00e9n, Naturaleza y Aventura.<\/span><span lang=\"ES-MX\">\u00a0<\/span><\/p>\n<p style=\"text-align: justify;\"><span lang=\"ES-MX\">La jornada pr\u00e1ctica se realiz\u00f3 en la Bah\u00eda Acantilada, donde se llevaron a cabo los distintos contextos de emergencias, tales como el vendaje de heridas de forma correcta o la manipulaci\u00f3n del cliente durante una emergencia neurol\u00f3gica, entre otros.<\/span><span lang=\"ES-MX\">\u00a0<\/span><\/p>\n<p style=\"text-align: justify;\"><span lang=\"ES-MX\">El primer curso se realiz\u00f3 en Puerto Ays\u00e9n, en dos etapas divididas en 20 horas te\u00f3ricas y 20 horas pr\u00e1cticas. Para interiorizar a los alumnos, el certificador inicia sus clases con la introducci\u00f3n de los primeros auxilios, en \u00e1mbitos legales, de anatom\u00eda y de fisiolog\u00eda humana, adem\u00e1s de las eventuales emergencias que podr\u00edan ocurrir al momento de salir a terreno con los clientes.<\/span><span lang=\"ES-MX\">\u00a0<\/span><\/p>\n<p style=\"text-align: justify;\"><span lang=\"ES-MX\">Al t\u00e9rmino de la certificaci\u00f3n, y tras rendir el examen final, los 16 participantes se reunieron en la sede del Club Deportivo Alas de Puerto Ays\u00e9n, culminando con la entrega de sus respectivos diplomas, por parte del alcalde de Ays\u00e9n, Julio Uribe Alvarado, sus concejales Silvia Klagges y Tatiana Villarroel, acompa\u00f1ados de la Encargada de Turismo, Loreta Co\u00f1ecar.<\/span><span lang=\"ES-MX\">\u00a0<\/span><\/p>\n<div style=\"text-align: justify;\"><\/div>\n<\/div><\/section><\/div><div  style='height:50px' class='hr hr-invisible   avia-builder-el-6  el_after_av_one_full  el_before_av_social_share '><span class='hr-inner ' ><span class='hr-inner-style'><\/span><\/span><\/div><\/p>\n<div  class='av-social-sharing-box  avia-builder-el-7  el_after_av_hr  el_before_av_hr  '><div class='av-share-box'><h5 class='av-share-link-description av-no-toc '>Compartir esta noticia<\/h5><ul class='av-share-box-list noLightbox'><li class='av-share-link av-social-link-facebook' ><a target=\"_blank\" aria-label=\"Compartir en Facebook\" href='https:\/\/www.facebook.com\/sharer.php?u=https:\/\/radiorevelacionfm.cl\/?p=14783&#038;t=Ays%C3%A9n%3A%20Culmina%20curso%20WAFA%20de%20primeros%20auxilios%20para%20Gu%C3%ADas%20Locales%20de%20Turismo' aria-hidden='false' data-av_icon='\ue8f3' data-av_iconfont='entypo-fontello' title='' data-avia-related-tooltip='Compartir en Facebook' rel=\"noopener\"><span class='avia_hidden_link_text'>Compartir en Facebook<\/span><\/a><\/li><li class='av-share-link av-social-link-twitter' ><a target=\"_blank\" aria-label=\"Compartir en Twitter\" href='https:\/\/twitter.com\/share?text=Ays%C3%A9n%3A%20Culmina%20curso%20WAFA%20de%20primeros%20auxilios%20para%20Gu%C3%ADas%20Locales%20de%20Turismo&#038;url=https:\/\/radiorevelacionfm.cl\/?p=14783' aria-hidden='false' data-av_icon='\ue8f1' data-av_iconfont='entypo-fontello' title='' data-avia-related-tooltip='Compartir en Twitter' rel=\"noopener\"><span class='avia_hidden_link_text'>Compartir en Twitter<\/span><\/a><\/li><li class='av-share-link av-social-link-whatsapp' ><a target=\"_blank\" aria-label=\"Compartir en Whatsapp\" href='https:\/\/api.whatsapp.com\/send?text=https:\/\/radiorevelacionfm.cl\/?p=14783' aria-hidden='false' data-av_icon='\uf232' data-av_iconfont='entypo-fontello' title='' data-avia-related-tooltip='Compartir en Whatsapp' rel=\"noopener\"><span class='avia_hidden_link_text'>Compartir en Whatsapp<\/span><\/a><\/li><li class='av-share-link av-social-link-linkedin' ><a target=\"_blank\" aria-label=\"Compartir en LinkedIn\" href='https:\/\/linkedin.com\/shareArticle?mini=true&#038;title=Ays%C3%A9n%3A%20Culmina%20curso%20WAFA%20de%20primeros%20auxilios%20para%20Gu%C3%ADas%20Locales%20de%20Turismo&#038;url=https:\/\/radiorevelacionfm.cl\/?p=14783' aria-hidden='false' data-av_icon='\ue8fc' data-av_iconfont='entypo-fontello' title='' data-avia-related-tooltip='Compartir en LinkedIn' rel=\"noopener\"><span class='avia_hidden_link_text'>Compartir en LinkedIn<\/span><\/a><\/li><li class='av-share-link av-social-link-mail' ><a  aria-label=\"Compartir por correo\" href='mailto:?subject=Ays%C3%A9n%3A%20Culmina%20curso%20WAFA%20de%20primeros%20auxilios%20para%20Gu%C3%ADas%20Locales%20de%20Turismo&#038;body=https:\/\/radiorevelacionfm.cl\/?p=14783' aria-hidden='false' data-av_icon='\ue805' data-av_iconfont='entypo-fontello' title='' data-avia-related-tooltip='Compartir por correo'><span class='avia_hidden_link_text'>Compartir por correo<\/span><\/a><\/li><\/ul><\/div><\/div>\n<div  style='height:50px' class='hr hr-invisible   avia-builder-el-8  el_after_av_social_share  el_before_av_comments_list '><span class='hr-inner ' ><span class='hr-inner-style'><\/span><\/span><\/div>\n<div  class='av-buildercomment  av-blog-meta-html-info-disabled av-blog-meta-tag-disabled  '><\/div>\n","protected":false},"excerpt":{"rendered":"","protected":false},"author":1,"featured_media":14784,"comment_status":"open","ping_status":"open","sticky":false,"template":"","format":"standard","meta":{"footnotes":""},"categories":[38],"tags":[],"class_list":["post-14783","post","type-post","status-publish","format-standard","has-post-thumbnail","hentry","category-regional"],"jetpack_featured_media_url":"https:\/\/radiorevelacionfm.cl\/wp-content\/uploads\/2022\/03\/PER-Aysen-220318-1-1.jpeg","_links":{"self":[{"href":"https:\/\/radiorevelacionfm.cl\/index.php?rest_route=\/wp\/v2\/posts\/14783","targetHints":{"allow":["GET"]}}],"collection":[{"href":"https:\/\/radiorevelacionfm.cl\/index.php?rest_route=\/wp\/v2\/posts"}],"about":[{"href":"https:\/\/radiorevelacionfm.cl\/index.php?rest_route=\/wp\/v2\/types\/post"}],"author":[{"embeddable":true,"href":"https:\/\/radiorevelacionfm.cl\/index.php?rest_route=\/wp\/v2\/users\/1"}],"replies":[{"embeddable":true,"href":"https:\/\/radiorevelacionfm.cl\/index.php?rest_route=%2Fwp%2Fv2%2Fcomments&post=14783"}],"version-history":[{"count":2,"href":"https:\/\/radiorevelacionfm.cl\/index.php?rest_route=\/wp\/v2\/posts\/14783\/revisions"}],"predecessor-version":[{"id":14801,"href":"https:\/\/radiorevelacionfm.cl\/index.php?rest_route=\/wp\/v2\/posts\/14783\/revisions\/14801"}],"wp:featuredmedia":[{"embeddable":true,"href":"https:\/\/radiorevelacionfm.cl\/index.php?rest_route=\/wp\/v2\/media\/14784"}],"wp:attachment":[{"href":"https:\/\/radiorevelacionfm.cl\/index.php?rest_route=%2Fwp%2Fv2%2Fmedia&parent=14783"}],"wp:term":[{"taxonomy":"category","embeddable":true,"href":"https:\/\/radiorevelacionfm.cl\/index.php?rest_route=%2Fwp%2Fv2%2Fcategories&post=14783"},{"taxonomy":"post_tag","embeddable":true,"href":"https:\/\/radiorevelacionfm.cl\/index.php?rest_route=%2Fwp%2Fv2%2Ftags&post=14783"}],"curies":[{"name":"wp","href":"https:\/\/api.w.org\/{rel}","templated":true}]}}