{"id":14779,"date":"2022-03-18T16:40:52","date_gmt":"2022-03-18T19:40:52","guid":{"rendered":"https:\/\/radiorevelacionfm.cl\/?p=14779"},"modified":"2022-03-18T16:40:52","modified_gmt":"2022-03-18T19:40:52","slug":"colaboracion-entre-municipalidad-y-hospital-de-puerto-aysen-beneficiara-a-familias-y-usuarios-del-sistema-de-salud-publica","status":"publish","type":"post","link":"https:\/\/radiorevelacionfm.cl\/?p=14779","title":{"rendered":"Colaboraci\u00f3n entre Municipalidad y Hospital de Puerto Ays\u00e9n beneficiar\u00e1 a familias y usuarios del sistema de salud p\u00fablica"},"content":{"rendered":"<div class=\"flex_column av_one_full  flex_column_div av-zero-column-padding first  avia-builder-el-0  el_before_av_one_full  avia-builder-el-first  \" style='border-radius:0px; '><div  class='avia-image-container  av-styling-    avia-builder-el-1  avia-builder-el-no-sibling  avia-align-center '  itemprop=\"image\" itemscope=\"itemscope\" itemtype=\"https:\/\/schema.org\/ImageObject\"  ><div class='avia-image-container-inner'><div class='avia-image-overlay-wrap'><img decoding=\"async\" class='wp-image-14781 avia-img-lazy-loading-not-14781 avia_image' src=\"https:\/\/radiorevelacionfm.cl\/wp-content\/uploads\/2022\/03\/Foto-2-12-1-2.jpg\" alt='' title='Foto 2 (12) (1) (2)' height=\"600\" width=\"951\"  itemprop=\"thumbnailUrl\" srcset=\"https:\/\/radiorevelacionfm.cl\/wp-content\/uploads\/2022\/03\/Foto-2-12-1-2.jpg 951w, https:\/\/radiorevelacionfm.cl\/wp-content\/uploads\/2022\/03\/Foto-2-12-1-2-300x189.jpg 300w, https:\/\/radiorevelacionfm.cl\/wp-content\/uploads\/2022\/03\/Foto-2-12-1-2-768x485.jpg 768w, https:\/\/radiorevelacionfm.cl\/wp-content\/uploads\/2022\/03\/Foto-2-12-1-2-705x445.jpg 705w, https:\/\/radiorevelacionfm.cl\/wp-content\/uploads\/2022\/03\/Foto-2-12-1-2-600x379.jpg 600w\" sizes=\"(max-width: 951px) 100vw, 951px\" \/><\/div><\/div><\/div><\/div><div class=\"flex_column av_one_full  flex_column_div av-zero-column-padding first  avia-builder-el-2  el_after_av_one_full  el_before_av_one_full  column-top-margin\" style='border-radius:0px; '><section class=\"av_textblock_section \"  itemscope=\"itemscope\" itemtype=\"https:\/\/schema.org\/BlogPosting\" itemprop=\"blogPost\" ><div class='avia_textblock  '   itemprop=\"text\" ><p style=\"text-align: center;\"><strong><span style=\"font-size: 18pt;\">Colaboraci\u00f3n entre Municipalidad y Hospital de Puerto Ays\u00e9n beneficiar\u00e1 a familias y usuarios del sistema de salud p\u00fablica<\/span><\/strong><\/p>\n<div id=\"gtx-trans\" style=\"position: absolute; left: -50px; top: 4.31534px;\">\n<div class=\"gtx-trans-icon\"><\/div>\n<\/div>\n<\/div><\/section><\/div><div class=\"flex_column av_one_full  flex_column_div av-zero-column-padding first  avia-builder-el-4  el_after_av_one_full  el_before_av_hr  column-top-margin\" style='border-radius:0px; '><section class=\"av_textblock_section \"  itemscope=\"itemscope\" itemtype=\"https:\/\/schema.org\/BlogPosting\" itemprop=\"blogPost\" ><div class='avia_textblock  '   itemprop=\"text\" ><p style=\"text-align: justify;\">La casa edilicia, a mediados de mes, firm\u00f3 con el Hospital de Puerto Ays\u00e9n un acuerdo que facilitar\u00e1 la prosecuci\u00f3n de la Escuelita Hospitalaria para que ni\u00f1as y ni\u00f1os convalecientes contin\u00faen su proceso de aprendizaje en las dependencias del recinto, as\u00ed como las prestaciones de servicio de una qu\u00edmica farmac\u00e9utica en la entrega de medicamentos destinada a la Farmacia Municipal.<\/p>\n<p style=\"text-align: justify;\">Para garantizar el acceso a la educaci\u00f3n a estudiantes hospitalizados, la Municipalidad de Ays\u00e9n a trav\u00e9s de sus docentes, brindar\u00e1 el respaldo necesario hasta su reinserci\u00f3n en aulas junto a sus compa\u00f1eros, por lo que el director del recinto de salud, Claudio Arriagada sostuvo que la alianza permitir\u00e1 facilidades a los profesionales que encabezan la formaci\u00f3n curricular de los pacientes, m\u00e1s ahora con la llegada de nuevos especialistas.<\/p>\n<p style=\"text-align: justify;\">\u201cHemos renovado el convenio de la Escuelita Hospitalaria el cual incorpora que docentes del municipio de Ays\u00e9n van a poder entrar a nuestro servicio de pediatr\u00eda, debido a que como ya tenemos cirujano infantil estamos operando a m\u00e1s ni\u00f1os\u201d, detall\u00f3 el representante de salud aclarando que eso producir\u00e1 hospitalizaciones, en determinados casos, m\u00e1s prolongadas donde se requiera reforzamiento escolar.<\/p>\n<p style=\"text-align: justify;\">Cuando la actual administraci\u00f3n asumi\u00f3 el tim\u00f3n comunal, familias comunicaron su inquietud sobre la continuidad de la Escuelita Hospitalaria que, para entonces, llevaba desempe\u00f1ando funciones en una sala del Centro de Salud Familiar (Cesfam). \u201cEn principio muchos indicaban que se iba a cerrar, por tanto, hab\u00eda preocupaci\u00f3n\u201d, coment\u00f3 el alcalde Julio Uribe Alvarado, debido a que antes del convenio era necesario esfuerzos log\u00edsticos para coordinar espacio y asistencia fuera de las instalaciones, ahora el ingreso ser\u00e1 directo.<\/p>\n<p style=\"text-align: justify;\"><strong>Continuidad Farmacia Municipal<\/strong><\/p>\n<p style=\"text-align: justify;\">Bajo el compromiso permanente de respaldar a los ayseninos y aliviar los coletazos econ\u00f3micos de la pandemia, la Farmacia Municipal (FarmAys\u00e9n) entrega medicamentos a un precio accesible a pacientes con patolog\u00edas cr\u00f3nicas. Cabe mencionar que desde su puesta en marcha en 2020, residentes han visto cambios significativos en el presupuesto familiar y en la continuidad de tratamientos que requieren recetas m\u00e9dicas por sobre el ingreso per c\u00e1pita.<\/p>\n<p style=\"text-align: justify;\">Por lo que durante la recuperaci\u00f3n del personal a cargo del espacio emplazado al costado del Hospital de Puerto Ays\u00e9n, las autoridades acordaron un compromiso con el centro m\u00e9dico para su funcionamiento.<\/p>\n<p style=\"text-align: justify;\">\u201cSe nos solicit\u00f3 prestar apoyo a la Farmacia Municipal en aquellos momentos en que requieran tener la presencia de qu\u00edmico farmac\u00e9utico por motivos que no pueda estar la colega\u201d, coment\u00f3 Maribel Pardo, especialista farmac\u00e9utica. Por su parte el director Arriagada a\u00f1adi\u00f3 que el convenio consiste en una colaboraci\u00f3n de algunas horas para la Farmacia y la continuidad en la atenci\u00f3n de \u201clos pacientes y usuario de la ciudad de Puerto Ays\u00e9n\u201d.<\/p>\n<p style=\"text-align: justify;\">Al t\u00e9rmino de la reuni\u00f3n, ambas autoridades aclararon que el convenio est\u00e1 pr\u00f3ximo a firmarse. En tanto, desde la Municipalidad de Ays\u00e9n destacaron lo imprescindible de las redes institucionales para el progreso de la regi\u00f3n y el bienestar de cada habitante.<\/p>\n<\/div><\/section><\/div><div  style='height:50px' class='hr hr-invisible   avia-builder-el-6  el_after_av_one_full  el_before_av_social_share '><span class='hr-inner ' ><span class='hr-inner-style'><\/span><\/span><\/div><\/p>\n<div  class='av-social-sharing-box  avia-builder-el-7  el_after_av_hr  el_before_av_hr  '><div class='av-share-box'><h5 class='av-share-link-description av-no-toc '>Compartir esta noticia<\/h5><ul class='av-share-box-list noLightbox'><li class='av-share-link av-social-link-facebook' ><a target=\"_blank\" aria-label=\"Compartir en Facebook\" href='https:\/\/www.facebook.com\/sharer.php?u=https:\/\/radiorevelacionfm.cl\/?p=14779&#038;t=Colaboraci%C3%B3n%20entre%20Municipalidad%20y%20Hospital%20de%20Puerto%20Ays%C3%A9n%20beneficiar%C3%A1%20a%20familias%20y%20usuarios%20del%20sistema%20de%20salud%20p%C3%BAblica' aria-hidden='false' data-av_icon='\ue8f3' data-av_iconfont='entypo-fontello' title='' data-avia-related-tooltip='Compartir en Facebook' rel=\"noopener\"><span class='avia_hidden_link_text'>Compartir en Facebook<\/span><\/a><\/li><li class='av-share-link av-social-link-twitter' ><a target=\"_blank\" aria-label=\"Compartir en Twitter\" href='https:\/\/twitter.com\/share?text=Colaboraci%C3%B3n%20entre%20Municipalidad%20y%20Hospital%20de%20Puerto%20Ays%C3%A9n%20beneficiar%C3%A1%20a%20familias%20y%20usuarios%20del%20sistema%20de%20salud%20p%C3%BAblica&#038;url=https:\/\/radiorevelacionfm.cl\/?p=14779' aria-hidden='false' data-av_icon='\ue8f1' data-av_iconfont='entypo-fontello' title='' data-avia-related-tooltip='Compartir en Twitter' rel=\"noopener\"><span class='avia_hidden_link_text'>Compartir en Twitter<\/span><\/a><\/li><li class='av-share-link av-social-link-whatsapp' ><a target=\"_blank\" aria-label=\"Compartir en Whatsapp\" href='https:\/\/api.whatsapp.com\/send?text=https:\/\/radiorevelacionfm.cl\/?p=14779' aria-hidden='false' data-av_icon='\uf232' data-av_iconfont='entypo-fontello' title='' data-avia-related-tooltip='Compartir en Whatsapp' rel=\"noopener\"><span class='avia_hidden_link_text'>Compartir en Whatsapp<\/span><\/a><\/li><li class='av-share-link av-social-link-linkedin' ><a target=\"_blank\" aria-label=\"Compartir en LinkedIn\" href='https:\/\/linkedin.com\/shareArticle?mini=true&#038;title=Colaboraci%C3%B3n%20entre%20Municipalidad%20y%20Hospital%20de%20Puerto%20Ays%C3%A9n%20beneficiar%C3%A1%20a%20familias%20y%20usuarios%20del%20sistema%20de%20salud%20p%C3%BAblica&#038;url=https:\/\/radiorevelacionfm.cl\/?p=14779' aria-hidden='false' data-av_icon='\ue8fc' data-av_iconfont='entypo-fontello' title='' data-avia-related-tooltip='Compartir en LinkedIn' rel=\"noopener\"><span class='avia_hidden_link_text'>Compartir en LinkedIn<\/span><\/a><\/li><li class='av-share-link av-social-link-mail' ><a  aria-label=\"Compartir por correo\" href='mailto:?subject=Colaboraci%C3%B3n%20entre%20Municipalidad%20y%20Hospital%20de%20Puerto%20Ays%C3%A9n%20beneficiar%C3%A1%20a%20familias%20y%20usuarios%20del%20sistema%20de%20salud%20p%C3%BAblica&#038;body=https:\/\/radiorevelacionfm.cl\/?p=14779' aria-hidden='false' data-av_icon='\ue805' data-av_iconfont='entypo-fontello' title='' data-avia-related-tooltip='Compartir por correo'><span class='avia_hidden_link_text'>Compartir por correo<\/span><\/a><\/li><\/ul><\/div><\/div>\n<div  style='height:50px' class='hr hr-invisible   avia-builder-el-8  el_after_av_social_share  el_before_av_comments_list '><span class='hr-inner ' ><span class='hr-inner-style'><\/span><\/span><\/div>\n<div  class='av-buildercomment  av-blog-meta-html-info-disabled av-blog-meta-tag-disabled  '><\/div>\n","protected":false},"excerpt":{"rendered":"","protected":false},"author":1,"featured_media":14781,"comment_status":"open","ping_status":"open","sticky":false,"template":"","format":"standard","meta":{"footnotes":""},"categories":[38],"tags":[],"class_list":["post-14779","post","type-post","status-publish","format-standard","has-post-thumbnail","hentry","category-regional"],"jetpack_featured_media_url":"https:\/\/radiorevelacionfm.cl\/wp-content\/uploads\/2022\/03\/Foto-2-12-1-2.jpg","_links":{"self":[{"href":"https:\/\/radiorevelacionfm.cl\/index.php?rest_route=\/wp\/v2\/posts\/14779","targetHints":{"allow":["GET"]}}],"collection":[{"href":"https:\/\/radiorevelacionfm.cl\/index.php?rest_route=\/wp\/v2\/posts"}],"about":[{"href":"https:\/\/radiorevelacionfm.cl\/index.php?rest_route=\/wp\/v2\/types\/post"}],"author":[{"embeddable":true,"href":"https:\/\/radiorevelacionfm.cl\/index.php?rest_route=\/wp\/v2\/users\/1"}],"replies":[{"embeddable":true,"href":"https:\/\/radiorevelacionfm.cl\/index.php?rest_route=%2Fwp%2Fv2%2Fcomments&post=14779"}],"version-history":[{"count":2,"href":"https:\/\/radiorevelacionfm.cl\/index.php?rest_route=\/wp\/v2\/posts\/14779\/revisions"}],"predecessor-version":[{"id":14790,"href":"https:\/\/radiorevelacionfm.cl\/index.php?rest_route=\/wp\/v2\/posts\/14779\/revisions\/14790"}],"wp:featuredmedia":[{"embeddable":true,"href":"https:\/\/radiorevelacionfm.cl\/index.php?rest_route=\/wp\/v2\/media\/14781"}],"wp:attachment":[{"href":"https:\/\/radiorevelacionfm.cl\/index.php?rest_route=%2Fwp%2Fv2%2Fmedia&parent=14779"}],"wp:term":[{"taxonomy":"category","embeddable":true,"href":"https:\/\/radiorevelacionfm.cl\/index.php?rest_route=%2Fwp%2Fv2%2Fcategories&post=14779"},{"taxonomy":"post_tag","embeddable":true,"href":"https:\/\/radiorevelacionfm.cl\/index.php?rest_route=%2Fwp%2Fv2%2Ftags&post=14779"}],"curies":[{"name":"wp","href":"https:\/\/api.w.org\/{rel}","templated":true}]}}