{"id":14776,"date":"2022-03-18T16:08:39","date_gmt":"2022-03-18T19:08:39","guid":{"rendered":"https:\/\/radiorevelacionfm.cl\/?p=14776"},"modified":"2022-03-18T16:08:39","modified_gmt":"2022-03-18T19:08:39","slug":"fundacion-realiza-capacitacion-en-educacion-medioambiental-en-jardin-infantil-de-cochrane","status":"publish","type":"post","link":"https:\/\/radiorevelacionfm.cl\/?p=14776","title":{"rendered":"Fundaci\u00f3n realiza capacitaci\u00f3n en educaci\u00f3n medioambiental en Jard\u00edn Infantil de Cochrane"},"content":{"rendered":"<div class=\"flex_column av_one_full  flex_column_div av-zero-column-padding first  avia-builder-el-0  el_before_av_one_full  avia-builder-el-first  \" style='border-radius:0px; '><div  class='avia-image-container  av-styling-    avia-builder-el-1  avia-builder-el-no-sibling  avia-align-center '  itemprop=\"image\" itemscope=\"itemscope\" itemtype=\"https:\/\/schema.org\/ImageObject\"  ><div class='avia-image-container-inner'><div class='avia-image-overlay-wrap'><img decoding=\"async\" class='wp-image-14777 avia-img-lazy-loading-not-14777 avia_image' src=\"https:\/\/radiorevelacionfm.cl\/wp-content\/uploads\/2022\/03\/6-5-1_optimized.jpeg\" alt='' title='6-(5)-(1)_optimized' height=\"600\" width=\"800\"  itemprop=\"thumbnailUrl\" srcset=\"https:\/\/radiorevelacionfm.cl\/wp-content\/uploads\/2022\/03\/6-5-1_optimized.jpeg 800w, https:\/\/radiorevelacionfm.cl\/wp-content\/uploads\/2022\/03\/6-5-1_optimized-300x225.jpeg 300w, https:\/\/radiorevelacionfm.cl\/wp-content\/uploads\/2022\/03\/6-5-1_optimized-768x576.jpeg 768w, https:\/\/radiorevelacionfm.cl\/wp-content\/uploads\/2022\/03\/6-5-1_optimized-705x529.jpeg 705w, https:\/\/radiorevelacionfm.cl\/wp-content\/uploads\/2022\/03\/6-5-1_optimized-600x450.jpeg 600w\" sizes=\"(max-width: 800px) 100vw, 800px\" \/><\/div><\/div><\/div><\/div><div class=\"flex_column av_one_full  flex_column_div av-zero-column-padding first  avia-builder-el-2  el_after_av_one_full  el_before_av_one_full  column-top-margin\" style='border-radius:0px; '><section class=\"av_textblock_section \"  itemscope=\"itemscope\" itemtype=\"https:\/\/schema.org\/BlogPosting\" itemprop=\"blogPost\" ><div class='avia_textblock  '   itemprop=\"text\" ><p style=\"text-align: center;\"><strong><span style=\"font-size: 18pt;\">Fundaci\u00f3n realiza capacitaci\u00f3n en educaci\u00f3n medioambiental en Jard\u00edn Infantil de Cochrane<\/span><\/strong><\/p>\n<div id=\"gtx-trans\" style=\"position: absolute; left: -50px; top: 4.31534px;\">\n<div class=\"gtx-trans-icon\"><\/div>\n<\/div>\n<\/div><\/section><\/div><div class=\"flex_column av_one_full  flex_column_div av-zero-column-padding first  avia-builder-el-4  el_after_av_one_full  el_before_av_hr  column-top-margin\" style='border-radius:0px; '><section class=\"av_textblock_section \"  itemscope=\"itemscope\" itemtype=\"https:\/\/schema.org\/BlogPosting\" itemprop=\"blogPost\" ><div class='avia_textblock  '   itemprop=\"text\" ><p style=\"font-weight: 400; text-align: justify;\">Una completa capacitaci\u00f3n en temas medioambientales recibi\u00f3 el equipo educativo del Jard\u00edn Infantil y Sala Cuna \u201cLos Pioneros\u201d de Fundaci\u00f3n Integra. La instancia de trabajo estuvo a cargo de la Fundaci\u00f3n CIFREP (Children\u2019s International Foundation for Research Education and Peace) quienes por 4 d\u00edas desarrollaron diversas actividades pedag\u00f3gicas que permitieron ir afianzando y avanzando en el Proyecto Educativo Institucional que tiene el establecimiento en la comuna de Cochrane y que se denomina \u201cRescate del Medio Natural y Cultural\u201d.<\/p>\n<p style=\"font-weight: 400; text-align: justify;\">CIFREP promueve la voz y el protagonismo de ni\u00f1os, ni\u00f1as y adolescentes en la sociedad desde el 2014, apoyando y desarrollando investigaciones con la infancia sobre todos aquellos aspectos que la afectan, buscando potenciar su autonom\u00eda, aprendizajes y bienestar a trav\u00e9s de la Educaci\u00f3n en la Naturaleza.<\/p>\n<p style=\"font-weight: 400; text-align: justify;\">Matias Knust, cofundador y codirector de la Fundaci\u00f3n Cifrep, y quien estuvo a cargo de esta capacitaci\u00f3n destac\u00f3 que \u201clo importante de estas acciones es el beneficio que otorga el trabajar al aire libre con los ni\u00f1os(as) y como estos aprenden m\u00e1s. Su desarrollo psicomotor, cognitivo, su lenguaje es m\u00e1s potente, el sistema inmune se ve beneficiado al estar afuera. El contacto con la naturaleza tiene un efecto tranquilizador, disminuye la ansiedad, el estr\u00e9s, aumenta la concentraci\u00f3n y una serie de beneficios que hoy en d\u00eda, lamentablemente, estamos utilizando muy poco y eso es lo que estamos potenciando con este trabajo\u201d.<\/p>\n<p style=\"font-weight: 400; text-align: justify;\">Dentro de las acciones desarrolladas destacan un conversatorio sobre los beneficios de la Educaci\u00f3n en la Naturaleza, el acompa\u00f1amiento en salidas pedag\u00f3gica a los entornos naturales cercanos y una jornada de reflexi\u00f3n sobre la importancia de las acciones que se pueden desarrollar al aire libre en la naturaleza y en la ciudad, junto con la visualizaci\u00f3n del documental alem\u00e1n Crecer en la Naturaleza, traducido por la Fundaci\u00f3n CIFREP.<\/p>\n<p style=\"font-weight: 400; text-align: justify;\">La directora regional de Fundaci\u00f3n Integra, Isabel Roncallo Fandi\u00f1o destac\u00f3 que \u201cestas actividades pedag\u00f3gicas permitieron ir afianzando y avanzando en el Proyecto Educativo Institucional del establecimiento\u201d. A la vez destac\u00f3 que \u201cEducando en la Naturaleza nos ayuda a potenciar no solo a los ni\u00f1os sino tambi\u00e9n a las funcionarias, familias y redes porque potencia la autonom\u00eda, la creatividad, la solidaridad, el trabajo en equipo y el conocimiento del medioambiente que los rodea\u201d.<\/p>\n<p style=\"font-weight: 400; text-align: justify;\">Durante la salida al entorno natural, que incluy\u00f3 el juego libre de ni\u00f1os y ni\u00f1as en parques de la localidad, Iv\u00e1n, un ni\u00f1o de 4 a\u00f1os, trajo un envase de pl\u00e1stico que encontr\u00f3 tirado y dijo: \u201cEl planeta se respeta\u201d, mientras entregaba la basura a una educadora que limpiaba el lugar.<\/p>\n<p style=\"font-weight: 400; text-align: justify;\">Durante la jornada tambi\u00e9n se pudo constatar que la gran mayor\u00eda de juegos en una plaza cercana se encontraba con desperfectos y sin posibilidad de uso. Esto se tradujo, posteriormente, en la visita de un grupo de ni\u00f1os y ni\u00f1as junto a educadoras y la directora del Jard\u00edn Infantil Cecilia Alvarado al Municipio, donde se reunieron con el Alcalde Jorge Calder\u00f3n N\u00fa\u00f1ez, quien acus\u00f3 recibo de la problem\u00e1tica evidenciada por la infancia.<\/p>\n<p style=\"font-weight: 400; text-align: justify;\">La directora del jard\u00edn Infantil y Sala Cuna \u201cLos Pioneros\u201d, Cecilia Alvarado destac\u00f3 los beneficios de la pedagog\u00eda en la naturaleza recalcando que \u201clos educadores, los padres, la sociedad, las familias debemos tener un cambio de paradigma y ser capaces de hacer un mea culpa y volver a conectarnos con nuestro entorno para que las futuras generaciones puedan crear conexiones respetuosas y en armon\u00eda con la naturaleza. En ese trabajo estamos y seguiremos trabajando con este enfoque\u201d.<\/p>\n<\/div><\/section><\/div><div  style='height:50px' class='hr hr-invisible   avia-builder-el-6  el_after_av_one_full  el_before_av_social_share '><span class='hr-inner ' ><span class='hr-inner-style'><\/span><\/span><\/div><\/p>\n<div  class='av-social-sharing-box  avia-builder-el-7  el_after_av_hr  el_before_av_hr  '><div class='av-share-box'><h5 class='av-share-link-description av-no-toc '>Compartir esta noticia<\/h5><ul class='av-share-box-list noLightbox'><li class='av-share-link av-social-link-facebook' ><a target=\"_blank\" aria-label=\"Compartir en Facebook\" href='https:\/\/www.facebook.com\/sharer.php?u=https:\/\/radiorevelacionfm.cl\/?p=14776&#038;t=Fundaci%C3%B3n%20realiza%20capacitaci%C3%B3n%20en%20educaci%C3%B3n%20medioambiental%20en%20Jard%C3%ADn%20Infantil%20de%20Cochrane' aria-hidden='false' data-av_icon='\ue8f3' data-av_iconfont='entypo-fontello' title='' data-avia-related-tooltip='Compartir en Facebook' rel=\"noopener\"><span class='avia_hidden_link_text'>Compartir en Facebook<\/span><\/a><\/li><li class='av-share-link av-social-link-twitter' ><a target=\"_blank\" aria-label=\"Compartir en Twitter\" href='https:\/\/twitter.com\/share?text=Fundaci%C3%B3n%20realiza%20capacitaci%C3%B3n%20en%20educaci%C3%B3n%20medioambiental%20en%20Jard%C3%ADn%20Infantil%20de%20Cochrane&#038;url=https:\/\/radiorevelacionfm.cl\/?p=14776' aria-hidden='false' data-av_icon='\ue8f1' data-av_iconfont='entypo-fontello' title='' data-avia-related-tooltip='Compartir en Twitter' rel=\"noopener\"><span class='avia_hidden_link_text'>Compartir en Twitter<\/span><\/a><\/li><li class='av-share-link av-social-link-whatsapp' ><a target=\"_blank\" aria-label=\"Compartir en Whatsapp\" href='https:\/\/api.whatsapp.com\/send?text=https:\/\/radiorevelacionfm.cl\/?p=14776' aria-hidden='false' data-av_icon='\uf232' data-av_iconfont='entypo-fontello' title='' data-avia-related-tooltip='Compartir en Whatsapp' rel=\"noopener\"><span class='avia_hidden_link_text'>Compartir en Whatsapp<\/span><\/a><\/li><li class='av-share-link av-social-link-linkedin' ><a target=\"_blank\" aria-label=\"Compartir en LinkedIn\" href='https:\/\/linkedin.com\/shareArticle?mini=true&#038;title=Fundaci%C3%B3n%20realiza%20capacitaci%C3%B3n%20en%20educaci%C3%B3n%20medioambiental%20en%20Jard%C3%ADn%20Infantil%20de%20Cochrane&#038;url=https:\/\/radiorevelacionfm.cl\/?p=14776' aria-hidden='false' data-av_icon='\ue8fc' data-av_iconfont='entypo-fontello' title='' data-avia-related-tooltip='Compartir en LinkedIn' rel=\"noopener\"><span class='avia_hidden_link_text'>Compartir en LinkedIn<\/span><\/a><\/li><li class='av-share-link av-social-link-mail' ><a  aria-label=\"Compartir por correo\" href='mailto:?subject=Fundaci%C3%B3n%20realiza%20capacitaci%C3%B3n%20en%20educaci%C3%B3n%20medioambiental%20en%20Jard%C3%ADn%20Infantil%20de%20Cochrane&#038;body=https:\/\/radiorevelacionfm.cl\/?p=14776' aria-hidden='false' data-av_icon='\ue805' data-av_iconfont='entypo-fontello' title='' data-avia-related-tooltip='Compartir por correo'><span class='avia_hidden_link_text'>Compartir por correo<\/span><\/a><\/li><\/ul><\/div><\/div>\n<div  style='height:50px' class='hr hr-invisible   avia-builder-el-8  el_after_av_social_share  el_before_av_comments_list '><span class='hr-inner ' ><span class='hr-inner-style'><\/span><\/span><\/div>\n<div  class='av-buildercomment  av-blog-meta-html-info-disabled av-blog-meta-tag-disabled  '><\/div>\n","protected":false},"excerpt":{"rendered":"","protected":false},"author":1,"featured_media":14777,"comment_status":"open","ping_status":"open","sticky":false,"template":"","format":"standard","meta":{"footnotes":""},"categories":[49],"tags":[],"class_list":["post-14776","post","type-post","status-publish","format-standard","has-post-thumbnail","hentry","category-educacion"],"jetpack_featured_media_url":"https:\/\/radiorevelacionfm.cl\/wp-content\/uploads\/2022\/03\/6-5-1_optimized.jpeg","_links":{"self":[{"href":"https:\/\/radiorevelacionfm.cl\/index.php?rest_route=\/wp\/v2\/posts\/14776","targetHints":{"allow":["GET"]}}],"collection":[{"href":"https:\/\/radiorevelacionfm.cl\/index.php?rest_route=\/wp\/v2\/posts"}],"about":[{"href":"https:\/\/radiorevelacionfm.cl\/index.php?rest_route=\/wp\/v2\/types\/post"}],"author":[{"embeddable":true,"href":"https:\/\/radiorevelacionfm.cl\/index.php?rest_route=\/wp\/v2\/users\/1"}],"replies":[{"embeddable":true,"href":"https:\/\/radiorevelacionfm.cl\/index.php?rest_route=%2Fwp%2Fv2%2Fcomments&post=14776"}],"version-history":[{"count":2,"href":"https:\/\/radiorevelacionfm.cl\/index.php?rest_route=\/wp\/v2\/posts\/14776\/revisions"}],"predecessor-version":[{"id":14786,"href":"https:\/\/radiorevelacionfm.cl\/index.php?rest_route=\/wp\/v2\/posts\/14776\/revisions\/14786"}],"wp:featuredmedia":[{"embeddable":true,"href":"https:\/\/radiorevelacionfm.cl\/index.php?rest_route=\/wp\/v2\/media\/14777"}],"wp:attachment":[{"href":"https:\/\/radiorevelacionfm.cl\/index.php?rest_route=%2Fwp%2Fv2%2Fmedia&parent=14776"}],"wp:term":[{"taxonomy":"category","embeddable":true,"href":"https:\/\/radiorevelacionfm.cl\/index.php?rest_route=%2Fwp%2Fv2%2Fcategories&post=14776"},{"taxonomy":"post_tag","embeddable":true,"href":"https:\/\/radiorevelacionfm.cl\/index.php?rest_route=%2Fwp%2Fv2%2Ftags&post=14776"}],"curies":[{"name":"wp","href":"https:\/\/api.w.org\/{rel}","templated":true}]}}