{"id":14772,"date":"2022-03-18T15:23:36","date_gmt":"2022-03-18T18:23:36","guid":{"rendered":"https:\/\/radiorevelacionfm.cl\/?p=14772"},"modified":"2022-03-18T15:23:36","modified_gmt":"2022-03-18T18:23:36","slug":"evaluan-medidas-para-fortalecer-gestion-ante-fenomeno-de-marea-roja-en-el-litoral-de-aysen","status":"publish","type":"post","link":"https:\/\/radiorevelacionfm.cl\/?p=14772","title":{"rendered":"Eval\u00faan medidas para fortalecer gesti\u00f3n ante fen\u00f3meno de Marea Roja en el litoral de Ays\u00e9n"},"content":{"rendered":"<div class=\"flex_column av_one_full  flex_column_div av-zero-column-padding first  avia-builder-el-0  el_before_av_one_full  avia-builder-el-first  \" style='border-radius:0px; '><div  class='avia-image-container  av-styling-    avia-builder-el-1  avia-builder-el-no-sibling  avia-align-center '  itemprop=\"image\" itemscope=\"itemscope\" itemtype=\"https:\/\/schema.org\/ImageObject\"  ><div class='avia-image-container-inner'><div class='avia-image-overlay-wrap'><img decoding=\"async\" class='wp-image-14773 avia-img-lazy-loading-not-14773 avia_image' src=\"https:\/\/radiorevelacionfm.cl\/wp-content\/uploads\/2022\/03\/reunion-marea-roja-1_optimized.jpg\" alt='' title='reunion-marea-roja-(1)_optimized' height=\"600\" width=\"1066\"  itemprop=\"thumbnailUrl\" srcset=\"https:\/\/radiorevelacionfm.cl\/wp-content\/uploads\/2022\/03\/reunion-marea-roja-1_optimized.jpg 1066w, https:\/\/radiorevelacionfm.cl\/wp-content\/uploads\/2022\/03\/reunion-marea-roja-1_optimized-300x169.jpg 300w, https:\/\/radiorevelacionfm.cl\/wp-content\/uploads\/2022\/03\/reunion-marea-roja-1_optimized-1030x580.jpg 1030w, https:\/\/radiorevelacionfm.cl\/wp-content\/uploads\/2022\/03\/reunion-marea-roja-1_optimized-768x432.jpg 768w, https:\/\/radiorevelacionfm.cl\/wp-content\/uploads\/2022\/03\/reunion-marea-roja-1_optimized-705x397.jpg 705w, https:\/\/radiorevelacionfm.cl\/wp-content\/uploads\/2022\/03\/reunion-marea-roja-1_optimized-600x338.jpg 600w\" sizes=\"(max-width: 1066px) 100vw, 1066px\" \/><\/div><\/div><\/div><\/div><div class=\"flex_column av_one_full  flex_column_div av-zero-column-padding first  avia-builder-el-2  el_after_av_one_full  el_before_av_one_full  column-top-margin\" style='border-radius:0px; '><section class=\"av_textblock_section \"  itemscope=\"itemscope\" itemtype=\"https:\/\/schema.org\/BlogPosting\" itemprop=\"blogPost\" ><div class='avia_textblock  '   itemprop=\"text\" ><p style=\"text-align: center;\"><strong><span style=\"font-size: 18pt;\">Eval\u00faan medidas para fortalecer gesti\u00f3n ante fen\u00f3meno de Marea Roja en el litoral de Ays\u00e9n<\/span><\/strong><\/p>\n<div id=\"gtx-trans\" style=\"position: absolute; left: -50px; top: 4.31534px;\">\n<div class=\"gtx-trans-icon\"><\/div>\n<\/div>\n<\/div><\/section><\/div><div class=\"flex_column av_one_full  flex_column_div av-zero-column-padding first  avia-builder-el-4  el_after_av_one_full  el_before_av_hr  column-top-margin\" style='border-radius:0px; '><section class=\"av_textblock_section \"  itemscope=\"itemscope\" itemtype=\"https:\/\/schema.org\/BlogPosting\" itemprop=\"blogPost\" ><div class='avia_textblock  '   itemprop=\"text\" ><p style=\"font-weight: 400; text-align: justify;\">Una reuni\u00f3n informativa preliminar sobre las medidas asociadas al fen\u00f3meno de la Marea Roja en el litoral de Ays\u00e9n, sostuvo el Delegado Presidencial Regional, Rodrigo Araya Morales, acompa\u00f1ado por el Delegado Presidencial Provincial, Jorge Salfate, con especialistas de un conjunto de instituciones relacionadas con la materia.<\/p>\n<p style=\"font-weight: 400; text-align: justify;\">\u201cSe trat\u00f3 de una reuni\u00f3n informativa, donde pudi\u00e9ramos conocer toda la institucionalidad que se relaciona con el fen\u00f3meno de la Marea Roja y de las floraciones algales. Se nos acerca Semana Santa y tenemos altos niveles de toxinas en nuestra regi\u00f3n, por lo tanto, las personas que comercializan y consumen productos, velen porque sean de lugares autorizados. Tambi\u00e9n, nos vamos con una tarea que significa la actualizaci\u00f3n del Comit\u00e9 de Marea Roja, para incorporar a nuevas instituciones que se puedan relacionar con el Comit\u00e9 como, por ejemplo, el Centro de Investigaciones en Ecosistemas de la Patagonia (CIEP), u otras. Es una oportunidad de interactuar porque va a ser muy \u00fatil\u201d, expres\u00f3 Rodrigo Araya.<\/p>\n<p style=\"font-weight: 400; text-align: justify;\">Mar\u00eda Ang\u00e9lica Tocornal, jefe del Laboratorio de Salud P\u00fablica y Ambiental de la seremi de Salud Ays\u00e9n y encargada regional del programa de Marea Roja, coincidi\u00f3 en la importancia de estas coordinaciones y de la actualizaci\u00f3n de integrantes de la instancia.<\/p>\n<p style=\"font-weight: 400; text-align: justify;\">\u201cFue una excelente reuni\u00f3n de coordinaci\u00f3n, de conocer a las nuevas autoridades y aqu\u00ed vamos a sacar un trabajo muy enriquecedor tratando de actualizar todo lo que es el Comit\u00e9 de Marea Roja, y hacer todo un trabajo coordinado y aprovechar todos los recursos institucionales para hacer llegar los mensajes preventivos a la poblaci\u00f3n\u201d, recalc\u00f3.<\/p>\n<p style=\"font-weight: 400; text-align: justify;\">Por su parte, Jorge Salfate destac\u00f3 la importancia de la articulaci\u00f3n oportuna de todos los sectores para atender situaciones como la Marea Roja. \u201cEs muy importante conocer al intersector en temas espec\u00edficos como Marea Roja, Comit\u00e9 Interinstitucional CICA, lo importante es cumplir con el rol que tenemos como delegaci\u00f3n y, obviamente, como Gobierno\u201d, concluy\u00f3.<\/p>\n<p style=\"font-weight: 400; text-align: justify;\">En la reuni\u00f3n participaron directivos y profesionales de la seremi de Salud, Instituto de Fomento Pesquero, seremi de Medio Ambiente, Sernapesca, Superintendencia del Medio Ambiente, Carabineros y Armada, entre otros.<\/p>\n<\/div><\/section><\/div><div  style='height:50px' class='hr hr-invisible   avia-builder-el-6  el_after_av_one_full  el_before_av_social_share '><span class='hr-inner ' ><span class='hr-inner-style'><\/span><\/span><\/div><\/p>\n<div  class='av-social-sharing-box  avia-builder-el-7  el_after_av_hr  el_before_av_hr  '><div class='av-share-box'><h5 class='av-share-link-description av-no-toc '>Compartir esta noticia<\/h5><ul class='av-share-box-list noLightbox'><li class='av-share-link av-social-link-facebook' ><a target=\"_blank\" aria-label=\"Compartir en Facebook\" href='https:\/\/www.facebook.com\/sharer.php?u=https:\/\/radiorevelacionfm.cl\/?p=14772&#038;t=Eval%C3%BAan%20medidas%20para%20fortalecer%20gesti%C3%B3n%20ante%20fen%C3%B3meno%20de%20Marea%20Roja%20en%20el%20litoral%20de%20Ays%C3%A9n' aria-hidden='false' data-av_icon='\ue8f3' data-av_iconfont='entypo-fontello' title='' data-avia-related-tooltip='Compartir en Facebook' rel=\"noopener\"><span class='avia_hidden_link_text'>Compartir en Facebook<\/span><\/a><\/li><li class='av-share-link av-social-link-twitter' ><a target=\"_blank\" aria-label=\"Compartir en Twitter\" href='https:\/\/twitter.com\/share?text=Eval%C3%BAan%20medidas%20para%20fortalecer%20gesti%C3%B3n%20ante%20fen%C3%B3meno%20de%20Marea%20Roja%20en%20el%20litoral%20de%20Ays%C3%A9n&#038;url=https:\/\/radiorevelacionfm.cl\/?p=14772' aria-hidden='false' data-av_icon='\ue8f1' data-av_iconfont='entypo-fontello' title='' data-avia-related-tooltip='Compartir en Twitter' rel=\"noopener\"><span class='avia_hidden_link_text'>Compartir en Twitter<\/span><\/a><\/li><li class='av-share-link av-social-link-whatsapp' ><a target=\"_blank\" aria-label=\"Compartir en Whatsapp\" href='https:\/\/api.whatsapp.com\/send?text=https:\/\/radiorevelacionfm.cl\/?p=14772' aria-hidden='false' data-av_icon='\uf232' data-av_iconfont='entypo-fontello' title='' data-avia-related-tooltip='Compartir en Whatsapp' rel=\"noopener\"><span class='avia_hidden_link_text'>Compartir en Whatsapp<\/span><\/a><\/li><li class='av-share-link av-social-link-linkedin' ><a target=\"_blank\" aria-label=\"Compartir en LinkedIn\" href='https:\/\/linkedin.com\/shareArticle?mini=true&#038;title=Eval%C3%BAan%20medidas%20para%20fortalecer%20gesti%C3%B3n%20ante%20fen%C3%B3meno%20de%20Marea%20Roja%20en%20el%20litoral%20de%20Ays%C3%A9n&#038;url=https:\/\/radiorevelacionfm.cl\/?p=14772' aria-hidden='false' data-av_icon='\ue8fc' data-av_iconfont='entypo-fontello' title='' data-avia-related-tooltip='Compartir en LinkedIn' rel=\"noopener\"><span class='avia_hidden_link_text'>Compartir en LinkedIn<\/span><\/a><\/li><li class='av-share-link av-social-link-mail' ><a  aria-label=\"Compartir por correo\" href='mailto:?subject=Eval%C3%BAan%20medidas%20para%20fortalecer%20gesti%C3%B3n%20ante%20fen%C3%B3meno%20de%20Marea%20Roja%20en%20el%20litoral%20de%20Ays%C3%A9n&#038;body=https:\/\/radiorevelacionfm.cl\/?p=14772' aria-hidden='false' data-av_icon='\ue805' data-av_iconfont='entypo-fontello' title='' data-avia-related-tooltip='Compartir por correo'><span class='avia_hidden_link_text'>Compartir por correo<\/span><\/a><\/li><\/ul><\/div><\/div>\n<div  style='height:50px' class='hr hr-invisible   avia-builder-el-8  el_after_av_social_share  el_before_av_comments_list '><span class='hr-inner ' ><span class='hr-inner-style'><\/span><\/span><\/div>\n<div  class='av-buildercomment  av-blog-meta-html-info-disabled av-blog-meta-tag-disabled  '><\/div>\n","protected":false},"excerpt":{"rendered":"","protected":false},"author":1,"featured_media":14773,"comment_status":"open","ping_status":"open","sticky":false,"template":"","format":"standard","meta":{"footnotes":""},"categories":[38],"tags":[],"class_list":["post-14772","post","type-post","status-publish","format-standard","has-post-thumbnail","hentry","category-regional"],"jetpack_featured_media_url":"https:\/\/radiorevelacionfm.cl\/wp-content\/uploads\/2022\/03\/reunion-marea-roja-1_optimized.jpg","_links":{"self":[{"href":"https:\/\/radiorevelacionfm.cl\/index.php?rest_route=\/wp\/v2\/posts\/14772","targetHints":{"allow":["GET"]}}],"collection":[{"href":"https:\/\/radiorevelacionfm.cl\/index.php?rest_route=\/wp\/v2\/posts"}],"about":[{"href":"https:\/\/radiorevelacionfm.cl\/index.php?rest_route=\/wp\/v2\/types\/post"}],"author":[{"embeddable":true,"href":"https:\/\/radiorevelacionfm.cl\/index.php?rest_route=\/wp\/v2\/users\/1"}],"replies":[{"embeddable":true,"href":"https:\/\/radiorevelacionfm.cl\/index.php?rest_route=%2Fwp%2Fv2%2Fcomments&post=14772"}],"version-history":[{"count":2,"href":"https:\/\/radiorevelacionfm.cl\/index.php?rest_route=\/wp\/v2\/posts\/14772\/revisions"}],"predecessor-version":[{"id":14775,"href":"https:\/\/radiorevelacionfm.cl\/index.php?rest_route=\/wp\/v2\/posts\/14772\/revisions\/14775"}],"wp:featuredmedia":[{"embeddable":true,"href":"https:\/\/radiorevelacionfm.cl\/index.php?rest_route=\/wp\/v2\/media\/14773"}],"wp:attachment":[{"href":"https:\/\/radiorevelacionfm.cl\/index.php?rest_route=%2Fwp%2Fv2%2Fmedia&parent=14772"}],"wp:term":[{"taxonomy":"category","embeddable":true,"href":"https:\/\/radiorevelacionfm.cl\/index.php?rest_route=%2Fwp%2Fv2%2Fcategories&post=14772"},{"taxonomy":"post_tag","embeddable":true,"href":"https:\/\/radiorevelacionfm.cl\/index.php?rest_route=%2Fwp%2Fv2%2Ftags&post=14772"}],"curies":[{"name":"wp","href":"https:\/\/api.w.org\/{rel}","templated":true}]}}