{"id":14768,"date":"2022-03-18T12:58:29","date_gmt":"2022-03-18T15:58:29","guid":{"rendered":"https:\/\/radiorevelacionfm.cl\/?p=14768"},"modified":"2022-03-18T12:58:29","modified_gmt":"2022-03-18T15:58:29","slug":"carabineros-organiza-actividad-recreativa-y-de-esparcimiento-para-ninos-de-residencia-perteneciente-a-fundacion-mi-casa","status":"publish","type":"post","link":"https:\/\/radiorevelacionfm.cl\/?p=14768","title":{"rendered":"Carabineros organiza actividad recreativa y de esparcimiento para ni\u00f1os de Residencia perteneciente a Fundaci\u00f3n Mi Casa"},"content":{"rendered":"<div class=\"flex_column av_one_full  flex_column_div av-zero-column-padding first  avia-builder-el-0  el_before_av_one_full  avia-builder-el-first  \" style='border-radius:0px; '><div  class='avia-image-container  av-styling-    avia-builder-el-1  avia-builder-el-no-sibling  avia-align-center '  itemprop=\"image\" itemscope=\"itemscope\" itemtype=\"https:\/\/schema.org\/ImageObject\"  ><div class='avia-image-container-inner'><div class='avia-image-overlay-wrap'><img decoding=\"async\" class='wp-image-14769 avia-img-lazy-loading-not-14769 avia_image' src=\"https:\/\/radiorevelacionfm.cl\/wp-content\/uploads\/2022\/03\/98f13af3-fb6e-49ce-83d4-483c009a3abd-1-1.jpg\" alt='' title='98f13af3-fb6e-49ce-83d4-483c009a3abd (1) (1)' height=\"600\" width=\"1067\"  itemprop=\"thumbnailUrl\" srcset=\"https:\/\/radiorevelacionfm.cl\/wp-content\/uploads\/2022\/03\/98f13af3-fb6e-49ce-83d4-483c009a3abd-1-1.jpg 1067w, https:\/\/radiorevelacionfm.cl\/wp-content\/uploads\/2022\/03\/98f13af3-fb6e-49ce-83d4-483c009a3abd-1-1-300x169.jpg 300w, https:\/\/radiorevelacionfm.cl\/wp-content\/uploads\/2022\/03\/98f13af3-fb6e-49ce-83d4-483c009a3abd-1-1-1030x579.jpg 1030w, https:\/\/radiorevelacionfm.cl\/wp-content\/uploads\/2022\/03\/98f13af3-fb6e-49ce-83d4-483c009a3abd-1-1-768x432.jpg 768w, https:\/\/radiorevelacionfm.cl\/wp-content\/uploads\/2022\/03\/98f13af3-fb6e-49ce-83d4-483c009a3abd-1-1-705x396.jpg 705w, https:\/\/radiorevelacionfm.cl\/wp-content\/uploads\/2022\/03\/98f13af3-fb6e-49ce-83d4-483c009a3abd-1-1-600x337.jpg 600w\" sizes=\"(max-width: 1067px) 100vw, 1067px\" \/><\/div><\/div><\/div><\/div><div class=\"flex_column av_one_full  flex_column_div av-zero-column-padding first  avia-builder-el-2  el_after_av_one_full  el_before_av_one_full  column-top-margin\" style='border-radius:0px; '><section class=\"av_textblock_section \"  itemscope=\"itemscope\" itemtype=\"https:\/\/schema.org\/BlogPosting\" itemprop=\"blogPost\" ><div class='avia_textblock  '   itemprop=\"text\" ><p style=\"text-align: center;\"><span style=\"font-size: 18pt;\"><b>Carabineros organiza actividad recreativa y de esparcimiento para ni\u00f1os de Residencia perteneciente a Fundaci\u00f3n Mi Casa<\/b><\/span><\/p>\n<div id=\"gtx-trans\" style=\"position: absolute; left: -50px; top: 4.31534px;\">\n<div class=\"gtx-trans-icon\"><\/div>\n<\/div>\n<\/div><\/section><\/div><div class=\"flex_column av_one_full  flex_column_div av-zero-column-padding first  avia-builder-el-4  el_after_av_one_full  el_before_av_hr  column-top-margin\" style='border-radius:0px; '><section class=\"av_textblock_section \"  itemscope=\"itemscope\" itemtype=\"https:\/\/schema.org\/BlogPosting\" itemprop=\"blogPost\" ><div class='avia_textblock  '   itemprop=\"text\" ><div>\n<p class=\"v1MsoNormal\" style=\"text-align: justify;\">La iniciativa a cargo de la Secci\u00f3n Regional de Derechos Humanos de la XI Zona Ays\u00e9n, permiti\u00f3 brindar una ma\u00f1ana de sorpresas, regalos y sana entretenci\u00f3n a 13 ni\u00f1os de diferentes edades como parte del hist\u00f3rico v\u00ednculo con la infancia y la comunidad.<\/p>\n<p class=\"v1MsoNormal\" style=\"text-align: justify;\">Una ma\u00f1ana diferente y entretenida disfrutaron los ni\u00f1os y ni\u00f1as de la Residencia de Lactantes y Preescolares Ays\u00e9n perteneciente a la Fundaci\u00f3n Mi Casa, quienes fueron invitados por Carabineros de Chile al predio haras Mano Negra, para participar de una agradable jornada de desayuno, actividades recreativas y regalos como parte de las acciones de vinculaci\u00f3n con la comunidad.<\/p>\n<p class=\"v1MsoNormal\" style=\"text-align: justify;\">La iniciativa organizada por la Secci\u00f3n Regional de Derechos Humanos de la XI Zona Ays\u00e9n contempl\u00f3 la participaci\u00f3n de diversos servicios especializados entre los que destacan la Oficina Comunitaria de la 1ra. Comisar\u00eda Coyhaique, la Secci\u00f3n OS-7 a trav\u00e9s de su gu\u00eda canino, C.O.P, la Banda Instrumental, motoristas, la mascota institucional \u00abFronter\u00edn\u00bb y Jefe del haras Mano Negra, Teniente Coronel (V) Hern\u00e1n Pe\u00f1a Alarc\u00f3n, quienes se sumaron a esta actividad dirigida a 13 ni\u00f1os de diferentes edades.<\/p>\n<p class=\"v1MsoNormal\" style=\"text-align: justify;\">Al respecto la directora de la Residencia de Lactantes y Preescolares Ays\u00e9n -perteneciente a la Fundaci\u00f3n Mi Casa- Roxana Nehue C\u00e1rdenas, indic\u00f3 que dicha residencia alberga a peque\u00f1os de 0 a 6 a\u00f1os de edad quienes se encuentran con una medida de protecci\u00f3n de los Tribunales de Familia y son supervisados mensualmente por el Servicio Mejor Ni\u00f1ez con la finalidad de verificar el funcionamiento y c\u00f3mo se encuentran los ni\u00f1os en su diario vivir.<\/p>\n<p class=\"v1MsoNormal\" style=\"text-align: justify;\">\u00abNuestra misi\u00f3n es protegerlos, cuidarlos mientras se resuelve el tema judicial y ver con qui\u00e9n ellos pueden vivir de buena manera, ya sea con una l\u00ednea consangu\u00ednea o -en caso que no se pueda- se buscan familias de acogida\u00bb, indic\u00f3.<\/p>\n<p class=\"v1MsoNormal\" style=\"text-align: justify;\">La profesional afirm\u00f3 que en dicha Residencia se encuentran ni\u00f1os que llevan menos de un mes de haber ingresado, en tanto que otros llevan dos o tres a\u00f1os en este lugar, quienes son susceptibles de adopci\u00f3n.<\/p>\n<p class=\"v1MsoNormal\" style=\"text-align: justify;\">\u00abActualmente tenemos 16 ni\u00f1os, en la residencia hay 13 y 3 que est\u00e1n en pre-egreso, que es cuando\u00a0 se inicia el trabajo con la familia y nosotros supervisamos el buen desarrollo de esta salida (&#8230;).Dentro de las rutinas diarias hay espacios de esparcimiento, recreaci\u00f3n. Con Carabineros siempre hemos tenido una muy buena relaci\u00f3n y surgi\u00f3 de parte de la Instituci\u00f3n realizar esta actividad maravillosa\u00bb, detall\u00f3 la directora de la Residencia de Lactantes y Preescolares Ays\u00e9n.<\/p>\n<p class=\"v1MsoNormal\" style=\"text-align: justify;\">Roxana Nehue valor\u00f3 que los ni\u00f1os sean parte de toda actividad comunitaria especialmente con Carabineros, encuentro que contribuye a complementar y fortalecer el proceso de desarrollo.<\/p>\n<p class=\"v1MsoNormal\" style=\"text-align: justify;\"><b>Hist\u00f3rico v\u00ednculo con la infancia<\/b><\/p>\n<p class=\"v1MsoNormal\" style=\"text-align: justify;\">Por su parte el Jefe de la XI Zona de Carabineros Ays\u00e9n, General Hugo Zenteno V\u00e1squez, indic\u00f3 que la Instituci\u00f3n forma parte y est\u00e1 al servicio de la comunidad, manteniendo un especial v\u00ednculo con la infancia de nuestro pa\u00eds.<\/p>\n<p class=\"v1MsoNormal\" style=\"text-align: justify;\">\u00abHemos querido abrir las puertas de nuestros cuarteles \u2013especialmente del haras Mano Negra- en donde con el ambiente cari\u00f1oso del carabinero, los hemos atendido, en una ma\u00f1ana donde igualmente han andado en moto y han sabido de nuestra historia institucional\u00bb, expres\u00f3 el Jefe de Zona.<\/p>\n<p class=\"v1MsoNormal\" style=\"text-align: justify;\">A trav\u00e9s de la Secci\u00f3n Regional de Derechos Humanos, Carabineros mantiene un v\u00ednculo permanente con la sociedad y sus diferentes organismos y especialmente con la Residencia perteneciente a la Fundaci\u00f3n Mi Casa, cuya loable acci\u00f3n ser\u00e1 apoyada por la Instituci\u00f3n durante el presente a\u00f1o, expres\u00f3 el Oficial General.<\/p>\n<p class=\"v1MsoNormal\" style=\"text-align: justify;\">Carabineros hist\u00f3ricamente ha estado vinculado a la infancia, toda vez que mantuvo a su cargo los hogares de menores, en donde estuvo presente la mujer carabinero, jugando un rol fundamental como madre y protectora de los m\u00e1s peque\u00f1os, contribuyendo a su cuidado y formaci\u00f3n integral.<\/p>\n<p class=\"v1MsoNormal\" style=\"text-align: justify;\">\u00abEstamos siempre para brindar la mano y el apoyo a nuestros ni\u00f1os y especialmente a nuestra comunidad\u00bb, expres\u00f3 el Jefe de la XI Zona de Carabineros Ays\u00e9n, quien resalt\u00f3 el valioso trabajo desarrollado por Fundaci\u00f3n Mi Casa en apoyo de menores en situaci\u00f3n de vulnerabilidad.<\/p>\n<\/div>\n<div style=\"text-align: justify;\"><\/div>\n<\/div><\/section><\/div><div  style='height:50px' class='hr hr-invisible   avia-builder-el-6  el_after_av_one_full  el_before_av_social_share '><span class='hr-inner ' ><span class='hr-inner-style'><\/span><\/span><\/div><\/p>\n<div  class='av-social-sharing-box  avia-builder-el-7  el_after_av_hr  el_before_av_hr  '><div class='av-share-box'><h5 class='av-share-link-description av-no-toc '>Compartir esta noticia<\/h5><ul class='av-share-box-list noLightbox'><li class='av-share-link av-social-link-facebook' ><a target=\"_blank\" aria-label=\"Compartir en Facebook\" href='https:\/\/www.facebook.com\/sharer.php?u=https:\/\/radiorevelacionfm.cl\/?p=14768&#038;t=Carabineros%20organiza%20actividad%20recreativa%20y%20de%20esparcimiento%20para%20ni%C3%B1os%20de%20Residencia%20perteneciente%20a%20Fundaci%C3%B3n%20Mi%20Casa' aria-hidden='false' data-av_icon='\ue8f3' data-av_iconfont='entypo-fontello' title='' data-avia-related-tooltip='Compartir en Facebook' rel=\"noopener\"><span class='avia_hidden_link_text'>Compartir en Facebook<\/span><\/a><\/li><li class='av-share-link av-social-link-twitter' ><a target=\"_blank\" aria-label=\"Compartir en Twitter\" href='https:\/\/twitter.com\/share?text=Carabineros%20organiza%20actividad%20recreativa%20y%20de%20esparcimiento%20para%20ni%C3%B1os%20de%20Residencia%20perteneciente%20a%20Fundaci%C3%B3n%20Mi%20Casa&#038;url=https:\/\/radiorevelacionfm.cl\/?p=14768' aria-hidden='false' data-av_icon='\ue8f1' data-av_iconfont='entypo-fontello' title='' data-avia-related-tooltip='Compartir en Twitter' rel=\"noopener\"><span class='avia_hidden_link_text'>Compartir en Twitter<\/span><\/a><\/li><li class='av-share-link av-social-link-whatsapp' ><a target=\"_blank\" aria-label=\"Compartir en Whatsapp\" href='https:\/\/api.whatsapp.com\/send?text=https:\/\/radiorevelacionfm.cl\/?p=14768' aria-hidden='false' data-av_icon='\uf232' data-av_iconfont='entypo-fontello' title='' data-avia-related-tooltip='Compartir en Whatsapp' rel=\"noopener\"><span class='avia_hidden_link_text'>Compartir en Whatsapp<\/span><\/a><\/li><li class='av-share-link av-social-link-linkedin' ><a target=\"_blank\" aria-label=\"Compartir en LinkedIn\" href='https:\/\/linkedin.com\/shareArticle?mini=true&#038;title=Carabineros%20organiza%20actividad%20recreativa%20y%20de%20esparcimiento%20para%20ni%C3%B1os%20de%20Residencia%20perteneciente%20a%20Fundaci%C3%B3n%20Mi%20Casa&#038;url=https:\/\/radiorevelacionfm.cl\/?p=14768' aria-hidden='false' data-av_icon='\ue8fc' data-av_iconfont='entypo-fontello' title='' data-avia-related-tooltip='Compartir en LinkedIn' rel=\"noopener\"><span class='avia_hidden_link_text'>Compartir en LinkedIn<\/span><\/a><\/li><li class='av-share-link av-social-link-mail' ><a  aria-label=\"Compartir por correo\" href='mailto:?subject=Carabineros%20organiza%20actividad%20recreativa%20y%20de%20esparcimiento%20para%20ni%C3%B1os%20de%20Residencia%20perteneciente%20a%20Fundaci%C3%B3n%20Mi%20Casa&#038;body=https:\/\/radiorevelacionfm.cl\/?p=14768' aria-hidden='false' data-av_icon='\ue805' data-av_iconfont='entypo-fontello' title='' data-avia-related-tooltip='Compartir por correo'><span class='avia_hidden_link_text'>Compartir por correo<\/span><\/a><\/li><\/ul><\/div><\/div>\n<div  style='height:50px' class='hr hr-invisible   avia-builder-el-8  el_after_av_social_share  el_before_av_comments_list '><span class='hr-inner ' ><span class='hr-inner-style'><\/span><\/span><\/div>\n<div  class='av-buildercomment  av-blog-meta-html-info-disabled av-blog-meta-tag-disabled  '><\/div>\n","protected":false},"excerpt":{"rendered":"","protected":false},"author":1,"featured_media":14769,"comment_status":"open","ping_status":"open","sticky":false,"template":"","format":"standard","meta":{"footnotes":""},"categories":[38],"tags":[],"class_list":["post-14768","post","type-post","status-publish","format-standard","has-post-thumbnail","hentry","category-regional"],"jetpack_featured_media_url":"https:\/\/radiorevelacionfm.cl\/wp-content\/uploads\/2022\/03\/98f13af3-fb6e-49ce-83d4-483c009a3abd-1-1.jpg","_links":{"self":[{"href":"https:\/\/radiorevelacionfm.cl\/index.php?rest_route=\/wp\/v2\/posts\/14768","targetHints":{"allow":["GET"]}}],"collection":[{"href":"https:\/\/radiorevelacionfm.cl\/index.php?rest_route=\/wp\/v2\/posts"}],"about":[{"href":"https:\/\/radiorevelacionfm.cl\/index.php?rest_route=\/wp\/v2\/types\/post"}],"author":[{"embeddable":true,"href":"https:\/\/radiorevelacionfm.cl\/index.php?rest_route=\/wp\/v2\/users\/1"}],"replies":[{"embeddable":true,"href":"https:\/\/radiorevelacionfm.cl\/index.php?rest_route=%2Fwp%2Fv2%2Fcomments&post=14768"}],"version-history":[{"count":2,"href":"https:\/\/radiorevelacionfm.cl\/index.php?rest_route=\/wp\/v2\/posts\/14768\/revisions"}],"predecessor-version":[{"id":14771,"href":"https:\/\/radiorevelacionfm.cl\/index.php?rest_route=\/wp\/v2\/posts\/14768\/revisions\/14771"}],"wp:featuredmedia":[{"embeddable":true,"href":"https:\/\/radiorevelacionfm.cl\/index.php?rest_route=\/wp\/v2\/media\/14769"}],"wp:attachment":[{"href":"https:\/\/radiorevelacionfm.cl\/index.php?rest_route=%2Fwp%2Fv2%2Fmedia&parent=14768"}],"wp:term":[{"taxonomy":"category","embeddable":true,"href":"https:\/\/radiorevelacionfm.cl\/index.php?rest_route=%2Fwp%2Fv2%2Fcategories&post=14768"},{"taxonomy":"post_tag","embeddable":true,"href":"https:\/\/radiorevelacionfm.cl\/index.php?rest_route=%2Fwp%2Fv2%2Ftags&post=14768"}],"curies":[{"name":"wp","href":"https:\/\/api.w.org\/{rel}","templated":true}]}}