{"id":14760,"date":"2022-03-18T11:52:48","date_gmt":"2022-03-18T14:52:48","guid":{"rendered":"https:\/\/radiorevelacionfm.cl\/?p=14760"},"modified":"2022-03-18T11:52:48","modified_gmt":"2022-03-18T14:52:48","slug":"liceo-republica-argentina-cambia-de-nombre-en-homenaje-a-destacado-profesor","status":"publish","type":"post","link":"https:\/\/radiorevelacionfm.cl\/?p=14760","title":{"rendered":"Liceo Rep\u00fablica Argentina cambia de nombre en homenaje a destacado profesor"},"content":{"rendered":"<div class=\"flex_column av_one_full  flex_column_div av-zero-column-padding first  avia-builder-el-0  el_before_av_one_full  avia-builder-el-first  \" style='border-radius:0px; '><div  class='avia-image-container  av-styling-    avia-builder-el-1  avia-builder-el-no-sibling  avia-align-center '  itemprop=\"image\" itemscope=\"itemscope\" itemtype=\"https:\/\/schema.org\/ImageObject\"  ><div class='avia-image-container-inner'><div class='avia-image-overlay-wrap'><img decoding=\"async\" class='wp-image-14761 avia-img-lazy-loading-not-14761 avia_image' src=\"https:\/\/radiorevelacionfm.cl\/wp-content\/uploads\/2022\/03\/IMG_7234-1-1.jpg\" alt='' title='IMG_7234 (1) (1)' height=\"600\" width=\"798\"  itemprop=\"thumbnailUrl\" srcset=\"https:\/\/radiorevelacionfm.cl\/wp-content\/uploads\/2022\/03\/IMG_7234-1-1.jpg 798w, https:\/\/radiorevelacionfm.cl\/wp-content\/uploads\/2022\/03\/IMG_7234-1-1-300x226.jpg 300w, https:\/\/radiorevelacionfm.cl\/wp-content\/uploads\/2022\/03\/IMG_7234-1-1-768x577.jpg 768w, https:\/\/radiorevelacionfm.cl\/wp-content\/uploads\/2022\/03\/IMG_7234-1-1-705x530.jpg 705w, https:\/\/radiorevelacionfm.cl\/wp-content\/uploads\/2022\/03\/IMG_7234-1-1-600x451.jpg 600w\" sizes=\"(max-width: 798px) 100vw, 798px\" \/><\/div><\/div><\/div><\/div><div class=\"flex_column av_one_full  flex_column_div av-zero-column-padding first  avia-builder-el-2  el_after_av_one_full  el_before_av_one_full  column-top-margin\" style='border-radius:0px; '><section class=\"av_textblock_section \"  itemscope=\"itemscope\" itemtype=\"https:\/\/schema.org\/BlogPosting\" itemprop=\"blogPost\" ><div class='avia_textblock  '   itemprop=\"text\" ><p style=\"text-align: center;\"><strong><span style=\"font-size: 18pt;\">Liceo Rep\u00fablica Argentina cambia de nombre en homenaje a destacado profesor<\/span><\/strong><\/p>\n<div id=\"gtx-trans\" style=\"position: absolute; left: -50px; top: 4.31534px;\">\n<div class=\"gtx-trans-icon\"><\/div>\n<\/div>\n<\/div><\/section><\/div><div class=\"flex_column av_one_full  flex_column_div av-zero-column-padding first  avia-builder-el-4  el_after_av_one_full  el_before_av_hr  column-top-margin\" style='border-radius:0px; '><section class=\"av_textblock_section \"  itemscope=\"itemscope\" itemtype=\"https:\/\/schema.org\/BlogPosting\" itemprop=\"blogPost\" ><div class='avia_textblock  '   itemprop=\"text\" ><p style=\"text-align: justify;\">Por unanimidad el honorable concejo municipal de Coyhaique, aprob\u00f3 en agosto del a\u00f1o pasado el cambio de nombre del Liceo Rep\u00fablica Argentina por Ricardo Navarrete Barr\u00eda, profesor y director por 27 a\u00f1os del liceo y un destacado ciudadano de la regi\u00f3n de Ays\u00e9n. La ceremonia se llev\u00f3 a cabo en el mismo recinto educativo, en donde se cont\u00f3 con la presencia del alcalde Carlos Gatica, la se\u00f1ora Magdalena Pardo, esposa del profesor Barr\u00eda, hijos, concejales y comunidad estudiantil.<\/p>\n<p style=\"text-align: justify;\">La m\u00e1xima autoridad comunal, calific\u00f3 como hist\u00f3rico el cambio de nombre del establecimiento y resalt\u00f3 \u201ces un sentido homenaje y un reconocimiento a la trayectoria de esfuerzo y tambi\u00e9n por el desarrollo de la identidad regional, porque a quien recordamos y resaltamos, es quien ayud\u00f3 a levantar el liceo en t\u00e9cnico y profesional y quien hoy d\u00eda nos ha dado un impulso para seguir dando oportunidades a nuestros ni\u00f1os y ni\u00f1as\u201d, manifest\u00f3 Gatica.<\/p>\n<p style=\"text-align: justify;\">\u201cSolo agradecer a todos y a todas por este momento que vivimos como familia, la verdad es que lo tomamos con mucha humildad, como era \u00e9l, que todo lo tomaba muy humildemente. Ahora solo queremos desearle al cuerpo educativo lo mejor, que sigan adelante y que los alumnos reciban la mejor atenci\u00f3n tanto de las autoridades como de la comunidad\u201d, expres\u00f3 Magdalena Pardo, esposa del profesor Ricardo Navarrete Barr\u00eda.<\/p>\n<p style=\"text-align: justify;\">Asimismo, Ricardo Navarrete, hijo del profesor Ricardo, agradeci\u00f3 la decisi\u00f3n de que el nombre de su padre sea recordado en la comuna de Coyhaique \u201cun d\u00eda especial y muy importante, agradecer a la comunidad educativa, al alcalde, a las autoridades pol\u00edticas, porque en realidad no es un homenaje solo para mi padre, sino para todos los que representa: Profesores normalistas, deportistas y a la gente que ha hecho tanto por la regi\u00f3n de Ays\u00e9n\u201d.<\/p>\n<p style=\"text-align: justify;\">Tambi\u00e9n, la Gobernadora Regional, Andrea Mac\u00edas, se dirigi\u00f3 a la trayectoria del liceo en el territorio \u201ces un tremendo hito para nuestra comuna el reconocimiento a trav\u00e9s del profesor, Ricardo Navarrete, tambi\u00e9n para todos los profesores normalistas que llegaron a nuestra regi\u00f3n y que asumieron como misi\u00f3n educar a nuestros ni\u00f1os y ni\u00f1as, hoy en d\u00eda vemos la trayectoria que ha tenido el liceo y sobre todo el \u00e9nfasis, con la se\u00f1al de seguir avanzando en educaci\u00f3n p\u00fablica, de calidad y con compromiso\u201d.<\/p>\n<p style=\"text-align: justify;\">Por \u00faltimo, el director del establecimiento, Ra\u00fal \u00c1lvarez, indic\u00f3 \u201cla gran labor social educativa y formativa que realiz\u00f3, Ricardo Navarrete, es un tremendo orgullo, as\u00ed que muy contentos de que se haya podido dar de una ceremonia tan emotiva, tan significativa y sabemos que eso es lo que tambi\u00e9n debemos delegar a nuestra nueva generaciones\u201d, concluy\u00f3 \u00c1lvarez.<\/p>\n<\/div><\/section><\/div><div  style='height:50px' class='hr hr-invisible   avia-builder-el-6  el_after_av_one_full  el_before_av_social_share '><span class='hr-inner ' ><span class='hr-inner-style'><\/span><\/span><\/div><\/p>\n<div  class='av-social-sharing-box  avia-builder-el-7  el_after_av_hr  el_before_av_hr  '><div class='av-share-box'><h5 class='av-share-link-description av-no-toc '>Compartir esta noticia<\/h5><ul class='av-share-box-list noLightbox'><li class='av-share-link av-social-link-facebook' ><a target=\"_blank\" aria-label=\"Compartir en Facebook\" href='https:\/\/www.facebook.com\/sharer.php?u=https:\/\/radiorevelacionfm.cl\/?p=14760&#038;t=Liceo%20Rep%C3%BAblica%20Argentina%20cambia%20de%20nombre%20en%20homenaje%20a%20destacado%20profesor' aria-hidden='false' data-av_icon='\ue8f3' data-av_iconfont='entypo-fontello' title='' data-avia-related-tooltip='Compartir en Facebook' rel=\"noopener\"><span class='avia_hidden_link_text'>Compartir en Facebook<\/span><\/a><\/li><li class='av-share-link av-social-link-twitter' ><a target=\"_blank\" aria-label=\"Compartir en Twitter\" href='https:\/\/twitter.com\/share?text=Liceo%20Rep%C3%BAblica%20Argentina%20cambia%20de%20nombre%20en%20homenaje%20a%20destacado%20profesor&#038;url=https:\/\/radiorevelacionfm.cl\/?p=14760' aria-hidden='false' data-av_icon='\ue8f1' data-av_iconfont='entypo-fontello' title='' data-avia-related-tooltip='Compartir en Twitter' rel=\"noopener\"><span class='avia_hidden_link_text'>Compartir en Twitter<\/span><\/a><\/li><li class='av-share-link av-social-link-whatsapp' ><a target=\"_blank\" aria-label=\"Compartir en Whatsapp\" href='https:\/\/api.whatsapp.com\/send?text=https:\/\/radiorevelacionfm.cl\/?p=14760' aria-hidden='false' data-av_icon='\uf232' data-av_iconfont='entypo-fontello' title='' data-avia-related-tooltip='Compartir en Whatsapp' rel=\"noopener\"><span class='avia_hidden_link_text'>Compartir en Whatsapp<\/span><\/a><\/li><li class='av-share-link av-social-link-linkedin' ><a target=\"_blank\" aria-label=\"Compartir en LinkedIn\" href='https:\/\/linkedin.com\/shareArticle?mini=true&#038;title=Liceo%20Rep%C3%BAblica%20Argentina%20cambia%20de%20nombre%20en%20homenaje%20a%20destacado%20profesor&#038;url=https:\/\/radiorevelacionfm.cl\/?p=14760' aria-hidden='false' data-av_icon='\ue8fc' data-av_iconfont='entypo-fontello' title='' data-avia-related-tooltip='Compartir en LinkedIn' rel=\"noopener\"><span class='avia_hidden_link_text'>Compartir en LinkedIn<\/span><\/a><\/li><li class='av-share-link av-social-link-mail' ><a  aria-label=\"Compartir por correo\" href='mailto:?subject=Liceo%20Rep%C3%BAblica%20Argentina%20cambia%20de%20nombre%20en%20homenaje%20a%20destacado%20profesor&#038;body=https:\/\/radiorevelacionfm.cl\/?p=14760' aria-hidden='false' data-av_icon='\ue805' data-av_iconfont='entypo-fontello' title='' data-avia-related-tooltip='Compartir por correo'><span class='avia_hidden_link_text'>Compartir por correo<\/span><\/a><\/li><\/ul><\/div><\/div>\n<div  style='height:50px' class='hr hr-invisible   avia-builder-el-8  el_after_av_social_share  el_before_av_comments_list '><span class='hr-inner ' ><span class='hr-inner-style'><\/span><\/span><\/div>\n<div  class='av-buildercomment  av-blog-meta-html-info-disabled av-blog-meta-tag-disabled  '><\/div>\n","protected":false},"excerpt":{"rendered":"","protected":false},"author":1,"featured_media":14761,"comment_status":"open","ping_status":"open","sticky":false,"template":"","format":"standard","meta":{"footnotes":""},"categories":[38],"tags":[],"class_list":["post-14760","post","type-post","status-publish","format-standard","has-post-thumbnail","hentry","category-regional"],"jetpack_featured_media_url":"https:\/\/radiorevelacionfm.cl\/wp-content\/uploads\/2022\/03\/IMG_7234-1-1.jpg","_links":{"self":[{"href":"https:\/\/radiorevelacionfm.cl\/index.php?rest_route=\/wp\/v2\/posts\/14760","targetHints":{"allow":["GET"]}}],"collection":[{"href":"https:\/\/radiorevelacionfm.cl\/index.php?rest_route=\/wp\/v2\/posts"}],"about":[{"href":"https:\/\/radiorevelacionfm.cl\/index.php?rest_route=\/wp\/v2\/types\/post"}],"author":[{"embeddable":true,"href":"https:\/\/radiorevelacionfm.cl\/index.php?rest_route=\/wp\/v2\/users\/1"}],"replies":[{"embeddable":true,"href":"https:\/\/radiorevelacionfm.cl\/index.php?rest_route=%2Fwp%2Fv2%2Fcomments&post=14760"}],"version-history":[{"count":2,"href":"https:\/\/radiorevelacionfm.cl\/index.php?rest_route=\/wp\/v2\/posts\/14760\/revisions"}],"predecessor-version":[{"id":14763,"href":"https:\/\/radiorevelacionfm.cl\/index.php?rest_route=\/wp\/v2\/posts\/14760\/revisions\/14763"}],"wp:featuredmedia":[{"embeddable":true,"href":"https:\/\/radiorevelacionfm.cl\/index.php?rest_route=\/wp\/v2\/media\/14761"}],"wp:attachment":[{"href":"https:\/\/radiorevelacionfm.cl\/index.php?rest_route=%2Fwp%2Fv2%2Fmedia&parent=14760"}],"wp:term":[{"taxonomy":"category","embeddable":true,"href":"https:\/\/radiorevelacionfm.cl\/index.php?rest_route=%2Fwp%2Fv2%2Fcategories&post=14760"},{"taxonomy":"post_tag","embeddable":true,"href":"https:\/\/radiorevelacionfm.cl\/index.php?rest_route=%2Fwp%2Fv2%2Ftags&post=14760"}],"curies":[{"name":"wp","href":"https:\/\/api.w.org\/{rel}","templated":true}]}}