{"id":14740,"date":"2022-03-18T10:05:50","date_gmt":"2022-03-18T13:05:50","guid":{"rendered":"https:\/\/radiorevelacionfm.cl\/?p=14740"},"modified":"2022-03-18T10:05:50","modified_gmt":"2022-03-18T13:05:50","slug":"iglesia-de-aysen-inicio-jornadas-de-reflexion-sinodales","status":"publish","type":"post","link":"https:\/\/radiorevelacionfm.cl\/?p=14740","title":{"rendered":"Iglesia de Ays\u00e9n inici\u00f3 jornadas de reflexi\u00f3n sinodales"},"content":{"rendered":"<div class=\"flex_column av_one_full  flex_column_div av-zero-column-padding first  avia-builder-el-0  el_before_av_one_full  avia-builder-el-first  \" style='border-radius:0px; '><div  class='avia-image-container  av-styling-    avia-builder-el-1  avia-builder-el-no-sibling  avia-align-center '  itemprop=\"image\" itemscope=\"itemscope\" itemtype=\"https:\/\/schema.org\/ImageObject\"  ><div class='avia-image-container-inner'><div class='avia-image-overlay-wrap'><img decoding=\"async\" class='wp-image-14741 avia-img-lazy-loading-not-14741 avia_image' src=\"https:\/\/radiorevelacionfm.cl\/wp-content\/uploads\/2022\/03\/D-4D-1-1.jpg\" alt='' title='D (4)D (1) (1)' height=\"600\" width=\"907\"  itemprop=\"thumbnailUrl\" srcset=\"https:\/\/radiorevelacionfm.cl\/wp-content\/uploads\/2022\/03\/D-4D-1-1.jpg 907w, https:\/\/radiorevelacionfm.cl\/wp-content\/uploads\/2022\/03\/D-4D-1-1-300x198.jpg 300w, https:\/\/radiorevelacionfm.cl\/wp-content\/uploads\/2022\/03\/D-4D-1-1-768x508.jpg 768w, https:\/\/radiorevelacionfm.cl\/wp-content\/uploads\/2022\/03\/D-4D-1-1-705x466.jpg 705w, https:\/\/radiorevelacionfm.cl\/wp-content\/uploads\/2022\/03\/D-4D-1-1-600x397.jpg 600w\" sizes=\"(max-width: 907px) 100vw, 907px\" \/><\/div><\/div><\/div><\/div><div class=\"flex_column av_one_full  flex_column_div av-zero-column-padding first  avia-builder-el-2  el_after_av_one_full  el_before_av_one_full  column-top-margin\" style='border-radius:0px; '><section class=\"av_textblock_section \"  itemscope=\"itemscope\" itemtype=\"https:\/\/schema.org\/BlogPosting\" itemprop=\"blogPost\" ><div class='avia_textblock  '   itemprop=\"text\" ><p style=\"text-align: center;\"><span style=\"font-size: 18pt;\"><b>Iglesia de Ays\u00e9n inici\u00f3 jornadas de reflexi\u00f3n sinodales<\/b><\/span><\/p>\n<div id=\"gtx-trans\" style=\"position: absolute; left: -50px; top: 4.31534px;\">\n<div class=\"gtx-trans-icon\"><\/div>\n<\/div>\n<\/div><\/section><\/div><div class=\"flex_column av_one_full  flex_column_div av-zero-column-padding first  avia-builder-el-4  el_after_av_one_full  el_before_av_hr  column-top-margin\" style='border-radius:0px; '><section class=\"av_textblock_section \"  itemscope=\"itemscope\" itemtype=\"https:\/\/schema.org\/BlogPosting\" itemprop=\"blogPost\" ><div class='avia_textblock  '   itemprop=\"text\" ><p style=\"font-weight: 400; text-align: justify;\">El Vicariato Apost\u00f3lico de Ays\u00e9n, en \u201cmodo sinodal &#8211; caminar juntos\u201d, empez\u00f3 la 47\u00b0 Jornada Pastoral Vicarial que este a\u00f1o se realiza, entre marzo y abril, en diez zonas de la regi\u00f3n (incorporando colegios y medios de comunicaci\u00f3n) acompa\u00f1adas por el personal consagrado en coordinaci\u00f3n con la comisi\u00f3n de animaci\u00f3n vicarial del S\u00ednodo.<\/p>\n<p style=\"font-weight: 400; text-align: justify;\">Ya han vivido la experiencia de \u201ccaminar juntos\u201d y entrar en \u201ctierra sagrada\u201d con las penas, alegr\u00edas y esperanza de nuestra Iglesia que peregrina en la Patagonia las localidades de Puerto Aguirre (Caleta Andrade y Estero Copa); La Junta (Ra\u00fal Mar\u00edn Balmaceda, Puyuhuapi y Lago Verde); y Coyhaique rural 1 (Puerto Iba\u00f1ez y Cerro Castillo).<\/p>\n<p style=\"font-weight: 400; text-align: justify;\"><strong>Tierra sagrada y renacer<\/strong><\/p>\n<p style=\"font-weight: 400; text-align: justify;\">La din\u00e1mica central de las jornadas vicariales zonales es la motivaci\u00f3n a entrar en \u201ctierra sagrada\u201d y, desde la intimidad del coraz\u00f3n, con verdad y escucha, responder grupalmente preguntas \u201cprovocadoras\u201d que ayudan al discernimiento de la Iglesia que local, nacional y mundial debe \u201ccaminar junta\u201d para renovarse y responder los desaf\u00edos del presente.<\/p>\n<p style=\"font-weight: 400; text-align: justify;\">Abd\u00f3n Aguilar, adulto mayor de la comunidad de Cerro Castillo, indic\u00f3 que \u201cde partida me parece muy bien la idea, la inquietud, la intenci\u00f3n\u2026 Ahora \u2014reflexion\u00f3\u2014 todos tenemos que encomendarnos a Dios para que esto verdaderamente salga como se quiere. Eso ser\u00eda dar un paso importante como comunidad cristiana en la regi\u00f3n\u201d.<\/p>\n<p style=\"font-weight: 400; text-align: justify;\">\u201cHemos tocado varios temas \u2014agreg\u00f3\u2014 y nos vemos un poco desilusionados porque, lamentablemente, como que nuestra Iglesia se quiere ir abajo. Pero si lo reflexionado en esta jornada se logra tendr\u00eda una gran satisfacci\u00f3n, un renacer\u201d.<\/p>\n<p style=\"font-weight: 400; text-align: justify;\">Para Ignacio Carrasco, adulto-joven de la comunidad de Puerto Iba\u00f1ez, la \u201cjornada fue muy positiva para encontrarnos como comunidad local con Cerro Castillo. Es bueno conversar sobre temas que como Iglesia nos atingen porque siempre tenemos algo que decir o un poco guardado por ah\u00ed; y estos son los espacios para atrevernos a hablar y formarnos para mejorar la Iglesia de Ays\u00e9n\u201d.<\/p>\n<p style=\"font-weight: 400; text-align: justify;\">La jornada vicarial pastoral zonal de Puerto Iba\u00f1ez y Cerro Castillo fue acompa\u00f1ada por el padre obispo Luis Infanti y su asesor, el di\u00e1cono permanente Ram\u00f3n Mu\u00f1oz. Este \u00faltimo dijo que le \u201cpareci\u00f3 una buena oportunidad para poder encontrarnos con cada uno de los hermanos; fue una instancia bien participativa; alegre y la gente se mostr\u00f3 entusiasta. Respondieron al llamado que les hicimos\u201d.<\/p>\n<p style=\"font-weight: 400; text-align: justify;\">De este modo, para la Iglesia de Ays\u00e9n quedan por realizar encuentros sinodales durante marzo y abril en Coyhaique rural y urbano; Puerto Guadal Puerto Ays\u00e9n y colegios; Chile Chico; Villa Ma\u00f1ihuales; colegios de Coyhaique; y Radio y TV Santa Mar\u00eda.<\/p>\n<\/div><\/section><\/div><div  style='height:50px' class='hr hr-invisible   avia-builder-el-6  el_after_av_one_full  el_before_av_social_share '><span class='hr-inner ' ><span class='hr-inner-style'><\/span><\/span><\/div><\/p>\n<div  class='av-social-sharing-box  avia-builder-el-7  el_after_av_hr  el_before_av_hr  '><div class='av-share-box'><h5 class='av-share-link-description av-no-toc '>Compartir esta noticia<\/h5><ul class='av-share-box-list noLightbox'><li class='av-share-link av-social-link-facebook' ><a target=\"_blank\" aria-label=\"Compartir en Facebook\" href='https:\/\/www.facebook.com\/sharer.php?u=https:\/\/radiorevelacionfm.cl\/?p=14740&#038;t=Iglesia%20de%20Ays%C3%A9n%20inici%C3%B3%20jornadas%20de%20reflexi%C3%B3n%20sinodales' aria-hidden='false' data-av_icon='\ue8f3' data-av_iconfont='entypo-fontello' title='' data-avia-related-tooltip='Compartir en Facebook' rel=\"noopener\"><span class='avia_hidden_link_text'>Compartir en Facebook<\/span><\/a><\/li><li class='av-share-link av-social-link-twitter' ><a target=\"_blank\" aria-label=\"Compartir en Twitter\" href='https:\/\/twitter.com\/share?text=Iglesia%20de%20Ays%C3%A9n%20inici%C3%B3%20jornadas%20de%20reflexi%C3%B3n%20sinodales&#038;url=https:\/\/radiorevelacionfm.cl\/?p=14740' aria-hidden='false' data-av_icon='\ue8f1' data-av_iconfont='entypo-fontello' title='' data-avia-related-tooltip='Compartir en Twitter' rel=\"noopener\"><span class='avia_hidden_link_text'>Compartir en Twitter<\/span><\/a><\/li><li class='av-share-link av-social-link-whatsapp' ><a target=\"_blank\" aria-label=\"Compartir en Whatsapp\" href='https:\/\/api.whatsapp.com\/send?text=https:\/\/radiorevelacionfm.cl\/?p=14740' aria-hidden='false' data-av_icon='\uf232' data-av_iconfont='entypo-fontello' title='' data-avia-related-tooltip='Compartir en Whatsapp' rel=\"noopener\"><span class='avia_hidden_link_text'>Compartir en Whatsapp<\/span><\/a><\/li><li class='av-share-link av-social-link-linkedin' ><a target=\"_blank\" aria-label=\"Compartir en LinkedIn\" href='https:\/\/linkedin.com\/shareArticle?mini=true&#038;title=Iglesia%20de%20Ays%C3%A9n%20inici%C3%B3%20jornadas%20de%20reflexi%C3%B3n%20sinodales&#038;url=https:\/\/radiorevelacionfm.cl\/?p=14740' aria-hidden='false' data-av_icon='\ue8fc' data-av_iconfont='entypo-fontello' title='' data-avia-related-tooltip='Compartir en LinkedIn' rel=\"noopener\"><span class='avia_hidden_link_text'>Compartir en LinkedIn<\/span><\/a><\/li><li class='av-share-link av-social-link-mail' ><a  aria-label=\"Compartir por correo\" href='mailto:?subject=Iglesia%20de%20Ays%C3%A9n%20inici%C3%B3%20jornadas%20de%20reflexi%C3%B3n%20sinodales&#038;body=https:\/\/radiorevelacionfm.cl\/?p=14740' aria-hidden='false' data-av_icon='\ue805' data-av_iconfont='entypo-fontello' title='' data-avia-related-tooltip='Compartir por correo'><span class='avia_hidden_link_text'>Compartir por correo<\/span><\/a><\/li><\/ul><\/div><\/div>\n<div  style='height:50px' class='hr hr-invisible   avia-builder-el-8  el_after_av_social_share  el_before_av_comments_list '><span class='hr-inner ' ><span class='hr-inner-style'><\/span><\/span><\/div>\n<div  class='av-buildercomment  av-blog-meta-html-info-disabled av-blog-meta-tag-disabled  '><\/div>\n","protected":false},"excerpt":{"rendered":"","protected":false},"author":1,"featured_media":14741,"comment_status":"open","ping_status":"open","sticky":false,"template":"","format":"standard","meta":{"footnotes":""},"categories":[38],"tags":[],"class_list":["post-14740","post","type-post","status-publish","format-standard","has-post-thumbnail","hentry","category-regional"],"jetpack_featured_media_url":"https:\/\/radiorevelacionfm.cl\/wp-content\/uploads\/2022\/03\/D-4D-1-1.jpg","_links":{"self":[{"href":"https:\/\/radiorevelacionfm.cl\/index.php?rest_route=\/wp\/v2\/posts\/14740","targetHints":{"allow":["GET"]}}],"collection":[{"href":"https:\/\/radiorevelacionfm.cl\/index.php?rest_route=\/wp\/v2\/posts"}],"about":[{"href":"https:\/\/radiorevelacionfm.cl\/index.php?rest_route=\/wp\/v2\/types\/post"}],"author":[{"embeddable":true,"href":"https:\/\/radiorevelacionfm.cl\/index.php?rest_route=\/wp\/v2\/users\/1"}],"replies":[{"embeddable":true,"href":"https:\/\/radiorevelacionfm.cl\/index.php?rest_route=%2Fwp%2Fv2%2Fcomments&post=14740"}],"version-history":[{"count":2,"href":"https:\/\/radiorevelacionfm.cl\/index.php?rest_route=\/wp\/v2\/posts\/14740\/revisions"}],"predecessor-version":[{"id":14755,"href":"https:\/\/radiorevelacionfm.cl\/index.php?rest_route=\/wp\/v2\/posts\/14740\/revisions\/14755"}],"wp:featuredmedia":[{"embeddable":true,"href":"https:\/\/radiorevelacionfm.cl\/index.php?rest_route=\/wp\/v2\/media\/14741"}],"wp:attachment":[{"href":"https:\/\/radiorevelacionfm.cl\/index.php?rest_route=%2Fwp%2Fv2%2Fmedia&parent=14740"}],"wp:term":[{"taxonomy":"category","embeddable":true,"href":"https:\/\/radiorevelacionfm.cl\/index.php?rest_route=%2Fwp%2Fv2%2Fcategories&post=14740"},{"taxonomy":"post_tag","embeddable":true,"href":"https:\/\/radiorevelacionfm.cl\/index.php?rest_route=%2Fwp%2Fv2%2Ftags&post=14740"}],"curies":[{"name":"wp","href":"https:\/\/api.w.org\/{rel}","templated":true}]}}