{"id":14736,"date":"2022-03-17T16:04:54","date_gmt":"2022-03-17T19:04:54","guid":{"rendered":"https:\/\/radiorevelacionfm.cl\/?p=14736"},"modified":"2022-03-17T16:04:54","modified_gmt":"2022-03-17T19:04:54","slug":"inauguran-mejoramiento-de-infraestructura-de-jardin-infantil-mi-baker","status":"publish","type":"post","link":"https:\/\/radiorevelacionfm.cl\/?p=14736","title":{"rendered":"Inauguran mejoramiento de infraestructura de Jard\u00edn Infantil \u201cMi Baker\u201d"},"content":{"rendered":"<div class=\"flex_column av_one_full  flex_column_div av-zero-column-padding first  avia-builder-el-0  el_before_av_one_full  avia-builder-el-first  \" style='border-radius:0px; '><div  class='avia-image-container  av-styling-    avia-builder-el-1  avia-builder-el-no-sibling  avia-align-center '  itemprop=\"image\" itemscope=\"itemscope\" itemtype=\"https:\/\/schema.org\/ImageObject\"  ><div class='avia-image-container-inner'><div class='avia-image-overlay-wrap'><img decoding=\"async\" class='wp-image-14737 avia-img-lazy-loading-not-14737 avia_image' src=\"https:\/\/radiorevelacionfm.cl\/wp-content\/uploads\/2022\/03\/Jardin-Cochrane2-1-1.jpg\" alt='' title='Jardin Cochrane2 (1) (1)' height=\"600\" width=\"800\"  itemprop=\"thumbnailUrl\" srcset=\"https:\/\/radiorevelacionfm.cl\/wp-content\/uploads\/2022\/03\/Jardin-Cochrane2-1-1.jpg 800w, https:\/\/radiorevelacionfm.cl\/wp-content\/uploads\/2022\/03\/Jardin-Cochrane2-1-1-300x225.jpg 300w, https:\/\/radiorevelacionfm.cl\/wp-content\/uploads\/2022\/03\/Jardin-Cochrane2-1-1-768x576.jpg 768w, https:\/\/radiorevelacionfm.cl\/wp-content\/uploads\/2022\/03\/Jardin-Cochrane2-1-1-705x529.jpg 705w, https:\/\/radiorevelacionfm.cl\/wp-content\/uploads\/2022\/03\/Jardin-Cochrane2-1-1-600x450.jpg 600w\" sizes=\"(max-width: 800px) 100vw, 800px\" \/><\/div><\/div><\/div><\/div><div class=\"flex_column av_one_full  flex_column_div av-zero-column-padding first  avia-builder-el-2  el_after_av_one_full  el_before_av_one_full  column-top-margin\" style='border-radius:0px; '><section class=\"av_textblock_section \"  itemscope=\"itemscope\" itemtype=\"https:\/\/schema.org\/BlogPosting\" itemprop=\"blogPost\" ><div class='avia_textblock  '   itemprop=\"text\" ><p style=\"text-align: center;\"><strong><span style=\"font-size: 18pt;\">Inauguran mejoramiento de infraestructura de Jard\u00edn Infantil \u201cMi Baker\u201d<\/span><\/strong><\/p>\n<div id=\"gtx-trans\" style=\"position: absolute; left: -50px; top: 4.31534px;\">\n<div class=\"gtx-trans-icon\"><\/div>\n<\/div>\n<\/div><\/section><\/div><div class=\"flex_column av_one_full  flex_column_div av-zero-column-padding first  avia-builder-el-4  el_after_av_one_full  el_before_av_hr  column-top-margin\" style='border-radius:0px; '><section class=\"av_textblock_section \"  itemscope=\"itemscope\" itemtype=\"https:\/\/schema.org\/BlogPosting\" itemprop=\"blogPost\" ><div class='avia_textblock  '   itemprop=\"text\" ><p style=\"text-align: justify;\">En la Junta Nacional de Jardines Infantiles (Junji) existe el programa de Transferencia de Capital a Jardines Infantiles VTF (v\u00eda transferencia de fondos) el cual permite que jardines infantiles administrados por terceros o V\u00eda Transferencia de Fondos, puedan recibir recursos econ\u00f3micos para realizar mejoras en las unidades educativas de manera de optar y cumplir con los requisitos para la obtenci\u00f3n del Reconocimiento Oficial.<\/p>\n<p style=\"text-align: justify;\">Es de esta manera que Jard\u00edn infantil \u201cMi Baker\u201d administrado por la Ilustre Municipalidad de Cochrane recibi\u00f3 por parte de Junji 518 millones de pesos, para mejorar entre muchos aspectos de infraestructura; la climatizaci\u00f3n, contando hoy con un a matriz energ\u00e9tica a gas, de pintura exterior e interior, aislaci\u00f3n t\u00e9rmica de cielos, pavimentos, entre otros, convirti\u00e9ndose en uno de los proyectos de conservaci\u00f3n Junji m\u00e1s grandes tanto a nivel regional como nacional.<\/p>\n<div class=\"code-block code-block-6\" style=\"text-align: justify;\">\n<div id=\"Inread\">\u201cEn la regi\u00f3n estamos muy contentos, esta es una infraestructura altamente deseada por nuestra comunidad. Por lo tanto, esperamos que este inicio nos permita tomar nuevas energ\u00edas y que en el interior de esta infraestructura la felicidad de nuestros hijos sea fundamental. Estamos comprometidos con la educaci\u00f3n de nuestra primera infancia, agradecemos y entendemos la vinculaci\u00f3n necesaria del municipio con la Junji, con el misterio de educaci\u00f3n, que nos permite generar resultados exitosos, como el que hoy d\u00eda estamos inaugurando. Junji es un aliado estrat\u00e9gico nos entrega las orientaciones, el financiamiento y tantas otras cosas que nos permite entregar educaci\u00f3n de calidad\u201d coment\u00f3 el alcalde de Cochrane, Jorge Calder\u00f3n. El municipio adem\u00e1s hizo entrega a las educadoras de notebooks, los que permitir\u00e1n un mejor trabajo en sala.<\/div>\n<\/div>\n<div style=\"text-align: justify;\"><\/div>\n<div>\n<p style=\"text-align: justify;\">Por su parte la delegada presidencial provincial de Capit\u00e1n Prat, Marta Montiel, manifest\u00f3 su alegr\u00eda por esta nueva infraestructura y coment\u00f3 la importancia que tiene la educaci\u00f3n inicial en primera infancia: \u201cLos ni\u00f1os son sujetos de derechos en primera instancia y en funci\u00f3n de eso no podemos esperar que solamente sea un refugio y un resguardo mientras madres y padres laboran. Sin embargo, hoy d\u00eda tenemos muestras y demostraciones, que desde la preocupaci\u00f3n de la primera infancia podemos ir generando estas relaciones m\u00e1s sociales y desarrollar las habilidades de los ni\u00f1os en funci\u00f3n que son parte de una comunidad, que son integrantes de una sociedad. Y si eso lo vamos canalizando de peque\u00f1os, sin duda, en la medida que vamos creciendo en edad lo vamos a ir viendo como algo natural y necesario\u201d.<\/p>\n<p style=\"text-align: justify;\">El director regional de Junji Sergio Herrera Hern\u00e1ndez, valor\u00f3 el esfuerzo realizado por el equipo de la direcci\u00f3n regional del servicio, quienes de manera mancomunada trabajaron con el municipio, obteniendo como resultado un jard\u00edn que cuenta con una infraestructura de primer nivel: \u201cComo instituci\u00f3n y como direcci\u00f3n regional de Ays\u00e9n estamos muy contentos de poder culminar este proyecto de conservaci\u00f3n por m\u00e1s de 500 millones de pesos. Que el \u00fanico objetivo que tiene es contribuir a la educaci\u00f3n de calidad y poder conseguir el reconocimiento inicial, que garantiza que todos los ni\u00f1os y ni\u00f1as de la comuna de Cochrane y del jard\u00edn infantil mi Baker van a recibir una educaci\u00f3n inicial de calidad, y que no va a existir ninguna diferencia con ning\u00fan ni\u00f1o o ni\u00f1a de otra regi\u00f3n\u201d.<\/p>\n<p style=\"text-align: justify;\">Por su parte tanto la comunidad como el equipo educativo de JI \u201cMi Baker\u201d valoran este nuevo espacio mejorado: \u201cLos ni\u00f1os y las ni\u00f1as despu\u00e9s de dos a\u00f1os de estar sin atenci\u00f3n presencial lo que m\u00e1s hemos trabajado y lo que m\u00e1s he hecho hincapi\u00e9 como directora es en crear vinculo y apego con los ni\u00f1os y las ni\u00f1as y sus familias. Sin duda, la infraestructura es para nosotros un tremendo sue\u00f1o realizado para nosotros como funcionarias. Junji ha sido parte fundamental en cuanto a los protocolos y todo lo que hemos tenido que ver el a\u00f1o pasado. Junji dentro de lo que corresponde a los jardines VTF (V\u00eda Transferencia de Fondos) se ha hecho presente de una manera t\u00e9cnica bastante significativa para m\u00ed como directoras. Siempre est\u00e1n atentos de poder entregar una palabra de ayuda de acompa\u00f1amiento, para darles un espacio de calidad para nuestros ni\u00f1os y ni\u00f1as de Cochrane\u201d coment\u00f3 Paulina Quilaqueo, directora Jard\u00edn infantil \u201cMi Baker\u201d.<\/p>\n<p style=\"text-align: justify;\">Durante los a\u00f1os 2020 y 2021 Junji ha alcanzado un total de 684 convenios en todo Chile por m\u00e1s de $ 73 mil millones en inversi\u00f3n en infraestructura para el proceso de obtenci\u00f3n de reconocimiento oficial de los Jardines VTF.<\/p>\n<\/div>\n<\/div><\/section><\/div><div  style='height:50px' class='hr hr-invisible   avia-builder-el-6  el_after_av_one_full  el_before_av_social_share '><span class='hr-inner ' ><span class='hr-inner-style'><\/span><\/span><\/div><\/p>\n<div  class='av-social-sharing-box  avia-builder-el-7  el_after_av_hr  el_before_av_hr  '><div class='av-share-box'><h5 class='av-share-link-description av-no-toc '>Compartir esta noticia<\/h5><ul class='av-share-box-list noLightbox'><li class='av-share-link av-social-link-facebook' ><a target=\"_blank\" aria-label=\"Compartir en Facebook\" href='https:\/\/www.facebook.com\/sharer.php?u=https:\/\/radiorevelacionfm.cl\/?p=14736&#038;t=Inauguran%20mejoramiento%20de%20infraestructura%20de%20Jard%C3%ADn%20Infantil%20%E2%80%9CMi%20Baker%E2%80%9D' aria-hidden='false' data-av_icon='\ue8f3' data-av_iconfont='entypo-fontello' title='' data-avia-related-tooltip='Compartir en Facebook' rel=\"noopener\"><span class='avia_hidden_link_text'>Compartir en Facebook<\/span><\/a><\/li><li class='av-share-link av-social-link-twitter' ><a target=\"_blank\" aria-label=\"Compartir en Twitter\" href='https:\/\/twitter.com\/share?text=Inauguran%20mejoramiento%20de%20infraestructura%20de%20Jard%C3%ADn%20Infantil%20%E2%80%9CMi%20Baker%E2%80%9D&#038;url=https:\/\/radiorevelacionfm.cl\/?p=14736' aria-hidden='false' data-av_icon='\ue8f1' data-av_iconfont='entypo-fontello' title='' data-avia-related-tooltip='Compartir en Twitter' rel=\"noopener\"><span class='avia_hidden_link_text'>Compartir en Twitter<\/span><\/a><\/li><li class='av-share-link av-social-link-whatsapp' ><a target=\"_blank\" aria-label=\"Compartir en Whatsapp\" href='https:\/\/api.whatsapp.com\/send?text=https:\/\/radiorevelacionfm.cl\/?p=14736' aria-hidden='false' data-av_icon='\uf232' data-av_iconfont='entypo-fontello' title='' data-avia-related-tooltip='Compartir en Whatsapp' rel=\"noopener\"><span class='avia_hidden_link_text'>Compartir en Whatsapp<\/span><\/a><\/li><li class='av-share-link av-social-link-linkedin' ><a target=\"_blank\" aria-label=\"Compartir en LinkedIn\" href='https:\/\/linkedin.com\/shareArticle?mini=true&#038;title=Inauguran%20mejoramiento%20de%20infraestructura%20de%20Jard%C3%ADn%20Infantil%20%E2%80%9CMi%20Baker%E2%80%9D&#038;url=https:\/\/radiorevelacionfm.cl\/?p=14736' aria-hidden='false' data-av_icon='\ue8fc' data-av_iconfont='entypo-fontello' title='' data-avia-related-tooltip='Compartir en LinkedIn' rel=\"noopener\"><span class='avia_hidden_link_text'>Compartir en LinkedIn<\/span><\/a><\/li><li class='av-share-link av-social-link-mail' ><a  aria-label=\"Compartir por correo\" href='mailto:?subject=Inauguran%20mejoramiento%20de%20infraestructura%20de%20Jard%C3%ADn%20Infantil%20%E2%80%9CMi%20Baker%E2%80%9D&#038;body=https:\/\/radiorevelacionfm.cl\/?p=14736' aria-hidden='false' data-av_icon='\ue805' data-av_iconfont='entypo-fontello' title='' data-avia-related-tooltip='Compartir por correo'><span class='avia_hidden_link_text'>Compartir por correo<\/span><\/a><\/li><\/ul><\/div><\/div>\n<div  style='height:50px' class='hr hr-invisible   avia-builder-el-8  el_after_av_social_share  el_before_av_comments_list '><span class='hr-inner ' ><span class='hr-inner-style'><\/span><\/span><\/div>\n<div  class='av-buildercomment  av-blog-meta-html-info-disabled av-blog-meta-tag-disabled  '><\/div>\n","protected":false},"excerpt":{"rendered":"","protected":false},"author":1,"featured_media":14737,"comment_status":"open","ping_status":"open","sticky":false,"template":"","format":"standard","meta":{"footnotes":""},"categories":[49],"tags":[],"class_list":["post-14736","post","type-post","status-publish","format-standard","has-post-thumbnail","hentry","category-educacion"],"jetpack_featured_media_url":"https:\/\/radiorevelacionfm.cl\/wp-content\/uploads\/2022\/03\/Jardin-Cochrane2-1-1.jpg","_links":{"self":[{"href":"https:\/\/radiorevelacionfm.cl\/index.php?rest_route=\/wp\/v2\/posts\/14736","targetHints":{"allow":["GET"]}}],"collection":[{"href":"https:\/\/radiorevelacionfm.cl\/index.php?rest_route=\/wp\/v2\/posts"}],"about":[{"href":"https:\/\/radiorevelacionfm.cl\/index.php?rest_route=\/wp\/v2\/types\/post"}],"author":[{"embeddable":true,"href":"https:\/\/radiorevelacionfm.cl\/index.php?rest_route=\/wp\/v2\/users\/1"}],"replies":[{"embeddable":true,"href":"https:\/\/radiorevelacionfm.cl\/index.php?rest_route=%2Fwp%2Fv2%2Fcomments&post=14736"}],"version-history":[{"count":2,"href":"https:\/\/radiorevelacionfm.cl\/index.php?rest_route=\/wp\/v2\/posts\/14736\/revisions"}],"predecessor-version":[{"id":14739,"href":"https:\/\/radiorevelacionfm.cl\/index.php?rest_route=\/wp\/v2\/posts\/14736\/revisions\/14739"}],"wp:featuredmedia":[{"embeddable":true,"href":"https:\/\/radiorevelacionfm.cl\/index.php?rest_route=\/wp\/v2\/media\/14737"}],"wp:attachment":[{"href":"https:\/\/radiorevelacionfm.cl\/index.php?rest_route=%2Fwp%2Fv2%2Fmedia&parent=14736"}],"wp:term":[{"taxonomy":"category","embeddable":true,"href":"https:\/\/radiorevelacionfm.cl\/index.php?rest_route=%2Fwp%2Fv2%2Fcategories&post=14736"},{"taxonomy":"post_tag","embeddable":true,"href":"https:\/\/radiorevelacionfm.cl\/index.php?rest_route=%2Fwp%2Fv2%2Ftags&post=14736"}],"curies":[{"name":"wp","href":"https:\/\/api.w.org\/{rel}","templated":true}]}}