{"id":14721,"date":"2022-03-17T09:12:46","date_gmt":"2022-03-17T12:12:46","guid":{"rendered":"https:\/\/radiorevelacionfm.cl\/?p=14721"},"modified":"2022-03-17T09:12:46","modified_gmt":"2022-03-17T12:12:46","slug":"ciep-finaliza-instalacion-de-sistema-de-monitoreo-permanente-de-ecosistemas-forestales-en-aysen","status":"publish","type":"post","link":"https:\/\/radiorevelacionfm.cl\/?p=14721","title":{"rendered":"CIEP finaliza instalaci\u00f3n de sistema de monitoreo permanente de ecosistemas forestales en Ays\u00e9n"},"content":{"rendered":"<div class=\"flex_column av_one_full  flex_column_div av-zero-column-padding first  avia-builder-el-0  el_before_av_one_full  avia-builder-el-first  \" style='border-radius:0px; '><div  class='avia-image-container  av-styling-    avia-builder-el-1  avia-builder-el-no-sibling  avia-align-center '  itemprop=\"image\" itemscope=\"itemscope\" itemtype=\"https:\/\/schema.org\/ImageObject\"  ><div class='avia-image-container-inner'><div class='avia-image-overlay-wrap'><img decoding=\"async\" class='wp-image-14722 avia-img-lazy-loading-not-14722 avia_image' src=\"https:\/\/radiorevelacionfm.cl\/wp-content\/uploads\/2022\/03\/image-25_optimized.jpg\" alt='' title='image-(25)_optimized' height=\"600\" width=\"772\"  itemprop=\"thumbnailUrl\" srcset=\"https:\/\/radiorevelacionfm.cl\/wp-content\/uploads\/2022\/03\/image-25_optimized.jpg 772w, https:\/\/radiorevelacionfm.cl\/wp-content\/uploads\/2022\/03\/image-25_optimized-300x233.jpg 300w, https:\/\/radiorevelacionfm.cl\/wp-content\/uploads\/2022\/03\/image-25_optimized-768x597.jpg 768w, https:\/\/radiorevelacionfm.cl\/wp-content\/uploads\/2022\/03\/image-25_optimized-705x548.jpg 705w, https:\/\/radiorevelacionfm.cl\/wp-content\/uploads\/2022\/03\/image-25_optimized-600x466.jpg 600w\" sizes=\"(max-width: 772px) 100vw, 772px\" \/><\/div><\/div><\/div><\/div><div class=\"flex_column av_one_full  flex_column_div av-zero-column-padding first  avia-builder-el-2  el_after_av_one_full  el_before_av_one_full  column-top-margin\" style='border-radius:0px; '><section class=\"av_textblock_section \"  itemscope=\"itemscope\" itemtype=\"https:\/\/schema.org\/BlogPosting\" itemprop=\"blogPost\" ><div class='avia_textblock  '   itemprop=\"text\" ><p style=\"text-align: center;\"><strong><span style=\"font-size: 18pt;\">CIEP finaliza instalaci\u00f3n de sistema de monitoreo permanente de ecosistemas forestales en Ays\u00e9n<\/span><\/strong><\/p>\n<div id=\"gtx-trans\" style=\"position: absolute; left: -50px; top: 4.31534px;\">\n<div class=\"gtx-trans-icon\"><\/div>\n<\/div>\n<\/div><\/section><\/div><div class=\"flex_column av_one_full  flex_column_div av-zero-column-padding first  avia-builder-el-4  el_after_av_one_full  el_before_av_hr  column-top-margin\" style='border-radius:0px; '><section class=\"av_textblock_section \"  itemscope=\"itemscope\" itemtype=\"https:\/\/schema.org\/BlogPosting\" itemprop=\"blogPost\" ><div class='avia_textblock  '   itemprop=\"text\" ><p class=\"v1MsoNormal\" style=\"text-align: justify;\">Hace seis a\u00f1os se comenz\u00f3 una iniciativa de monitoreo de cuencas para evaluar ecosistemas forestales y de arroyos, comparando aquellos en estado pr\u00edstino de los m\u00e1s intervenidos, y as\u00ed poder comprender mejor qu\u00e9 factores incid\u00edan m\u00e1s en la permanencia del agua, entre otros par\u00e1metros.<\/p>\n<p class=\"v1MsoNormal\" style=\"text-align: justify;\"><span lang=\"ES-MX\">El Centro de Investigaciones en Ecosistemas de la Patagonia<\/span>\u00a0(CIEP)<span lang=\"ES-MX\">\u00a0ha\u00a0<\/span>finalizado<span lang=\"ES-MX\">\u00a0la instalaci\u00f3n de\u00a0<\/span>un sistema de monitoreo de\u00a0<span lang=\"ES-MX\">255 parcelas permanentes<\/span>,<span lang=\"ES-MX\">\u00a0equivalentes a m\u00e1s de 12 hect\u00e1reas medidas en la regi\u00f3n de Ays\u00e9n<\/span>, lo que permite<span lang=\"ES-MX\">\u00a0obtener informaci\u00f3n actual sobre diferentes aspectos relacionados con las cuencas forestales<\/span>, seg\u00fan el investigador residente de CIEP a cargo de esta iniciativa, Paulo Moreno,\u00a0<span lang=\"ES-MX\">\u00a0\u201c<\/span>l<span lang=\"ES-MX\">a instalaci\u00f3n de estas parcelas, que se deber\u00e1n medir nuevamente cada 5 a\u00f1os, nos permite tener la primera red permanente de monitoreo en ecosistemas forestales<\/span>\u00a0en Ays\u00e9n<span lang=\"ES-MX\">\u201d.<\/span><\/p>\n<p class=\"v1MsoNormal\" style=\"text-align: justify;\"><span lang=\"ES-MX\">El financiamiento para la medici\u00f3n de estas parcelas se enmarca dentro del Fondo de Investigaci\u00f3n del Bosque Nativo asociado al proyecto \u201cProvisi\u00f3n de servicios ecosist\u00e9micos en bosques de Ays\u00e9n: Cuantificaci\u00f3n y din\u00e1mica\u201d<\/span>, como tambi\u00e9n del<span lang=\"ES-MX\">\u00a0proyecto basal<\/span>\u00a0que ejecuta CIEP;\u00a0<span lang=\"ES-MX\">\u201cEcosistemas, cambio clim\u00e1tico y conexiones socio-ambientales a lo largo del continuo continente-oc\u00e9ano. Investigaci\u00f3n de largo plazo socio-ecol\u00f3gica en Patagonia (PATSER)\u201d<\/span><span lang=\"ES-MX\">\u00a0con fondos provenientes de la Agencia Nacional de Investigaci\u00f3n y Desarrollo<\/span>\u00a0(ANID)<span lang=\"ES-MX\">. \u201cEl poder realizar investigaci\u00f3n de largo plazo no siempre es factible, sin embargo, se ha podido obtener financiamiento a nivel central, que permiti\u00f3 la instalaci\u00f3n y futuros monitoreos de estas parcelas permanentes.\u201d indica el director cient\u00edfico del CIEP\u00a0<\/span>Dr.\u00a0<span lang=\"ES-MX\">Brian Reid.<\/span><\/p>\n<p class=\"v1MsoNormal\" style=\"text-align: justify;\"><span lang=\"ES-MX\">Est<\/span>a iniciativa<span lang=\"ES-MX\">\u00a0se enmarca dentro de un estudio observacional de 12 cuencas forestales, en bosques de lenga y en bosques siempreverde, con diferentes intensidades de intervenci\u00f3n por parte del ser humano, que van desde cuencas muy pr\u00edstinas, o sin impacto, a cuencas incendiadas con un alto grado de degradaci\u00f3n. \u201cEstas cuencas han estado en monitoreo desde el a\u00f1o 2016, donde tenemos mucha informaci\u00f3n del caudal (cantidad de agua que descarga), composici\u00f3n qu\u00edmica de cada arroyo e informaci\u00f3n meteorol\u00f3gica. Sin embargo, nos faltaba informaci\u00f3n de la cuenca, como tipo de cobertura vegetal, biodiversidad, suelo, entre otras. De esta forma, podemos correlacionar o entender lo que pasa en la cuenca con su arroyo de descarga. Por ejemplo, que factores son los causantes de una mayor permanencia del agua en la cuenca<\/span>,<span lang=\"ES-MX\">\u00a0y lo m\u00e1s importante<\/span>,<span lang=\"ES-MX\">\u00a0saber que niveles de cobertura son los m\u00ednimos aceptables. La instalaci\u00f3n de estas parcelas nos permite obtener esa informaci\u00f3n y ver como se comportan esas variables en el futuro, incorporando los efectos producidos por cambio clim\u00e1tico\u201d<\/span>, detalla<span lang=\"ES-MX\">\u00a0Paulo Moreno.<\/span><\/p>\n<p class=\"v1MsoNormal\" style=\"text-align: justify;\"><span lang=\"ES-MX\">El enfoque de este monitoreo es interdisciplinario y abarca mucho m\u00e1s all\u00e1 del\u00a0<\/span>b<span lang=\"ES-MX\">osque,<\/span>\u00a0enmarc\u00e1ndose<span lang=\"ES-MX\">\u00a0en la cuenca hidrogr\u00e1fica como \u00e1rea de estudio, en otras palabras, se est\u00e1 estudiando toda el \u00e1rea donde se descarga el agua de lluvia, nieve o hielo en un arroyo, lo que considera humedales aguas arriba, zonas de cumbre, rocas, etc. Adem\u00e1s, el objetivo es cuantificar aquellas funciones ecosist\u00e9micas asociadas a la producci\u00f3n de agua, protecci\u00f3n del suelo, mantenci\u00f3n de la biodiversidad, secuestro de carbono, producci\u00f3n de fibra, regulaci\u00f3n del ciclo de nutrientes, entre otras.<\/span><\/p>\n<p class=\"v1MsoNormal\" style=\"text-align: justify;\">\u201cSi bien m<span lang=\"ES-MX\">uchas de las parcelas<\/span>\u00a0de esta evaluaci\u00f3n<span lang=\"ES-MX\">\u00a0est\u00e1n localizadas en lugares muy inaccesibles<\/span>,<span lang=\"ES-MX\">\u00a0debido a su car\u00e1cter pr\u00edstino, incrementando las exigencias de log\u00edstica y costos,\u00a0<\/span>era la\u00a0<span lang=\"ES-MX\">forma de obtener informaci\u00f3n relevante donde se pueda contrastar la situaci\u00f3n virgen con la impactada<\/span>\u201d<span lang=\"ES-MX\">,\u00a0<\/span>finaliz\u00f3<span lang=\"ES-MX\">\u00a0Paulo Moreno.<\/span><\/p>\n<p class=\"v1MsoNormal\" style=\"text-align: justify;\"><span lang=\"ES-MX\">\u00a0<\/span><\/p>\n<\/div><\/section><\/div><div  style='height:50px' class='hr hr-invisible   avia-builder-el-6  el_after_av_one_full  el_before_av_social_share '><span class='hr-inner ' ><span class='hr-inner-style'><\/span><\/span><\/div><\/p>\n<div  class='av-social-sharing-box  avia-builder-el-7  el_after_av_hr  el_before_av_hr  '><div class='av-share-box'><h5 class='av-share-link-description av-no-toc '>Compartir esta noticia<\/h5><ul class='av-share-box-list noLightbox'><li class='av-share-link av-social-link-facebook' ><a target=\"_blank\" aria-label=\"Compartir en Facebook\" href='https:\/\/www.facebook.com\/sharer.php?u=https:\/\/radiorevelacionfm.cl\/?p=14721&#038;t=CIEP%20finaliza%20instalaci%C3%B3n%20de%20sistema%20de%20monitoreo%20permanente%20de%20ecosistemas%20forestales%20en%20Ays%C3%A9n' aria-hidden='false' data-av_icon='\ue8f3' data-av_iconfont='entypo-fontello' title='' data-avia-related-tooltip='Compartir en Facebook' rel=\"noopener\"><span class='avia_hidden_link_text'>Compartir en Facebook<\/span><\/a><\/li><li class='av-share-link av-social-link-twitter' ><a target=\"_blank\" aria-label=\"Compartir en Twitter\" href='https:\/\/twitter.com\/share?text=CIEP%20finaliza%20instalaci%C3%B3n%20de%20sistema%20de%20monitoreo%20permanente%20de%20ecosistemas%20forestales%20en%20Ays%C3%A9n&#038;url=https:\/\/radiorevelacionfm.cl\/?p=14721' aria-hidden='false' data-av_icon='\ue8f1' data-av_iconfont='entypo-fontello' title='' data-avia-related-tooltip='Compartir en Twitter' rel=\"noopener\"><span class='avia_hidden_link_text'>Compartir en Twitter<\/span><\/a><\/li><li class='av-share-link av-social-link-whatsapp' ><a target=\"_blank\" aria-label=\"Compartir en Whatsapp\" href='https:\/\/api.whatsapp.com\/send?text=https:\/\/radiorevelacionfm.cl\/?p=14721' aria-hidden='false' data-av_icon='\uf232' data-av_iconfont='entypo-fontello' title='' data-avia-related-tooltip='Compartir en Whatsapp' rel=\"noopener\"><span class='avia_hidden_link_text'>Compartir en Whatsapp<\/span><\/a><\/li><li class='av-share-link av-social-link-linkedin' ><a target=\"_blank\" aria-label=\"Compartir en LinkedIn\" href='https:\/\/linkedin.com\/shareArticle?mini=true&#038;title=CIEP%20finaliza%20instalaci%C3%B3n%20de%20sistema%20de%20monitoreo%20permanente%20de%20ecosistemas%20forestales%20en%20Ays%C3%A9n&#038;url=https:\/\/radiorevelacionfm.cl\/?p=14721' aria-hidden='false' data-av_icon='\ue8fc' data-av_iconfont='entypo-fontello' title='' data-avia-related-tooltip='Compartir en LinkedIn' rel=\"noopener\"><span class='avia_hidden_link_text'>Compartir en LinkedIn<\/span><\/a><\/li><li class='av-share-link av-social-link-mail' ><a  aria-label=\"Compartir por correo\" href='mailto:?subject=CIEP%20finaliza%20instalaci%C3%B3n%20de%20sistema%20de%20monitoreo%20permanente%20de%20ecosistemas%20forestales%20en%20Ays%C3%A9n&#038;body=https:\/\/radiorevelacionfm.cl\/?p=14721' aria-hidden='false' data-av_icon='\ue805' data-av_iconfont='entypo-fontello' title='' data-avia-related-tooltip='Compartir por correo'><span class='avia_hidden_link_text'>Compartir por correo<\/span><\/a><\/li><\/ul><\/div><\/div>\n<div  style='height:50px' class='hr hr-invisible   avia-builder-el-8  el_after_av_social_share  el_before_av_comments_list '><span class='hr-inner ' ><span class='hr-inner-style'><\/span><\/span><\/div>\n<div  class='av-buildercomment  av-blog-meta-html-info-disabled av-blog-meta-tag-disabled  '><\/div>\n","protected":false},"excerpt":{"rendered":"","protected":false},"author":1,"featured_media":14722,"comment_status":"open","ping_status":"open","sticky":false,"template":"","format":"standard","meta":{"footnotes":""},"categories":[39],"tags":[],"class_list":["post-14721","post","type-post","status-publish","format-standard","has-post-thumbnail","hentry","category-medio-ambiente"],"jetpack_featured_media_url":"https:\/\/radiorevelacionfm.cl\/wp-content\/uploads\/2022\/03\/image-25_optimized.jpg","_links":{"self":[{"href":"https:\/\/radiorevelacionfm.cl\/index.php?rest_route=\/wp\/v2\/posts\/14721","targetHints":{"allow":["GET"]}}],"collection":[{"href":"https:\/\/radiorevelacionfm.cl\/index.php?rest_route=\/wp\/v2\/posts"}],"about":[{"href":"https:\/\/radiorevelacionfm.cl\/index.php?rest_route=\/wp\/v2\/types\/post"}],"author":[{"embeddable":true,"href":"https:\/\/radiorevelacionfm.cl\/index.php?rest_route=\/wp\/v2\/users\/1"}],"replies":[{"embeddable":true,"href":"https:\/\/radiorevelacionfm.cl\/index.php?rest_route=%2Fwp%2Fv2%2Fcomments&post=14721"}],"version-history":[{"count":2,"href":"https:\/\/radiorevelacionfm.cl\/index.php?rest_route=\/wp\/v2\/posts\/14721\/revisions"}],"predecessor-version":[{"id":14727,"href":"https:\/\/radiorevelacionfm.cl\/index.php?rest_route=\/wp\/v2\/posts\/14721\/revisions\/14727"}],"wp:featuredmedia":[{"embeddable":true,"href":"https:\/\/radiorevelacionfm.cl\/index.php?rest_route=\/wp\/v2\/media\/14722"}],"wp:attachment":[{"href":"https:\/\/radiorevelacionfm.cl\/index.php?rest_route=%2Fwp%2Fv2%2Fmedia&parent=14721"}],"wp:term":[{"taxonomy":"category","embeddable":true,"href":"https:\/\/radiorevelacionfm.cl\/index.php?rest_route=%2Fwp%2Fv2%2Fcategories&post=14721"},{"taxonomy":"post_tag","embeddable":true,"href":"https:\/\/radiorevelacionfm.cl\/index.php?rest_route=%2Fwp%2Fv2%2Ftags&post=14721"}],"curies":[{"name":"wp","href":"https:\/\/api.w.org\/{rel}","templated":true}]}}