{"id":14696,"date":"2022-03-16T14:25:31","date_gmt":"2022-03-16T17:25:31","guid":{"rendered":"https:\/\/radiorevelacionfm.cl\/?p=14696"},"modified":"2022-03-16T14:25:31","modified_gmt":"2022-03-16T17:25:31","slug":"corte-confirma-prision-preventiva-a-imputado-por-abuso-sexual-y-violacion-de-morada","status":"publish","type":"post","link":"https:\/\/radiorevelacionfm.cl\/?p=14696","title":{"rendered":"Corte confirma prisi\u00f3n preventiva a imputado por abuso sexual y violaci\u00f3n de morada"},"content":{"rendered":"<div class=\"flex_column av_one_full  flex_column_div av-zero-column-padding first  avia-builder-el-0  el_before_av_one_full  avia-builder-el-first  \" style='border-radius:0px; '><div  class='avia-image-container  av-styling-    avia-builder-el-1  avia-builder-el-no-sibling  avia-align-center '  itemprop=\"image\" itemscope=\"itemscope\" itemtype=\"https:\/\/schema.org\/ImageObject\"  ><div class='avia-image-container-inner'><div class='avia-image-overlay-wrap'><img decoding=\"async\" class='wp-image-14697 avia-img-lazy-loading-not-14697 avia_image' src=\"https:\/\/radiorevelacionfm.cl\/wp-content\/uploads\/2022\/03\/foto-audiencia-zoom-16-m-2_optimized.jpg\" alt='' title='foto-audiencia-zoom-16-m-2_optimized' height=\"600\" width=\"1067\"  itemprop=\"thumbnailUrl\" srcset=\"https:\/\/radiorevelacionfm.cl\/wp-content\/uploads\/2022\/03\/foto-audiencia-zoom-16-m-2_optimized.jpg 1067w, https:\/\/radiorevelacionfm.cl\/wp-content\/uploads\/2022\/03\/foto-audiencia-zoom-16-m-2_optimized-300x169.jpg 300w, https:\/\/radiorevelacionfm.cl\/wp-content\/uploads\/2022\/03\/foto-audiencia-zoom-16-m-2_optimized-1030x579.jpg 1030w, https:\/\/radiorevelacionfm.cl\/wp-content\/uploads\/2022\/03\/foto-audiencia-zoom-16-m-2_optimized-768x432.jpg 768w, https:\/\/radiorevelacionfm.cl\/wp-content\/uploads\/2022\/03\/foto-audiencia-zoom-16-m-2_optimized-705x396.jpg 705w, https:\/\/radiorevelacionfm.cl\/wp-content\/uploads\/2022\/03\/foto-audiencia-zoom-16-m-2_optimized-600x337.jpg 600w\" sizes=\"(max-width: 1067px) 100vw, 1067px\" \/><\/div><\/div><\/div><\/div><div class=\"flex_column av_one_full  flex_column_div av-zero-column-padding first  avia-builder-el-2  el_after_av_one_full  el_before_av_one_full  column-top-margin\" style='border-radius:0px; '><section class=\"av_textblock_section \"  itemscope=\"itemscope\" itemtype=\"https:\/\/schema.org\/BlogPosting\" itemprop=\"blogPost\" ><div class='avia_textblock  '   itemprop=\"text\" ><p style=\"text-align: center;\"><span style=\"font-size: 18pt;\"><strong>Corte confirma prisi\u00f3n preventiva a imputado por abuso sexual y violaci\u00f3n de morada<\/strong><\/span><\/p>\n<div id=\"gtx-trans\" style=\"position: absolute; left: -50px; top: 4.31534px;\">\n<div class=\"gtx-trans-icon\"><\/div>\n<\/div>\n<\/div><\/section><\/div><div class=\"flex_column av_one_full  flex_column_div av-zero-column-padding first  avia-builder-el-4  el_after_av_one_full  el_before_av_hr  column-top-margin\" style='border-radius:0px; '><section class=\"av_textblock_section \"  itemscope=\"itemscope\" itemtype=\"https:\/\/schema.org\/BlogPosting\" itemprop=\"blogPost\" ><div class='avia_textblock  '   itemprop=\"text\" ><p class=\"v1MsoNormal\" style=\"text-align: justify;\">La Corte de Coyhaique rechaz\u00f3 hoy \u2013mi\u00e9rcoles 16 de marzo\u2013 el recurso de apelaci\u00f3n presentado por la defensa y confirm\u00f3 la resoluci\u00f3n dictada por el Juzgado de Garant\u00eda de Puerto Ays\u00e9n, que dej\u00f3 en prisi\u00f3n preventiva a J.E.L.L., imputado por el Ministerio P\u00fablico como autor de los delitos de abuso sexual y violaci\u00f3n de morada. Il\u00edcito perpetrado el lunes de la semana reci\u00e9n pasada, en la comuna.<\/p>\n<p class=\"v1MsoNormal\" style=\"text-align: justify;\">En fallo un\u00e1nime (causa rol 52-2022), la Primera Sala del tribunal de alzada \u2013integrada por los ministros Sergio Mora, Pedro Castro, Jos\u00e9 Ignacio Mora y Natalia Rencoret \u2013 confirm\u00f3 la resoluci\u00f3n apelada, al compartir que la libertad de imputado constituye un peligro para la seguridad de la sociedad.<\/p>\n<p class=\"v1MsoNormal\" style=\"text-align: justify;\">\u00abAtendido el m\u00e9rito\u00a0de los antecedentes que se conocen, alegaciones de los intervinientes, considerando que existen elementos suficientes para justificar la existencia de los delitos investigados as\u00ed como la participaci\u00f3n del encartado en calidad de autor\u00a0y,\u00a0estim\u00e1ndose que su libertad constituye un peligro para la seguridad de la sociedad, en atenci\u00f3n al delito por el que se le formaliz\u00f3 y la pena que le asigna la ley, car\u00e1cter, n\u00famero y circunstancias de comisi\u00f3n, as\u00ed como peligro para la v\u00edctima; y, conforme lo dispuesto en el art\u00edculo 122 y\u00a0140 del C\u00f3digo Procesal Penal,\u00a0SE CONFIRMA\u00a0la resoluci\u00f3n apelada de fecha ocho de marzo de dos mil veintid\u00f3s, en cuanto por ella se impuso la medida cautelar de prisi\u00f3n preventiva del imputado\u00a0J.E.L.L.\u00bb, sostiene el fallo.<\/p>\n<p class=\"v1MsoNormal\" style=\"text-align: justify;\">Seg\u00fan el ente persecutor, en horas de la ma\u00f1ana del lunes 7 de marzo de 2022, la v\u00edctima se encontraba en su domicilio, inmueble al cual lleg\u00f3 el imputado, quien sin autorizaci\u00f3n ingres\u00f3 a la vivienda y se dirigi\u00f3 al dormitorio de la v\u00edctima, a quien forz\u00f3 a realizar diversas acciones de relevancia y significaci\u00f3n sexual. Tras la denuncia, el imputado de 70 a\u00f1os de edad fue detenido por personal policial.<\/p>\n<\/div><\/section><\/div><div  style='height:50px' class='hr hr-invisible   avia-builder-el-6  el_after_av_one_full  el_before_av_social_share '><span class='hr-inner ' ><span class='hr-inner-style'><\/span><\/span><\/div><\/p>\n<div  class='av-social-sharing-box  avia-builder-el-7  el_after_av_hr  el_before_av_hr  '><div class='av-share-box'><h5 class='av-share-link-description av-no-toc '>Compartir esta noticia<\/h5><ul class='av-share-box-list noLightbox'><li class='av-share-link av-social-link-facebook' ><a target=\"_blank\" aria-label=\"Compartir en Facebook\" href='https:\/\/www.facebook.com\/sharer.php?u=https:\/\/radiorevelacionfm.cl\/?p=14696&#038;t=Corte%20confirma%20prisi%C3%B3n%20preventiva%20a%20imputado%20por%20abuso%20sexual%20y%20violaci%C3%B3n%20de%20morada' aria-hidden='false' data-av_icon='\ue8f3' data-av_iconfont='entypo-fontello' title='' data-avia-related-tooltip='Compartir en Facebook' rel=\"noopener\"><span class='avia_hidden_link_text'>Compartir en Facebook<\/span><\/a><\/li><li class='av-share-link av-social-link-twitter' ><a target=\"_blank\" aria-label=\"Compartir en Twitter\" href='https:\/\/twitter.com\/share?text=Corte%20confirma%20prisi%C3%B3n%20preventiva%20a%20imputado%20por%20abuso%20sexual%20y%20violaci%C3%B3n%20de%20morada&#038;url=https:\/\/radiorevelacionfm.cl\/?p=14696' aria-hidden='false' data-av_icon='\ue8f1' data-av_iconfont='entypo-fontello' title='' data-avia-related-tooltip='Compartir en Twitter' rel=\"noopener\"><span class='avia_hidden_link_text'>Compartir en Twitter<\/span><\/a><\/li><li class='av-share-link av-social-link-whatsapp' ><a target=\"_blank\" aria-label=\"Compartir en Whatsapp\" href='https:\/\/api.whatsapp.com\/send?text=https:\/\/radiorevelacionfm.cl\/?p=14696' aria-hidden='false' data-av_icon='\uf232' data-av_iconfont='entypo-fontello' title='' data-avia-related-tooltip='Compartir en Whatsapp' rel=\"noopener\"><span class='avia_hidden_link_text'>Compartir en Whatsapp<\/span><\/a><\/li><li class='av-share-link av-social-link-linkedin' ><a target=\"_blank\" aria-label=\"Compartir en LinkedIn\" href='https:\/\/linkedin.com\/shareArticle?mini=true&#038;title=Corte%20confirma%20prisi%C3%B3n%20preventiva%20a%20imputado%20por%20abuso%20sexual%20y%20violaci%C3%B3n%20de%20morada&#038;url=https:\/\/radiorevelacionfm.cl\/?p=14696' aria-hidden='false' data-av_icon='\ue8fc' data-av_iconfont='entypo-fontello' title='' data-avia-related-tooltip='Compartir en LinkedIn' rel=\"noopener\"><span class='avia_hidden_link_text'>Compartir en LinkedIn<\/span><\/a><\/li><li class='av-share-link av-social-link-mail' ><a  aria-label=\"Compartir por correo\" href='mailto:?subject=Corte%20confirma%20prisi%C3%B3n%20preventiva%20a%20imputado%20por%20abuso%20sexual%20y%20violaci%C3%B3n%20de%20morada&#038;body=https:\/\/radiorevelacionfm.cl\/?p=14696' aria-hidden='false' data-av_icon='\ue805' data-av_iconfont='entypo-fontello' title='' data-avia-related-tooltip='Compartir por correo'><span class='avia_hidden_link_text'>Compartir por correo<\/span><\/a><\/li><\/ul><\/div><\/div>\n<div  style='height:50px' class='hr hr-invisible   avia-builder-el-8  el_after_av_social_share  el_before_av_comments_list '><span class='hr-inner ' ><span class='hr-inner-style'><\/span><\/span><\/div>\n<div  class='av-buildercomment  av-blog-meta-html-info-disabled av-blog-meta-tag-disabled  '><\/div>\n","protected":false},"excerpt":{"rendered":"","protected":false},"author":1,"featured_media":14697,"comment_status":"open","ping_status":"open","sticky":false,"template":"","format":"standard","meta":{"footnotes":""},"categories":[55],"tags":[],"class_list":["post-14696","post","type-post","status-publish","format-standard","has-post-thumbnail","hentry","category-justicia"],"jetpack_featured_media_url":"https:\/\/radiorevelacionfm.cl\/wp-content\/uploads\/2022\/03\/foto-audiencia-zoom-16-m-2_optimized.jpg","_links":{"self":[{"href":"https:\/\/radiorevelacionfm.cl\/index.php?rest_route=\/wp\/v2\/posts\/14696","targetHints":{"allow":["GET"]}}],"collection":[{"href":"https:\/\/radiorevelacionfm.cl\/index.php?rest_route=\/wp\/v2\/posts"}],"about":[{"href":"https:\/\/radiorevelacionfm.cl\/index.php?rest_route=\/wp\/v2\/types\/post"}],"author":[{"embeddable":true,"href":"https:\/\/radiorevelacionfm.cl\/index.php?rest_route=\/wp\/v2\/users\/1"}],"replies":[{"embeddable":true,"href":"https:\/\/radiorevelacionfm.cl\/index.php?rest_route=%2Fwp%2Fv2%2Fcomments&post=14696"}],"version-history":[{"count":2,"href":"https:\/\/radiorevelacionfm.cl\/index.php?rest_route=\/wp\/v2\/posts\/14696\/revisions"}],"predecessor-version":[{"id":14699,"href":"https:\/\/radiorevelacionfm.cl\/index.php?rest_route=\/wp\/v2\/posts\/14696\/revisions\/14699"}],"wp:featuredmedia":[{"embeddable":true,"href":"https:\/\/radiorevelacionfm.cl\/index.php?rest_route=\/wp\/v2\/media\/14697"}],"wp:attachment":[{"href":"https:\/\/radiorevelacionfm.cl\/index.php?rest_route=%2Fwp%2Fv2%2Fmedia&parent=14696"}],"wp:term":[{"taxonomy":"category","embeddable":true,"href":"https:\/\/radiorevelacionfm.cl\/index.php?rest_route=%2Fwp%2Fv2%2Fcategories&post=14696"},{"taxonomy":"post_tag","embeddable":true,"href":"https:\/\/radiorevelacionfm.cl\/index.php?rest_route=%2Fwp%2Fv2%2Ftags&post=14696"}],"curies":[{"name":"wp","href":"https:\/\/api.w.org\/{rel}","templated":true}]}}