{"id":14687,"date":"2022-03-16T09:21:37","date_gmt":"2022-03-16T12:21:37","guid":{"rendered":"https:\/\/radiorevelacionfm.cl\/?p=14687"},"modified":"2022-03-16T09:21:37","modified_gmt":"2022-03-16T12:21:37","slug":"cesfam-de-puerto-aysen-recibe-importante-donativo-consistente-en-equipo-para-electrocardiogramas","status":"publish","type":"post","link":"https:\/\/radiorevelacionfm.cl\/?p=14687","title":{"rendered":"Cesfam de Puerto Ays\u00e9n recibe importante donativo consistente en equipo para electrocardiogramas"},"content":{"rendered":"<div class=\"flex_column av_one_full  flex_column_div av-zero-column-padding first  avia-builder-el-0  el_before_av_one_full  avia-builder-el-first  \" style='border-radius:0px; '><div  class='avia-image-container  av-styling-    avia-builder-el-1  avia-builder-el-no-sibling  avia-align-center '  itemprop=\"image\" itemscope=\"itemscope\" itemtype=\"https:\/\/schema.org\/ImageObject\"  ><div class='avia-image-container-inner'><div class='avia-image-overlay-wrap'><img decoding=\"async\" class='wp-image-14688 avia-img-lazy-loading-not-14688 avia_image' src=\"https:\/\/radiorevelacionfm.cl\/wp-content\/uploads\/2022\/03\/electro-concejal-muniaysen2-2-2.jpeg\" alt='' title='electro-concejal-muniaysen2-2-2' height=\"600\" width=\"800\"  itemprop=\"thumbnailUrl\" srcset=\"https:\/\/radiorevelacionfm.cl\/wp-content\/uploads\/2022\/03\/electro-concejal-muniaysen2-2-2.jpeg 800w, https:\/\/radiorevelacionfm.cl\/wp-content\/uploads\/2022\/03\/electro-concejal-muniaysen2-2-2-300x225.jpeg 300w, https:\/\/radiorevelacionfm.cl\/wp-content\/uploads\/2022\/03\/electro-concejal-muniaysen2-2-2-768x576.jpeg 768w, https:\/\/radiorevelacionfm.cl\/wp-content\/uploads\/2022\/03\/electro-concejal-muniaysen2-2-2-705x529.jpeg 705w, https:\/\/radiorevelacionfm.cl\/wp-content\/uploads\/2022\/03\/electro-concejal-muniaysen2-2-2-600x450.jpeg 600w\" sizes=\"(max-width: 800px) 100vw, 800px\" \/><\/div><\/div><\/div><\/div><div class=\"flex_column av_one_full  flex_column_div av-zero-column-padding first  avia-builder-el-2  el_after_av_one_full  el_before_av_one_full  column-top-margin\" style='border-radius:0px; '><section class=\"av_textblock_section \"  itemscope=\"itemscope\" itemtype=\"https:\/\/schema.org\/BlogPosting\" itemprop=\"blogPost\" ><div class='avia_textblock  '   itemprop=\"text\" ><p style=\"text-align: center;\"><span style=\"font-size: 18pt;\"><strong>Cesfam de Puerto Ays\u00e9n recibe importante donativo consistente en equipo para electrocardiogramas<\/strong><\/span><\/p>\n<div id=\"gtx-trans\" style=\"position: absolute; left: -50px; top: 4.31534px;\">\n<div class=\"gtx-trans-icon\"><\/div>\n<\/div>\n<\/div><\/section><\/div><div class=\"flex_column av_one_full  flex_column_div av-zero-column-padding first  avia-builder-el-4  el_after_av_one_full  el_before_av_hr  column-top-margin\" style='border-radius:0px; '><section class=\"av_textblock_section \"  itemscope=\"itemscope\" itemtype=\"https:\/\/schema.org\/BlogPosting\" itemprop=\"blogPost\" ><div class='avia_textblock  '   itemprop=\"text\" ><p style=\"text-align: justify;\">Una amplia cruzada que permiti\u00f3 generar una importante contribuci\u00f3n al sector Salud en Ays\u00e9n fue encabezada por el integrante de H. Concejo Municipal y autoridad comunal, Jorge Figueroa Jara. La gesti\u00f3n permiti\u00f3 dotar, tras la donaci\u00f3n altruista del empresario local Alejandro Bahamondes, de dos maquinas para la realizaci\u00f3n de electrocardiogramas que fueron destinadas tanto para el Centro de Salud Familiar (Cesfam) como para el Centro Comunitario de Salud Familiar (Cescof) de Puerto Ays\u00e9n. Esto explican las autoridades sanitarias reviste una mejora sustancial en las prestaciones de este tipo para los pacientes ayseninos.<\/p>\n<p style=\"text-align: justify;\">Frente a este hecho, el edil Jorge Figueroa Jara declar\u00f3 que esta articulaci\u00f3n la realiz\u00f3 en base al rol que la comunidad le ha otorgado por avanzar en un Ays\u00e9n Mejor. La autoridad, quien tambi\u00e9n se desempe\u00f1a como profesional de apoyo en el sector Salud, explic\u00f3 que conoc\u00eda de esta carencia en la comuna, por lo que para evitar enfermedades cardiacas y envista de la necesidad existente \u201ctom\u00e9 la iniciativa de poder contactarme con la empresa privada, la cual afortunadamente tuvo una buena acogida con don Alejandro Bahamondes y la empresa de recolecci\u00f3n de residuos domiciliarios, donando no s\u00f3lo un equipo, sino que dos\u201d.<\/p>\n<p style=\"text-align: justify;\">Por su parte, Alejandro Bahamondes, representante de Empresas Bahamondes, coment\u00f3 que como emprendedores siempre han cooperado con las necesidades de la comunidad pero que nunca as\u00ed hab\u00eda ocurrido en el Cesfam. \u201cVuelvo agradecer al concejal por las gestiones y ya se han entregado dos equipos que como me conversaba el director ser\u00e1n de mucha ayuda a la comunidad de Puerto Ays\u00e9n, principalmente para los adultos mayores como \u00e9l nos explic\u00f3 muchos ten\u00edan que venir a pedir hora al cesfam e ir al Hospital, volver con su examen y significaba mucha perdida de tiempo y una afectaci\u00f3n econ\u00f3mica, as\u00ed es que estoy muy contento y feliz de este aporte que ser\u00e1 muy efectivo para nuestra comunidad\u201d, enfatiz\u00f3 el empresario local.<\/p>\n<p style=\"text-align: justify;\">En tanto, director del recinto de Atenci\u00f3n Primaria en la comuna porte\u00f1a, Dr. Cesar Reguero Zapata, destac\u00f3 la contribuci\u00f3n que realizar\u00e1 este equipamiento a las cerca de 900 personas\u00a0que se encuentran en atenci\u00f3n por Diabetes y quienes por lo menos una vez al a\u00f1o deber\u00edan acceder a esta prestaci\u00f3n. \u201cTodos los pacientes que ingresan al programa cardiovascular tambi\u00e9n deben hacerse un electrocardiograma y quienes en los controles sean detectados para una pesquisa. El universo total de la poblaci\u00f3n beneficiada es bastante grande en Puerto Ays\u00e9n y lamentablemente con las dificultades que ten\u00edamos con los equipos que no estaban en buen estado, significaba que diariamente ten\u00edan que ir a tom\u00e1rselo al Hospital con los costos de traslados y las dificultades en los tiempos que significa esto, entonces hoy en d\u00eda esto se traduce en que van a poder tomar los ex\u00e1menes localmente en el cesfam una vez que el m\u00e9dico lo solicite\u201d explic\u00f3 el profesional aysenino.<\/p>\n<p style=\"text-align: justify;\">Finalmente, una de las usuarias del Cesfam, Marianela Vera, quien debe acceder a este tipo de ex\u00e1menes, junto con felicitar al concejal Figueroa se\u00f1al\u00f3 que \u201cexcelente tambi\u00e9n, felicitaciones a la empresa Bahamondes porque ojal\u00e1 todas las empresas fueran as\u00ed con nuestro Cesfam. Yo estoy s\u00faper agradecida porque ten\u00eda que ir a la Ribera Sur (Hospital de Puerto Ays\u00e9n) a tomarme el electrocardiograma porque vivo en sector rural y aqu\u00ed me conviene m\u00e1s, as\u00ed es que muy contenta por nuestro Cesfam, felicitarlos porque la atenci\u00f3n es s\u00faper buena, nada que decir, as\u00ed es que, excelente\u201d, sentenci\u00f3 la paciente local.<\/p>\n<\/div><\/section><\/div><div  style='height:50px' class='hr hr-invisible   avia-builder-el-6  el_after_av_one_full  el_before_av_social_share '><span class='hr-inner ' ><span class='hr-inner-style'><\/span><\/span><\/div><\/p>\n<div  class='av-social-sharing-box  avia-builder-el-7  el_after_av_hr  el_before_av_hr  '><div class='av-share-box'><h5 class='av-share-link-description av-no-toc '>Compartir esta noticia<\/h5><ul class='av-share-box-list noLightbox'><li class='av-share-link av-social-link-facebook' ><a target=\"_blank\" aria-label=\"Compartir en Facebook\" href='https:\/\/www.facebook.com\/sharer.php?u=https:\/\/radiorevelacionfm.cl\/?p=14687&#038;t=Cesfam%20de%20Puerto%20Ays%C3%A9n%20recibe%20importante%20donativo%20consistente%20en%20equipo%20para%20electrocardiogramas' aria-hidden='false' data-av_icon='\ue8f3' data-av_iconfont='entypo-fontello' title='' data-avia-related-tooltip='Compartir en Facebook' rel=\"noopener\"><span class='avia_hidden_link_text'>Compartir en Facebook<\/span><\/a><\/li><li class='av-share-link av-social-link-twitter' ><a target=\"_blank\" aria-label=\"Compartir en Twitter\" href='https:\/\/twitter.com\/share?text=Cesfam%20de%20Puerto%20Ays%C3%A9n%20recibe%20importante%20donativo%20consistente%20en%20equipo%20para%20electrocardiogramas&#038;url=https:\/\/radiorevelacionfm.cl\/?p=14687' aria-hidden='false' data-av_icon='\ue8f1' data-av_iconfont='entypo-fontello' title='' data-avia-related-tooltip='Compartir en Twitter' rel=\"noopener\"><span class='avia_hidden_link_text'>Compartir en Twitter<\/span><\/a><\/li><li class='av-share-link av-social-link-whatsapp' ><a target=\"_blank\" aria-label=\"Compartir en Whatsapp\" href='https:\/\/api.whatsapp.com\/send?text=https:\/\/radiorevelacionfm.cl\/?p=14687' aria-hidden='false' data-av_icon='\uf232' data-av_iconfont='entypo-fontello' title='' data-avia-related-tooltip='Compartir en Whatsapp' rel=\"noopener\"><span class='avia_hidden_link_text'>Compartir en Whatsapp<\/span><\/a><\/li><li class='av-share-link av-social-link-linkedin' ><a target=\"_blank\" aria-label=\"Compartir en LinkedIn\" href='https:\/\/linkedin.com\/shareArticle?mini=true&#038;title=Cesfam%20de%20Puerto%20Ays%C3%A9n%20recibe%20importante%20donativo%20consistente%20en%20equipo%20para%20electrocardiogramas&#038;url=https:\/\/radiorevelacionfm.cl\/?p=14687' aria-hidden='false' data-av_icon='\ue8fc' data-av_iconfont='entypo-fontello' title='' data-avia-related-tooltip='Compartir en LinkedIn' rel=\"noopener\"><span class='avia_hidden_link_text'>Compartir en LinkedIn<\/span><\/a><\/li><li class='av-share-link av-social-link-mail' ><a  aria-label=\"Compartir por correo\" href='mailto:?subject=Cesfam%20de%20Puerto%20Ays%C3%A9n%20recibe%20importante%20donativo%20consistente%20en%20equipo%20para%20electrocardiogramas&#038;body=https:\/\/radiorevelacionfm.cl\/?p=14687' aria-hidden='false' data-av_icon='\ue805' data-av_iconfont='entypo-fontello' title='' data-avia-related-tooltip='Compartir por correo'><span class='avia_hidden_link_text'>Compartir por correo<\/span><\/a><\/li><\/ul><\/div><\/div>\n<div  style='height:50px' class='hr hr-invisible   avia-builder-el-8  el_after_av_social_share  el_before_av_comments_list '><span class='hr-inner ' ><span class='hr-inner-style'><\/span><\/span><\/div>\n<div  class='av-buildercomment  av-blog-meta-html-info-disabled av-blog-meta-tag-disabled  '><\/div>\n","protected":false},"excerpt":{"rendered":"","protected":false},"author":1,"featured_media":14688,"comment_status":"open","ping_status":"open","sticky":false,"template":"","format":"standard","meta":{"footnotes":""},"categories":[38],"tags":[],"class_list":["post-14687","post","type-post","status-publish","format-standard","has-post-thumbnail","hentry","category-regional"],"jetpack_featured_media_url":"https:\/\/radiorevelacionfm.cl\/wp-content\/uploads\/2022\/03\/electro-concejal-muniaysen2-2-2.jpeg","_links":{"self":[{"href":"https:\/\/radiorevelacionfm.cl\/index.php?rest_route=\/wp\/v2\/posts\/14687","targetHints":{"allow":["GET"]}}],"collection":[{"href":"https:\/\/radiorevelacionfm.cl\/index.php?rest_route=\/wp\/v2\/posts"}],"about":[{"href":"https:\/\/radiorevelacionfm.cl\/index.php?rest_route=\/wp\/v2\/types\/post"}],"author":[{"embeddable":true,"href":"https:\/\/radiorevelacionfm.cl\/index.php?rest_route=\/wp\/v2\/users\/1"}],"replies":[{"embeddable":true,"href":"https:\/\/radiorevelacionfm.cl\/index.php?rest_route=%2Fwp%2Fv2%2Fcomments&post=14687"}],"version-history":[{"count":2,"href":"https:\/\/radiorevelacionfm.cl\/index.php?rest_route=\/wp\/v2\/posts\/14687\/revisions"}],"predecessor-version":[{"id":14693,"href":"https:\/\/radiorevelacionfm.cl\/index.php?rest_route=\/wp\/v2\/posts\/14687\/revisions\/14693"}],"wp:featuredmedia":[{"embeddable":true,"href":"https:\/\/radiorevelacionfm.cl\/index.php?rest_route=\/wp\/v2\/media\/14688"}],"wp:attachment":[{"href":"https:\/\/radiorevelacionfm.cl\/index.php?rest_route=%2Fwp%2Fv2%2Fmedia&parent=14687"}],"wp:term":[{"taxonomy":"category","embeddable":true,"href":"https:\/\/radiorevelacionfm.cl\/index.php?rest_route=%2Fwp%2Fv2%2Fcategories&post=14687"},{"taxonomy":"post_tag","embeddable":true,"href":"https:\/\/radiorevelacionfm.cl\/index.php?rest_route=%2Fwp%2Fv2%2Ftags&post=14687"}],"curies":[{"name":"wp","href":"https:\/\/api.w.org\/{rel}","templated":true}]}}