{"id":14677,"date":"2022-03-16T10:45:14","date_gmt":"2022-03-16T13:45:14","guid":{"rendered":"https:\/\/radiorevelacionfm.cl\/?p=14677"},"modified":"2022-03-16T10:45:14","modified_gmt":"2022-03-16T13:45:14","slug":"el-30-de-abril-vence-plazo-para-que-empleadores-registren-contratos-de-trabajo-suscritos-antes-del-1-de-octubre-de-2021","status":"publish","type":"post","link":"https:\/\/radiorevelacionfm.cl\/?p=14677","title":{"rendered":"El 30 de abril vence plazo para que empleadores registren contratos de trabajo suscritos antes del 1 de octubre de 2021"},"content":{"rendered":"<div class=\"flex_column av_one_full  flex_column_div av-zero-column-padding first  avia-builder-el-0  el_before_av_one_full  avia-builder-el-first  \" style='border-radius:0px; '><div  class='avia-image-container  av-styling-    avia-builder-el-1  avia-builder-el-no-sibling  avia-align-center '  itemprop=\"image\" itemscope=\"itemscope\" itemtype=\"https:\/\/schema.org\/ImageObject\"  ><div class='avia-image-container-inner'><div class='avia-image-overlay-wrap'><img decoding=\"async\" class='wp-image-14678 avia-img-lazy-loading-not-14678 avia_image' src=\"https:\/\/radiorevelacionfm.cl\/wp-content\/uploads\/2022\/03\/Fotografia-tipo-2-2-2.jpg\" alt='' title='Fotograf\u00eda tipo - 2-2-2' height=\"600\" width=\"835\"  itemprop=\"thumbnailUrl\" srcset=\"https:\/\/radiorevelacionfm.cl\/wp-content\/uploads\/2022\/03\/Fotografia-tipo-2-2-2.jpg 835w, https:\/\/radiorevelacionfm.cl\/wp-content\/uploads\/2022\/03\/Fotografia-tipo-2-2-2-300x216.jpg 300w, https:\/\/radiorevelacionfm.cl\/wp-content\/uploads\/2022\/03\/Fotografia-tipo-2-2-2-768x552.jpg 768w, https:\/\/radiorevelacionfm.cl\/wp-content\/uploads\/2022\/03\/Fotografia-tipo-2-2-2-705x507.jpg 705w, https:\/\/radiorevelacionfm.cl\/wp-content\/uploads\/2022\/03\/Fotografia-tipo-2-2-2-600x431.jpg 600w\" sizes=\"(max-width: 835px) 100vw, 835px\" \/><\/div><\/div><\/div><\/div><div class=\"flex_column av_one_full  flex_column_div av-zero-column-padding first  avia-builder-el-2  el_after_av_one_full  el_before_av_one_full  column-top-margin\" style='border-radius:0px; '><section class=\"av_textblock_section \"  itemscope=\"itemscope\" itemtype=\"https:\/\/schema.org\/BlogPosting\" itemprop=\"blogPost\" ><div class='avia_textblock  '   itemprop=\"text\" ><p style=\"text-align: center;\"><span style=\"font-size: 18pt;\"><b>El 30 de abril vence plazo para que empleadores registren contratos de trabajo suscritos antes del 1 de octubre de 2021<\/b><\/span><\/p>\n<div id=\"gtx-trans\" style=\"position: absolute; left: -50px; top: 4.31534px;\">\n<div class=\"gtx-trans-icon\"><\/div>\n<\/div>\n<\/div><\/section><\/div><div class=\"flex_column av_one_full  flex_column_div av-zero-column-padding first  avia-builder-el-4  el_after_av_one_full  el_before_av_hr  column-top-margin\" style='border-radius:0px; '><section class=\"av_textblock_section \"  itemscope=\"itemscope\" itemtype=\"https:\/\/schema.org\/BlogPosting\" itemprop=\"blogPost\" ><div class='avia_textblock  '   itemprop=\"text\" ><div>\n<p class=\"v1MsoNormal\" style=\"text-align: justify;\">El pr\u00f3ximo 30 de abril vence el plazo para que los empleadores\/as registren electr\u00f3nicamente ante la Direcci\u00f3n del Trabajo (DT) los contratos de trabajo de sus trabajadores\/as suscritos antes del 1 de octubre de 2021.<\/p>\n<p class=\"v1MsoNormal\" style=\"text-align: justify;\">Para cumplir con la exigencia, los empleadores que se encuentren en la situaci\u00f3n ya descrita deben ingresar a <span lang=\"ES\"><a href=\"http:\/\/www.direcciondeltrabajo.cl\/\" target=\"_blank\" rel=\"noopener noreferrer\"><span lang=\"ES-CL\">www.direcciondeltrabajo.cl<\/span><\/a><\/span> y luego, mediante Clave \u00danica si es persona natural, o a trav\u00e9s de su representante electr\u00f3nico laboral, si es persona jur\u00eddica, acceder a la plataforma MiDT.<\/p>\n<p class=\"v1MsoNormal\" style=\"text-align: justify;\">La directora regional del Trabajo, Victoria Sierra, explic\u00f3 c\u00f3mo realizar el tr\u00e1mite, \u00abDeben ingresar a la plataforma MiDT del sitio web <span lang=\"ES\"><a href=\"http:\/\/www.direcciondeltrabajo.cl\/\" target=\"_blank\" rel=\"noopener noreferrer\"><span lang=\"ES-CL\">www.direcciondeltrabajo.cl<\/span><\/a><\/span>. Ah\u00ed los empleadores\/as deben abrir su Registro Electr\u00f3nico Laboral (REL) y registrar todos los contratos de trabajo suscritos antes del 1 de octubre del a\u00f1o pasado, previa firma del trabajador o trabajadora. Debemos recordar que esto es un imperativo legal y que el REL es un repositorio personal de cada empleador, a cuya informaci\u00f3n alojada peri\u00f3dicamente all\u00ed solo tienen acceso el propio empleador y la DT. En este espacio est\u00e1n contenidos los contratos de trabajo, los anexos que puedan serle incorporados y tambi\u00e9n los t\u00e9rminos de la relaci\u00f3n laboral, incluyendo la alternativa del mutuo acuerdo entre las partes. Hacemos un llamado a los empleadores\/as a realizar con anticipaci\u00f3n este tr\u00e1mite y que cualquier duda que tengan, se contacten con nosotros a trav\u00e9s del correo electr\u00f3nico <span lang=\"ES\"><a href=\"mailto:upartesaysen@dt.gob.cl\" rel=\"noreferrer\"><span lang=\"ES-CL\">upartesaysen@dt.gob.cl<\/span><\/a><\/span>\u00ab, mencion\u00f3 la directora regional y Seremi(s) del Trabajo y Previsi\u00f3n Social.<\/p>\n<p class=\"v1MsoNormal\" style=\"text-align: justify;\">La obligaci\u00f3n legal de registrar electr\u00f3nicamente los contratos de trabajo est\u00e1 contemplada en la Ley N\u00b0 21.327, de Modernizaci\u00f3n de la DT, publicada en el Diario Oficial el 30 de abril de 2021.<\/p>\n<\/div>\n<\/div><\/section><\/div><div  style='height:50px' class='hr hr-invisible   avia-builder-el-6  el_after_av_one_full  el_before_av_social_share '><span class='hr-inner ' ><span class='hr-inner-style'><\/span><\/span><\/div><\/p>\n<div  class='av-social-sharing-box  avia-builder-el-7  el_after_av_hr  el_before_av_hr  '><div class='av-share-box'><h5 class='av-share-link-description av-no-toc '>Compartir esta noticia<\/h5><ul class='av-share-box-list noLightbox'><li class='av-share-link av-social-link-facebook' ><a target=\"_blank\" aria-label=\"Compartir en Facebook\" href='https:\/\/www.facebook.com\/sharer.php?u=https:\/\/radiorevelacionfm.cl\/?p=14677&#038;t=El%2030%20de%20abril%20vence%20plazo%20para%20que%20empleadores%20registren%20contratos%20de%20trabajo%20suscritos%20antes%20del%201%20de%20octubre%20de%202021' aria-hidden='false' data-av_icon='\ue8f3' data-av_iconfont='entypo-fontello' title='' data-avia-related-tooltip='Compartir en Facebook' rel=\"noopener\"><span class='avia_hidden_link_text'>Compartir en Facebook<\/span><\/a><\/li><li class='av-share-link av-social-link-twitter' ><a target=\"_blank\" aria-label=\"Compartir en Twitter\" href='https:\/\/twitter.com\/share?text=El%2030%20de%20abril%20vence%20plazo%20para%20que%20empleadores%20registren%20contratos%20de%20trabajo%20suscritos%20antes%20del%201%20de%20octubre%20de%202021&#038;url=https:\/\/radiorevelacionfm.cl\/?p=14677' aria-hidden='false' data-av_icon='\ue8f1' data-av_iconfont='entypo-fontello' title='' data-avia-related-tooltip='Compartir en Twitter' rel=\"noopener\"><span class='avia_hidden_link_text'>Compartir en Twitter<\/span><\/a><\/li><li class='av-share-link av-social-link-whatsapp' ><a target=\"_blank\" aria-label=\"Compartir en Whatsapp\" href='https:\/\/api.whatsapp.com\/send?text=https:\/\/radiorevelacionfm.cl\/?p=14677' aria-hidden='false' data-av_icon='\uf232' data-av_iconfont='entypo-fontello' title='' data-avia-related-tooltip='Compartir en Whatsapp' rel=\"noopener\"><span class='avia_hidden_link_text'>Compartir en Whatsapp<\/span><\/a><\/li><li class='av-share-link av-social-link-linkedin' ><a target=\"_blank\" aria-label=\"Compartir en LinkedIn\" href='https:\/\/linkedin.com\/shareArticle?mini=true&#038;title=El%2030%20de%20abril%20vence%20plazo%20para%20que%20empleadores%20registren%20contratos%20de%20trabajo%20suscritos%20antes%20del%201%20de%20octubre%20de%202021&#038;url=https:\/\/radiorevelacionfm.cl\/?p=14677' aria-hidden='false' data-av_icon='\ue8fc' data-av_iconfont='entypo-fontello' title='' data-avia-related-tooltip='Compartir en LinkedIn' rel=\"noopener\"><span class='avia_hidden_link_text'>Compartir en LinkedIn<\/span><\/a><\/li><li class='av-share-link av-social-link-mail' ><a  aria-label=\"Compartir por correo\" href='mailto:?subject=El%2030%20de%20abril%20vence%20plazo%20para%20que%20empleadores%20registren%20contratos%20de%20trabajo%20suscritos%20antes%20del%201%20de%20octubre%20de%202021&#038;body=https:\/\/radiorevelacionfm.cl\/?p=14677' aria-hidden='false' data-av_icon='\ue805' data-av_iconfont='entypo-fontello' title='' data-avia-related-tooltip='Compartir por correo'><span class='avia_hidden_link_text'>Compartir por correo<\/span><\/a><\/li><\/ul><\/div><\/div>\n<div  style='height:50px' class='hr hr-invisible   avia-builder-el-8  el_after_av_social_share  el_before_av_comments_list '><span class='hr-inner ' ><span class='hr-inner-style'><\/span><\/span><\/div>\n<div  class='av-buildercomment  av-blog-meta-html-info-disabled av-blog-meta-tag-disabled  '><\/div>\n","protected":false},"excerpt":{"rendered":"","protected":false},"author":1,"featured_media":14678,"comment_status":"open","ping_status":"open","sticky":false,"template":"","format":"standard","meta":{"footnotes":""},"categories":[56],"tags":[],"class_list":["post-14677","post","type-post","status-publish","format-standard","has-post-thumbnail","hentry","category-trabajo"],"jetpack_featured_media_url":"https:\/\/radiorevelacionfm.cl\/wp-content\/uploads\/2022\/03\/Fotografia-tipo-2-2-2.jpg","_links":{"self":[{"href":"https:\/\/radiorevelacionfm.cl\/index.php?rest_route=\/wp\/v2\/posts\/14677","targetHints":{"allow":["GET"]}}],"collection":[{"href":"https:\/\/radiorevelacionfm.cl\/index.php?rest_route=\/wp\/v2\/posts"}],"about":[{"href":"https:\/\/radiorevelacionfm.cl\/index.php?rest_route=\/wp\/v2\/types\/post"}],"author":[{"embeddable":true,"href":"https:\/\/radiorevelacionfm.cl\/index.php?rest_route=\/wp\/v2\/users\/1"}],"replies":[{"embeddable":true,"href":"https:\/\/radiorevelacionfm.cl\/index.php?rest_route=%2Fwp%2Fv2%2Fcomments&post=14677"}],"version-history":[{"count":2,"href":"https:\/\/radiorevelacionfm.cl\/index.php?rest_route=\/wp\/v2\/posts\/14677\/revisions"}],"predecessor-version":[{"id":14695,"href":"https:\/\/radiorevelacionfm.cl\/index.php?rest_route=\/wp\/v2\/posts\/14677\/revisions\/14695"}],"wp:featuredmedia":[{"embeddable":true,"href":"https:\/\/radiorevelacionfm.cl\/index.php?rest_route=\/wp\/v2\/media\/14678"}],"wp:attachment":[{"href":"https:\/\/radiorevelacionfm.cl\/index.php?rest_route=%2Fwp%2Fv2%2Fmedia&parent=14677"}],"wp:term":[{"taxonomy":"category","embeddable":true,"href":"https:\/\/radiorevelacionfm.cl\/index.php?rest_route=%2Fwp%2Fv2%2Fcategories&post=14677"},{"taxonomy":"post_tag","embeddable":true,"href":"https:\/\/radiorevelacionfm.cl\/index.php?rest_route=%2Fwp%2Fv2%2Ftags&post=14677"}],"curies":[{"name":"wp","href":"https:\/\/api.w.org\/{rel}","templated":true}]}}