{"id":14674,"date":"2022-03-16T14:31:42","date_gmt":"2022-03-16T17:31:42","guid":{"rendered":"https:\/\/radiorevelacionfm.cl\/?p=14674"},"modified":"2022-03-16T14:31:42","modified_gmt":"2022-03-16T17:31:42","slug":"la-presencialidad-marco-la-bienvenida-de-la-generacion-2022-de-la-uaysen","status":"publish","type":"post","link":"https:\/\/radiorevelacionfm.cl\/?p=14674","title":{"rendered":"La presencialidad marc\u00f3 la bienvenida de la Generaci\u00f3n 2022 de la UAys\u00e9n"},"content":{"rendered":"<div class=\"flex_column av_one_full  flex_column_div av-zero-column-padding first  avia-builder-el-0  el_before_av_one_full  avia-builder-el-first  \" style='border-radius:0px; '><div  class='avia-image-container  av-styling-    avia-builder-el-1  avia-builder-el-no-sibling  avia-align-center '  itemprop=\"image\" itemscope=\"itemscope\" itemtype=\"https:\/\/schema.org\/ImageObject\"  ><div class='avia-image-container-inner'><div class='avia-image-overlay-wrap'><img decoding=\"async\" class='wp-image-14675 avia-img-lazy-loading-not-14675 avia_image' src=\"https:\/\/radiorevelacionfm.cl\/wp-content\/uploads\/2022\/03\/bienvenida-psicologia-1-2_optimized.jpg\" alt='' title='bienvenida-psicolog\u00eda-1-2_optimized' height=\"600\" width=\"898\"  itemprop=\"thumbnailUrl\" srcset=\"https:\/\/radiorevelacionfm.cl\/wp-content\/uploads\/2022\/03\/bienvenida-psicologia-1-2_optimized.jpg 898w, https:\/\/radiorevelacionfm.cl\/wp-content\/uploads\/2022\/03\/bienvenida-psicologia-1-2_optimized-300x200.jpg 300w, https:\/\/radiorevelacionfm.cl\/wp-content\/uploads\/2022\/03\/bienvenida-psicologia-1-2_optimized-768x513.jpg 768w, https:\/\/radiorevelacionfm.cl\/wp-content\/uploads\/2022\/03\/bienvenida-psicologia-1-2_optimized-705x471.jpg 705w, https:\/\/radiorevelacionfm.cl\/wp-content\/uploads\/2022\/03\/bienvenida-psicologia-1-2_optimized-600x401.jpg 600w\" sizes=\"(max-width: 898px) 100vw, 898px\" \/><\/div><\/div><\/div><\/div><div class=\"flex_column av_one_full  flex_column_div av-zero-column-padding first  avia-builder-el-2  el_after_av_one_full  el_before_av_one_full  column-top-margin\" style='border-radius:0px; '><section class=\"av_textblock_section \"  itemscope=\"itemscope\" itemtype=\"https:\/\/schema.org\/BlogPosting\" itemprop=\"blogPost\" ><div class='avia_textblock  '   itemprop=\"text\" ><p style=\"text-align: center;\"><span style=\"font-size: 18pt;\"><strong>La presencialidad marc\u00f3 la bienvenida de la Generaci\u00f3n 2022 de la UAys\u00e9n<\/strong><\/span><\/p>\n<div id=\"gtx-trans\" style=\"position: absolute; left: -50px; top: 4.31534px;\">\n<div class=\"gtx-trans-icon\"><\/div>\n<\/div>\n<\/div><\/section><\/div><div class=\"flex_column av_one_full  flex_column_div av-zero-column-padding first  avia-builder-el-4  el_after_av_one_full  el_before_av_hr  column-top-margin\" style='border-radius:0px; '><section class=\"av_textblock_section \"  itemscope=\"itemscope\" itemtype=\"https:\/\/schema.org\/BlogPosting\" itemprop=\"blogPost\" ><div class='avia_textblock  '   itemprop=\"text\" ><p style=\"text-align: justify;\">Transcurridos m\u00e1s de 2 a\u00f1os desde que el COVID 19 alter\u00f3 la normalidad de todo el mundo, las autoridades, acad\u00e9micos y acad\u00e9micas, funcionarios y funcionarias del plantel universitario recibieron en forma presencial a los 155 matriculados de las ocho carreras que imparte la casa de estudios superiores.<\/p>\n<p style=\"text-align: justify;\">Con aforos limitados y las medidas sanitarias correspondientes, los nuevos y nuevas estudiantes de Trabajo Social, Ingenier\u00eda Civil Industrial, Ingenier\u00eda Civil en Inform\u00e1tica, Ingenier\u00eda Forestal, Agronom\u00eda, Psicolog\u00eda, Enfermer\u00eda y Obstetricia fueron recibidos en una carpa instalada al interior del Campus Simpson por la rectora, Natacha Pino Acu\u00f1a.<\/p>\n<p style=\"text-align: justify;\">La rectora Pino se\u00f1al\u00f3 que \u201cera muy importante conocernos, compartir, darles nuestro saludo de bienvenida. Nos alegramos mucho que sean parte de la Universidad de Ays\u00e9n y que desde el primer momento se sientan parte de nuestra comunidad. La invitaci\u00f3n es a que conozcan a sus compa\u00f1eros y compa\u00f1eras, a sus profesores, jefes de carrera y en conjunto con el equipo de Acompa\u00f1amiento acad\u00e9mico comiencen a vivir esta vida universitaria que es muy distinta,\u00a0 con muchos desaf\u00edos y que puedan surfear por aquellos temores y miedos. Bienvenidos y bienvenidas a la generaci\u00f3n 2022\u201d.<\/p>\n<p style=\"text-align: justify;\">Uno de los aspectos m\u00e1s destacados de este a\u00f1o es que el 93 por ciento de los matriculados y matriculadas declararon residir en la Regi\u00f3n de Ays\u00e9n, mientras que el 7 por ciento de quienes optaron por formar parte de esta comunidad universitaria provienen de Iquique, Valpara\u00edso, Quilpu\u00e9, Copiap\u00f3, y Santiago, entre otras comunas del pa\u00eds.<\/p>\n<p style=\"text-align: justify;\">Una de ellas es Valentina Bravo, estudiante de Obstetricia proveniente de Alto Hospicio, de la Regi\u00f3n de Tarapac\u00e1. \u00c9sta t\u00e9cnico en enfermer\u00eda decidi\u00f3 matricularse en la UAys\u00e9n primero porque la carrera no la imparten en Iquique (ciudad ubicada a 15 minutos en auto de su hogar) y \u201cac\u00e1 es mucho m\u00e1s tranquilo\u201d en alusi\u00f3n a la escalada de violencia que se registra actualmente en su comuna.<\/p>\n<p style=\"text-align: justify;\">La nueva estudiante, quien fue acompa\u00f1ada por sus padres a conocer y ver el lugar donde estudia y vive , dice que se sinti\u00f3 muy c\u00f3moda en la ceremonia de bienvenida\u00a0 y le llam\u00f3 mucho la atenci\u00f3n el origen de la universidad. \u201cMe enter\u00e9 de la historia que hay\u00a0 detr\u00e1s de la creaci\u00f3n de la universidad. La gente exig\u00eda una universidad porque ac\u00e1 no hab\u00eda\u201d, coment\u00f3.<\/p>\n<p style=\"text-align: justify;\">Otra de quienes se integr\u00f3 este 2022 fue Viviana C\u00e9spedes, oriunda de Coyhaique, quien est\u00e1 matriculada en Psicolog\u00eda y que tendr\u00e1 entre sus compa\u00f1eras a su hija tambi\u00e9n llamada Viviana. \u201cEl a\u00f1o pasado mi hija sac\u00f3 la gratuidad y ella insisti\u00f3 en que diera la PTU para ingresar\u201c as\u00ed rememora el apoyo de su progenitora\u00a0 cuando decidi\u00f3 postular.<\/p>\n<p style=\"text-align: justify;\">Viviana confiesa estar ansiosa de iniciar las clases, sin embargo, \u201cme encantar\u00eda ser solo estudiante pero soy mam\u00e1 y adem\u00e1s de mi hija que estudia ac\u00e1, tengo un hijo de 7 a\u00f1os que tiene autismo, lo que me impuls\u00f3 a optar por esta carrera. En esta regi\u00f3n el tema del apoyo bajo condiciones distintas es carente\u201d.<\/p>\n<p style=\"text-align: justify;\">En materia de G\u00e9nero, del\u00a0 total de\u00a0 160 nuevos y nuevas estudiantes,\u00a0 el 65 por ciento son mujeres y el 35 por ciento\u00a0 hombres.<\/p>\n<\/div><\/section><\/div><div  style='height:50px' class='hr hr-invisible   avia-builder-el-6  el_after_av_one_full  el_before_av_social_share '><span class='hr-inner ' ><span class='hr-inner-style'><\/span><\/span><\/div><\/p>\n<div  class='av-social-sharing-box  avia-builder-el-7  el_after_av_hr  el_before_av_hr  '><div class='av-share-box'><h5 class='av-share-link-description av-no-toc '>Compartir esta noticia<\/h5><ul class='av-share-box-list noLightbox'><li class='av-share-link av-social-link-facebook' ><a target=\"_blank\" aria-label=\"Compartir en Facebook\" href='https:\/\/www.facebook.com\/sharer.php?u=https:\/\/radiorevelacionfm.cl\/?p=14674&#038;t=La%20presencialidad%20marc%C3%B3%20la%20bienvenida%20de%20la%20Generaci%C3%B3n%202022%20de%20la%20UAys%C3%A9n' aria-hidden='false' data-av_icon='\ue8f3' data-av_iconfont='entypo-fontello' title='' data-avia-related-tooltip='Compartir en Facebook' rel=\"noopener\"><span class='avia_hidden_link_text'>Compartir en Facebook<\/span><\/a><\/li><li class='av-share-link av-social-link-twitter' ><a target=\"_blank\" aria-label=\"Compartir en Twitter\" href='https:\/\/twitter.com\/share?text=La%20presencialidad%20marc%C3%B3%20la%20bienvenida%20de%20la%20Generaci%C3%B3n%202022%20de%20la%20UAys%C3%A9n&#038;url=https:\/\/radiorevelacionfm.cl\/?p=14674' aria-hidden='false' data-av_icon='\ue8f1' data-av_iconfont='entypo-fontello' title='' data-avia-related-tooltip='Compartir en Twitter' rel=\"noopener\"><span class='avia_hidden_link_text'>Compartir en Twitter<\/span><\/a><\/li><li class='av-share-link av-social-link-whatsapp' ><a target=\"_blank\" aria-label=\"Compartir en Whatsapp\" href='https:\/\/api.whatsapp.com\/send?text=https:\/\/radiorevelacionfm.cl\/?p=14674' aria-hidden='false' data-av_icon='\uf232' data-av_iconfont='entypo-fontello' title='' data-avia-related-tooltip='Compartir en Whatsapp' rel=\"noopener\"><span class='avia_hidden_link_text'>Compartir en Whatsapp<\/span><\/a><\/li><li class='av-share-link av-social-link-linkedin' ><a target=\"_blank\" aria-label=\"Compartir en LinkedIn\" href='https:\/\/linkedin.com\/shareArticle?mini=true&#038;title=La%20presencialidad%20marc%C3%B3%20la%20bienvenida%20de%20la%20Generaci%C3%B3n%202022%20de%20la%20UAys%C3%A9n&#038;url=https:\/\/radiorevelacionfm.cl\/?p=14674' aria-hidden='false' data-av_icon='\ue8fc' data-av_iconfont='entypo-fontello' title='' data-avia-related-tooltip='Compartir en LinkedIn' rel=\"noopener\"><span class='avia_hidden_link_text'>Compartir en LinkedIn<\/span><\/a><\/li><li class='av-share-link av-social-link-mail' ><a  aria-label=\"Compartir por correo\" href='mailto:?subject=La%20presencialidad%20marc%C3%B3%20la%20bienvenida%20de%20la%20Generaci%C3%B3n%202022%20de%20la%20UAys%C3%A9n&#038;body=https:\/\/radiorevelacionfm.cl\/?p=14674' aria-hidden='false' data-av_icon='\ue805' data-av_iconfont='entypo-fontello' title='' data-avia-related-tooltip='Compartir por correo'><span class='avia_hidden_link_text'>Compartir por correo<\/span><\/a><\/li><\/ul><\/div><\/div>\n<div  style='height:50px' class='hr hr-invisible   avia-builder-el-8  el_after_av_social_share  el_before_av_comments_list '><span class='hr-inner ' ><span class='hr-inner-style'><\/span><\/span><\/div>\n<div  class='av-buildercomment  av-blog-meta-html-info-disabled av-blog-meta-tag-disabled  '><\/div>\n","protected":false},"excerpt":{"rendered":"","protected":false},"author":1,"featured_media":14675,"comment_status":"open","ping_status":"open","sticky":false,"template":"","format":"standard","meta":{"footnotes":""},"categories":[49],"tags":[],"class_list":["post-14674","post","type-post","status-publish","format-standard","has-post-thumbnail","hentry","category-educacion"],"jetpack_featured_media_url":"https:\/\/radiorevelacionfm.cl\/wp-content\/uploads\/2022\/03\/bienvenida-psicologia-1-2_optimized.jpg","_links":{"self":[{"href":"https:\/\/radiorevelacionfm.cl\/index.php?rest_route=\/wp\/v2\/posts\/14674","targetHints":{"allow":["GET"]}}],"collection":[{"href":"https:\/\/radiorevelacionfm.cl\/index.php?rest_route=\/wp\/v2\/posts"}],"about":[{"href":"https:\/\/radiorevelacionfm.cl\/index.php?rest_route=\/wp\/v2\/types\/post"}],"author":[{"embeddable":true,"href":"https:\/\/radiorevelacionfm.cl\/index.php?rest_route=\/wp\/v2\/users\/1"}],"replies":[{"embeddable":true,"href":"https:\/\/radiorevelacionfm.cl\/index.php?rest_route=%2Fwp%2Fv2%2Fcomments&post=14674"}],"version-history":[{"count":2,"href":"https:\/\/radiorevelacionfm.cl\/index.php?rest_route=\/wp\/v2\/posts\/14674\/revisions"}],"predecessor-version":[{"id":14729,"href":"https:\/\/radiorevelacionfm.cl\/index.php?rest_route=\/wp\/v2\/posts\/14674\/revisions\/14729"}],"wp:featuredmedia":[{"embeddable":true,"href":"https:\/\/radiorevelacionfm.cl\/index.php?rest_route=\/wp\/v2\/media\/14675"}],"wp:attachment":[{"href":"https:\/\/radiorevelacionfm.cl\/index.php?rest_route=%2Fwp%2Fv2%2Fmedia&parent=14674"}],"wp:term":[{"taxonomy":"category","embeddable":true,"href":"https:\/\/radiorevelacionfm.cl\/index.php?rest_route=%2Fwp%2Fv2%2Fcategories&post=14674"},{"taxonomy":"post_tag","embeddable":true,"href":"https:\/\/radiorevelacionfm.cl\/index.php?rest_route=%2Fwp%2Fv2%2Ftags&post=14674"}],"curies":[{"name":"wp","href":"https:\/\/api.w.org\/{rel}","templated":true}]}}