{"id":14623,"date":"2022-03-15T09:38:16","date_gmt":"2022-03-15T12:38:16","guid":{"rendered":"https:\/\/radiorevelacionfm.cl\/?p=14623"},"modified":"2022-03-15T09:38:16","modified_gmt":"2022-03-15T12:38:16","slug":"detienen-a-dos-personas-por-danos-amenazas-y-porte-de-arma-cortante-y-ubican-a-nina-desaparecida-durante-el-fin-de-semana-en-puerto-aysen","status":"publish","type":"post","link":"https:\/\/radiorevelacionfm.cl\/?p=14623","title":{"rendered":"Detienen a dos personas por da\u00f1os, amenazas y porte de arma cortante y ubican a ni\u00f1a desaparecida durante el fin de semana en Puerto Ays\u00e9n"},"content":{"rendered":"<div class=\"flex_column av_one_full  flex_column_div av-zero-column-padding first  avia-builder-el-0  el_before_av_one_full  avia-builder-el-first  \" style='border-radius:0px; '><div  class='avia-image-container  av-styling-    avia-builder-el-1  avia-builder-el-no-sibling  avia-align-center '  itemprop=\"image\" itemscope=\"itemscope\" itemtype=\"https:\/\/schema.org\/ImageObject\"  ><div class='avia-image-container-inner'><div class='avia-image-overlay-wrap'><img decoding=\"async\" class='wp-image-14624 avia-img-lazy-loading-not-14624 avia_image' src=\"https:\/\/radiorevelacionfm.cl\/wp-content\/uploads\/2022\/03\/Evidencia-evidencia-fin-de-semana-PROAYS-002-2-2.jpeg\" alt='' title='Evidencia evidencia fin de semana PROAYS 002-2-2' height=\"600\" width=\"1067\"  itemprop=\"thumbnailUrl\" srcset=\"https:\/\/radiorevelacionfm.cl\/wp-content\/uploads\/2022\/03\/Evidencia-evidencia-fin-de-semana-PROAYS-002-2-2.jpeg 1067w, https:\/\/radiorevelacionfm.cl\/wp-content\/uploads\/2022\/03\/Evidencia-evidencia-fin-de-semana-PROAYS-002-2-2-300x169.jpeg 300w, https:\/\/radiorevelacionfm.cl\/wp-content\/uploads\/2022\/03\/Evidencia-evidencia-fin-de-semana-PROAYS-002-2-2-1030x579.jpeg 1030w, https:\/\/radiorevelacionfm.cl\/wp-content\/uploads\/2022\/03\/Evidencia-evidencia-fin-de-semana-PROAYS-002-2-2-768x432.jpeg 768w, https:\/\/radiorevelacionfm.cl\/wp-content\/uploads\/2022\/03\/Evidencia-evidencia-fin-de-semana-PROAYS-002-2-2-705x396.jpeg 705w, https:\/\/radiorevelacionfm.cl\/wp-content\/uploads\/2022\/03\/Evidencia-evidencia-fin-de-semana-PROAYS-002-2-2-600x337.jpeg 600w\" sizes=\"(max-width: 1067px) 100vw, 1067px\" \/><\/div><\/div><\/div><\/div><div class=\"flex_column av_one_full  flex_column_div av-zero-column-padding first  avia-builder-el-2  el_after_av_one_full  el_before_av_one_full  column-top-margin\" style='border-radius:0px; '><section class=\"av_textblock_section \"  itemscope=\"itemscope\" itemtype=\"https:\/\/schema.org\/BlogPosting\" itemprop=\"blogPost\" ><div class='avia_textblock  '   itemprop=\"text\" ><p style=\"text-align: center;\"><span style=\"font-size: 18pt;\"><strong>Detienen a dos personas por da\u00f1os, amenazas y porte de arma cortante y ubican a ni\u00f1a desaparecida durante el fin de semana en Puerto Ays\u00e9n<\/strong><\/span><\/p>\n<div id=\"gtx-trans\" style=\"position: absolute; left: -50px; top: 4.31534px;\">\n<div class=\"gtx-trans-icon\"><\/div>\n<\/div>\n<\/div><\/section><\/div><div class=\"flex_column av_one_full  flex_column_div av-zero-column-padding first  avia-builder-el-4  el_after_av_one_full  el_before_av_hr  column-top-margin\" style='border-radius:0px; '><section class=\"av_textblock_section \"  itemscope=\"itemscope\" itemtype=\"https:\/\/schema.org\/BlogPosting\" itemprop=\"blogPost\" ><div class='avia_textblock  '   itemprop=\"text\" ><p style=\"text-align: justify;\">Tres procedimientos policiales adoptaron los detectives de la Prefectura Provincial Ays\u00e9n de la Polic\u00eda de Investigaciones de Chile, en coordinaci\u00f3n con el Ministerio P\u00fablico, durante este fin de semana en la ciudad de Puerto Ays\u00e9n, se trat\u00f3 de dos detenciones flagrantes, una por el delito de da\u00f1os y otra por los delitos de amenazas y porte de arma cortante, y la ubicaci\u00f3n de una ni\u00f1a de 12 a\u00f1os que se encontraba desaparecida desde el d\u00eda s\u00e1bado en horas de la noche.<\/p>\n<p style=\"text-align: justify;\"><strong>Da\u00f1os<\/strong><\/p>\n<p style=\"text-align: justify;\">Sobre la diligencia policial en torno al delito de da\u00f1os, el jefe de Servicio de Ays\u00e9n, subcomisario Hans Suazo, se\u00f1al\u00f3 que \u201cuna persona de sexo masculino concurre a realizar una denuncia, indicando que momentos antes hab\u00eda tenido una discusi\u00f3n mientras transitaba en su veh\u00edculo particular con el conductor de otro m\u00f3vil, descendiendo de este una mujer quien, sin explicaci\u00f3n alguna, habr\u00eda causado da\u00f1os en uno de los espejos del veh\u00edculo. A ra\u00edz de esto, se efectuaron las primeras diligencias por personal de turno de la PDI, logrando ubicar a esta persona y procediendo a su detenci\u00f3n por el delito flagrante de da\u00f1os\u201d.<\/p>\n<p style=\"text-align: justify;\">Tras informar los antecedentes al Ministerio P\u00fablico, Jos\u00e9 Luis Palominos, fiscal subrogante de Ays\u00e9n, instruy\u00f3 a la PDI \u201cel desarrollo de diversas diligencias, logrando materializar la detenci\u00f3n de la imputada y, posteriormente, en atenci\u00f3n a las particularidades propias del caso, se opt\u00f3 por dejarla apercibida conforme al art\u00edculo 26 del C\u00f3digo Procesal Penal\u201d.<\/p>\n<p style=\"text-align: justify;\"><strong>Amenazas y porte de arma cortante<\/strong><\/p>\n<p style=\"text-align: justify;\">En torno a otro de los hechos ocurridos durante el fin de semana, el subcomisario Hans Suazo, detall\u00f3 que \u201cse contacta al nivel de emergencia 134, una mujer quien resid\u00eda en la ruta Ays\u00e9n-Chacabuco, indicando que un vecino habr\u00eda ingresado a su inmueble sin su autorizaci\u00f3n, portando un arma cortante del tipo machete, con claras intenciones de agredirla, esto al parecer por problemas que mantendr\u00edan con anterioridad y que no ser\u00eda la primera vez que esta persona habr\u00eda ingresado al inmueble\u201d.<\/p>\n<p style=\"text-align: justify;\">El jefe de servicio de la provincia de Ays\u00e9n, indic\u00f3 que \u201cdetectives de turno de la PDI se trasladan hasta el sector y al momento de ingresar al domicilio escuchan gritos de auxilio por parte de la denunciante y por otro lado se observa que la pareja de esta forcejea con el sujeto, ante lo cual los detectives proceden a detener a la persona por el delito de amenazas y porte de arma cortante\u201d.<\/p>\n<p style=\"text-align: justify;\">Gracias al trabajo coordinado con la Fiscal\u00eda local, el imputado fue puesto a disposici\u00f3n del Juzgado de Garant\u00eda de la ciudad. Sobre la audiencia, el fiscal Jos\u00e9 Luis Palominos agreg\u00f3 que \u201cpas\u00f3 a audiencia de control de detenci\u00f3n el d\u00eda domingo 13 de marzo, materializ\u00e1ndose la formalizaci\u00f3n del mismo, quedando con la medida cautelar de prohibici\u00f3n de acercarse a las v\u00edctimas y su domicilio\u201d.<\/p>\n<p style=\"text-align: justify;\"><strong>Presunta desgracia<\/strong><\/p>\n<p style=\"text-align: justify;\">Por otro lado, durante el domingo \u201cuna mujer denuncia que su hija de 12 a\u00f1os, por situaciones familiares, el d\u00eda s\u00e1bado alrededor de las 23:00 horas habr\u00eda salido del inmueble que habitan en Puerto Ays\u00e9n, sin hasta el momento saber de su paradero, ignorando d\u00f3nde podr\u00eda estar qued\u00e1ndose. A ra\u00edz de esto, los detectives realizaron las diligencias para ubicar a la ni\u00f1a, concurriendo a diferentes lugares de la comuna, fue as\u00ed que en horas de la noche del domingo se logr\u00f3 ubicarla deambulando por la ciudad, siendo trasladada al Hospital junto a un familiar para constatar su estado de salud. En coordinaci\u00f3n con el fiscal de turno, se procedi\u00f3 a hacer entrega de la ni\u00f1a a su madre\u201d, expres\u00f3 el jefe de Servicio de Puerto Ays\u00e9n, subcomisario Hans Suazo.<\/p>\n<p style=\"text-align: justify;\">Finalmente, el detective realiz\u00f3 un llamado a la ciudadan\u00eda a \u201ccontactarse con la PDI, al nivel de emergencia 134 o directamente en los complejos policiales, en la eventualidad que est\u00e9n siendo v\u00edctimas de alg\u00fan delito o que est\u00e9n en presencia de alg\u00fan hecho constitutivo de delito en la comuna de Puerto Ays\u00e9n\u201d.<\/p>\n<\/div><\/section><\/div><div  style='height:50px' class='hr hr-invisible   avia-builder-el-6  el_after_av_one_full  el_before_av_social_share '><span class='hr-inner ' ><span class='hr-inner-style'><\/span><\/span><\/div><\/p>\n<div  class='av-social-sharing-box  avia-builder-el-7  el_after_av_hr  el_before_av_hr  '><div class='av-share-box'><h5 class='av-share-link-description av-no-toc '>Compartir esta noticia<\/h5><ul class='av-share-box-list noLightbox'><li class='av-share-link av-social-link-facebook' ><a target=\"_blank\" aria-label=\"Compartir en Facebook\" href='https:\/\/www.facebook.com\/sharer.php?u=https:\/\/radiorevelacionfm.cl\/?p=14623&#038;t=Detienen%20a%20dos%20personas%20por%20da%C3%B1os%2C%20amenazas%20y%20porte%20de%20arma%20cortante%20y%20ubican%20a%20ni%C3%B1a%20desaparecida%20durante%20el%20fin%20de%20semana%20en%20Puerto%20Ays%C3%A9n' aria-hidden='false' data-av_icon='\ue8f3' data-av_iconfont='entypo-fontello' title='' data-avia-related-tooltip='Compartir en Facebook' rel=\"noopener\"><span class='avia_hidden_link_text'>Compartir en Facebook<\/span><\/a><\/li><li class='av-share-link av-social-link-twitter' ><a target=\"_blank\" aria-label=\"Compartir en Twitter\" href='https:\/\/twitter.com\/share?text=Detienen%20a%20dos%20personas%20por%20da%C3%B1os%2C%20amenazas%20y%20porte%20de%20arma%20cortante%20y%20ubican%20a%20ni%C3%B1a%20desaparecida%20durante%20el%20fin%20de%20semana%20en%20Puerto%20Ays%C3%A9n&#038;url=https:\/\/radiorevelacionfm.cl\/?p=14623' aria-hidden='false' data-av_icon='\ue8f1' data-av_iconfont='entypo-fontello' title='' data-avia-related-tooltip='Compartir en Twitter' rel=\"noopener\"><span class='avia_hidden_link_text'>Compartir en Twitter<\/span><\/a><\/li><li class='av-share-link av-social-link-whatsapp' ><a target=\"_blank\" aria-label=\"Compartir en Whatsapp\" href='https:\/\/api.whatsapp.com\/send?text=https:\/\/radiorevelacionfm.cl\/?p=14623' aria-hidden='false' data-av_icon='\uf232' data-av_iconfont='entypo-fontello' title='' data-avia-related-tooltip='Compartir en Whatsapp' rel=\"noopener\"><span class='avia_hidden_link_text'>Compartir en Whatsapp<\/span><\/a><\/li><li class='av-share-link av-social-link-linkedin' ><a target=\"_blank\" aria-label=\"Compartir en LinkedIn\" href='https:\/\/linkedin.com\/shareArticle?mini=true&#038;title=Detienen%20a%20dos%20personas%20por%20da%C3%B1os%2C%20amenazas%20y%20porte%20de%20arma%20cortante%20y%20ubican%20a%20ni%C3%B1a%20desaparecida%20durante%20el%20fin%20de%20semana%20en%20Puerto%20Ays%C3%A9n&#038;url=https:\/\/radiorevelacionfm.cl\/?p=14623' aria-hidden='false' data-av_icon='\ue8fc' data-av_iconfont='entypo-fontello' title='' data-avia-related-tooltip='Compartir en LinkedIn' rel=\"noopener\"><span class='avia_hidden_link_text'>Compartir en LinkedIn<\/span><\/a><\/li><li class='av-share-link av-social-link-mail' ><a  aria-label=\"Compartir por correo\" href='mailto:?subject=Detienen%20a%20dos%20personas%20por%20da%C3%B1os%2C%20amenazas%20y%20porte%20de%20arma%20cortante%20y%20ubican%20a%20ni%C3%B1a%20desaparecida%20durante%20el%20fin%20de%20semana%20en%20Puerto%20Ays%C3%A9n&#038;body=https:\/\/radiorevelacionfm.cl\/?p=14623' aria-hidden='false' data-av_icon='\ue805' data-av_iconfont='entypo-fontello' title='' data-avia-related-tooltip='Compartir por correo'><span class='avia_hidden_link_text'>Compartir por correo<\/span><\/a><\/li><\/ul><\/div><\/div>\n<div  style='height:50px' class='hr hr-invisible   avia-builder-el-8  el_after_av_social_share  el_before_av_comments_list '><span class='hr-inner ' ><span class='hr-inner-style'><\/span><\/span><\/div>\n<div  class='av-buildercomment  av-blog-meta-html-info-disabled av-blog-meta-tag-disabled  '><\/div>\n","protected":false},"excerpt":{"rendered":"","protected":false},"author":1,"featured_media":14624,"comment_status":"open","ping_status":"open","sticky":false,"template":"","format":"standard","meta":{"footnotes":""},"categories":[36],"tags":[],"class_list":["post-14623","post","type-post","status-publish","format-standard","has-post-thumbnail","hentry","category-policial"],"jetpack_featured_media_url":"https:\/\/radiorevelacionfm.cl\/wp-content\/uploads\/2022\/03\/Evidencia-evidencia-fin-de-semana-PROAYS-002-2-2.jpeg","_links":{"self":[{"href":"https:\/\/radiorevelacionfm.cl\/index.php?rest_route=\/wp\/v2\/posts\/14623","targetHints":{"allow":["GET"]}}],"collection":[{"href":"https:\/\/radiorevelacionfm.cl\/index.php?rest_route=\/wp\/v2\/posts"}],"about":[{"href":"https:\/\/radiorevelacionfm.cl\/index.php?rest_route=\/wp\/v2\/types\/post"}],"author":[{"embeddable":true,"href":"https:\/\/radiorevelacionfm.cl\/index.php?rest_route=\/wp\/v2\/users\/1"}],"replies":[{"embeddable":true,"href":"https:\/\/radiorevelacionfm.cl\/index.php?rest_route=%2Fwp%2Fv2%2Fcomments&post=14623"}],"version-history":[{"count":2,"href":"https:\/\/radiorevelacionfm.cl\/index.php?rest_route=\/wp\/v2\/posts\/14623\/revisions"}],"predecessor-version":[{"id":14626,"href":"https:\/\/radiorevelacionfm.cl\/index.php?rest_route=\/wp\/v2\/posts\/14623\/revisions\/14626"}],"wp:featuredmedia":[{"embeddable":true,"href":"https:\/\/radiorevelacionfm.cl\/index.php?rest_route=\/wp\/v2\/media\/14624"}],"wp:attachment":[{"href":"https:\/\/radiorevelacionfm.cl\/index.php?rest_route=%2Fwp%2Fv2%2Fmedia&parent=14623"}],"wp:term":[{"taxonomy":"category","embeddable":true,"href":"https:\/\/radiorevelacionfm.cl\/index.php?rest_route=%2Fwp%2Fv2%2Fcategories&post=14623"},{"taxonomy":"post_tag","embeddable":true,"href":"https:\/\/radiorevelacionfm.cl\/index.php?rest_route=%2Fwp%2Fv2%2Ftags&post=14623"}],"curies":[{"name":"wp","href":"https:\/\/api.w.org\/{rel}","templated":true}]}}