{"id":14551,"date":"2022-03-11T16:21:28","date_gmt":"2022-03-11T19:21:28","guid":{"rendered":"https:\/\/radiorevelacionfm.cl\/?p=14551"},"modified":"2022-03-11T16:21:28","modified_gmt":"2022-03-11T19:21:28","slug":"reconocen-labor-de-dirigentas-e-integrantes-de-jj-vv-de-barrios-prioritarios-en-marco-del-dia-internacional-de-la-mujer","status":"publish","type":"post","link":"https:\/\/radiorevelacionfm.cl\/?p=14551","title":{"rendered":"Reconocen labor de dirigentas e integrantes de JJ.VV. de Barrios Prioritarios en marco del D\u00eda Internacional de la Mujer"},"content":{"rendered":"<div class=\"flex_column av_one_full  flex_column_div av-zero-column-padding first  avia-builder-el-0  el_before_av_one_full  avia-builder-el-first  \" style='border-radius:0px; '><div  class='avia-image-container  av-styling-    avia-builder-el-1  avia-builder-el-no-sibling  avia-align-center '  itemprop=\"image\" itemscope=\"itemscope\" itemtype=\"https:\/\/schema.org\/ImageObject\"  ><div class='avia-image-container-inner'><div class='avia-image-overlay-wrap'><img decoding=\"async\" class='wp-image-14552 avia-img-lazy-loading-not-14552 avia_image' src=\"https:\/\/radiorevelacionfm.cl\/wp-content\/uploads\/2022\/03\/image-80_optimized.jpg\" alt='' title='image-80_optimized' height=\"600\" width=\"860\"  itemprop=\"thumbnailUrl\" srcset=\"https:\/\/radiorevelacionfm.cl\/wp-content\/uploads\/2022\/03\/image-80_optimized.jpg 860w, https:\/\/radiorevelacionfm.cl\/wp-content\/uploads\/2022\/03\/image-80_optimized-300x209.jpg 300w, https:\/\/radiorevelacionfm.cl\/wp-content\/uploads\/2022\/03\/image-80_optimized-768x536.jpg 768w, https:\/\/radiorevelacionfm.cl\/wp-content\/uploads\/2022\/03\/image-80_optimized-705x492.jpg 705w, https:\/\/radiorevelacionfm.cl\/wp-content\/uploads\/2022\/03\/image-80_optimized-600x419.jpg 600w\" sizes=\"(max-width: 860px) 100vw, 860px\" \/><\/div><\/div><\/div><\/div><div class=\"flex_column av_one_full  flex_column_div av-zero-column-padding first  avia-builder-el-2  el_after_av_one_full  el_before_av_one_full  column-top-margin\" style='border-radius:0px; '><section class=\"av_textblock_section \"  itemscope=\"itemscope\" itemtype=\"https:\/\/schema.org\/BlogPosting\" itemprop=\"blogPost\" ><div class='avia_textblock  '   itemprop=\"text\" ><p style=\"text-align: center;\"><span style=\"font-size: 18pt;\"><strong>Reconocen labor de dirigentas e integrantes de JJ.VV. de Barrios Prioritarios en marco del D\u00eda Internacional de la Mujer<\/strong><\/span><\/p>\n<div id=\"gtx-trans\" style=\"position: absolute; left: -50px; top: 4.31534px;\">\n<div class=\"gtx-trans-icon\"><\/div>\n<\/div>\n<\/div><\/section><\/div><div class=\"flex_column av_one_full  flex_column_div av-zero-column-padding first  avia-builder-el-4  el_after_av_one_full  el_before_av_hr  column-top-margin\" style='border-radius:0px; '><section class=\"av_textblock_section \"  itemscope=\"itemscope\" itemtype=\"https:\/\/schema.org\/BlogPosting\" itemprop=\"blogPost\" ><div class='avia_textblock  '   itemprop=\"text\" ><p style=\"text-align: justify;\">La actividad, realizada en el contexto del D\u00eda Internacional de la Mujer, se llev\u00f3 a cabo en sede de la JJ.VV. de la Poblaci\u00f3n El Bosque y cont\u00f3 con la participaci\u00f3n de 12 mujeres que se destacaron por su liderazgo, empoderamiento y gran compromiso con el desarrollo de su comunidad y el bienestar de sus vecinos y vecinas.<\/p>\n<p style=\"text-align: justify;\">En la instancia conmemorativa estuvo presente la Directora Regional del FOSIS, el Seremi (S) de Desarrollo Social y Familia y la Seremi de la Mujer y Equidad de G\u00e9nero, quienes compartieron con las dirigentas e integrantes de las JJ.VV. de los Barrios Prioritarios en esta especial jornada de reflexi\u00f3n y reconocimiento por la labor que llevan a cabo.<\/p>\n<p style=\"text-align: justify;\">Las dirigentas reconocidas en esta oportunidad fueron: Jaqueline Carrasco Opazo, Ver\u00f3nica Legue Vera, Ramona P\u00e9rez Levic\u00e1n, Blanca Neguel Neguel, Yasna Caico Lema, Rosa Aguilar Aldama, Luz Mira Garc\u00eda Cama\u00f1o, Marcia Maldonado Barr\u00eda, Ver\u00f3nica Vargas Millar, Mireya Guichapay Guenul, Jaqueline P\u00e9rez Sazo y Mar\u00eda Ignacia Ulloa C\u00e1rcamo.<\/p>\n<p style=\"text-align: justify;\">Dominique Br\u00e4utigam, Directora Regional del FOSIS en Ays\u00e9n, destac\u00f3 que \u201cen el marco de la conmemoraci\u00f3n del D\u00eda Internacional de la Mujer nos reunimos con mujeres l\u00edderes vecinales de Barrios Prioritarios. Mujeres que han logrado mejorar la calidad de vida de varias familias del sector y hoy reconocemos su dedicaci\u00f3n, compromiso, esfuerzo y cari\u00f1o con que de manera desinteresada ayudan a su comunidad a salir adelante. Valoramos el trabajo diario que realizan destacando su valiosa participaci\u00f3n y contribuci\u00f3n en una mejor sociedad, inculcando el respeto, cari\u00f1o al pr\u00f3jimo y, sobre todo, trabajo en promover la justicia social.\u201d<\/p>\n<p style=\"text-align: justify;\">Jaqueline Carrasco, presidenta de la Agrupaci\u00f3n Mirando Hacia el Futuro y Agrupaci\u00f3n de Feriantes, asegur\u00f3 que \u201cnos invitaron a esta actividad para conmemorar el D\u00eda Internacional de la Mujer, donde pudimos participar varias dirigentes del pol\u00edgono de Barrios Prioritarios, dando nuestro testimonio por el trabajo que realizamos. Nos entregaron regalitos y queremos agradecer los presentes y la invitaci\u00f3n. Lo pasamos s\u00faper bien y quedamos muy contentas con la actividad.\u201d<\/p>\n<p style=\"text-align: justify;\">El plan Barrios Prioritarios, de la Subsecretaria de Prevenci\u00f3n del Delito en convenio con el FOSIS, realiza su intervenci\u00f3n en la comuna de Coyhaique donde trabaja con las juntas de vecinos de Villa Patagonia, Comit\u00e9 Villa Bicentenario, Poblaci\u00f3n El Bosque y Achen; en este pol\u00edgono denominado Pablo Neruda.<\/p>\n<\/div><\/section><\/div><div  style='height:50px' class='hr hr-invisible   avia-builder-el-6  el_after_av_one_full  el_before_av_social_share '><span class='hr-inner ' ><span class='hr-inner-style'><\/span><\/span><\/div><\/p>\n<div  class='av-social-sharing-box  avia-builder-el-7  el_after_av_hr  el_before_av_hr  '><div class='av-share-box'><h5 class='av-share-link-description av-no-toc '>Compartir esta noticia<\/h5><ul class='av-share-box-list noLightbox'><li class='av-share-link av-social-link-facebook' ><a target=\"_blank\" aria-label=\"Compartir en Facebook\" href='https:\/\/www.facebook.com\/sharer.php?u=https:\/\/radiorevelacionfm.cl\/?p=14551&#038;t=Reconocen%20labor%20de%20dirigentas%20e%20integrantes%20de%20JJ.VV.%20de%20Barrios%20Prioritarios%20en%20marco%20del%20D%C3%ADa%20Internacional%20de%20la%20Mujer' aria-hidden='false' data-av_icon='\ue8f3' data-av_iconfont='entypo-fontello' title='' data-avia-related-tooltip='Compartir en Facebook' rel=\"noopener\"><span class='avia_hidden_link_text'>Compartir en Facebook<\/span><\/a><\/li><li class='av-share-link av-social-link-twitter' ><a target=\"_blank\" aria-label=\"Compartir en Twitter\" href='https:\/\/twitter.com\/share?text=Reconocen%20labor%20de%20dirigentas%20e%20integrantes%20de%20JJ.VV.%20de%20Barrios%20Prioritarios%20en%20marco%20del%20D%C3%ADa%20Internacional%20de%20la%20Mujer&#038;url=https:\/\/radiorevelacionfm.cl\/?p=14551' aria-hidden='false' data-av_icon='\ue8f1' data-av_iconfont='entypo-fontello' title='' data-avia-related-tooltip='Compartir en Twitter' rel=\"noopener\"><span class='avia_hidden_link_text'>Compartir en Twitter<\/span><\/a><\/li><li class='av-share-link av-social-link-whatsapp' ><a target=\"_blank\" aria-label=\"Compartir en Whatsapp\" href='https:\/\/api.whatsapp.com\/send?text=https:\/\/radiorevelacionfm.cl\/?p=14551' aria-hidden='false' data-av_icon='\uf232' data-av_iconfont='entypo-fontello' title='' data-avia-related-tooltip='Compartir en Whatsapp' rel=\"noopener\"><span class='avia_hidden_link_text'>Compartir en Whatsapp<\/span><\/a><\/li><li class='av-share-link av-social-link-linkedin' ><a target=\"_blank\" aria-label=\"Compartir en LinkedIn\" href='https:\/\/linkedin.com\/shareArticle?mini=true&#038;title=Reconocen%20labor%20de%20dirigentas%20e%20integrantes%20de%20JJ.VV.%20de%20Barrios%20Prioritarios%20en%20marco%20del%20D%C3%ADa%20Internacional%20de%20la%20Mujer&#038;url=https:\/\/radiorevelacionfm.cl\/?p=14551' aria-hidden='false' data-av_icon='\ue8fc' data-av_iconfont='entypo-fontello' title='' data-avia-related-tooltip='Compartir en LinkedIn' rel=\"noopener\"><span class='avia_hidden_link_text'>Compartir en LinkedIn<\/span><\/a><\/li><li class='av-share-link av-social-link-mail' ><a  aria-label=\"Compartir por correo\" href='mailto:?subject=Reconocen%20labor%20de%20dirigentas%20e%20integrantes%20de%20JJ.VV.%20de%20Barrios%20Prioritarios%20en%20marco%20del%20D%C3%ADa%20Internacional%20de%20la%20Mujer&#038;body=https:\/\/radiorevelacionfm.cl\/?p=14551' aria-hidden='false' data-av_icon='\ue805' data-av_iconfont='entypo-fontello' title='' data-avia-related-tooltip='Compartir por correo'><span class='avia_hidden_link_text'>Compartir por correo<\/span><\/a><\/li><\/ul><\/div><\/div>\n<div  style='height:50px' class='hr hr-invisible   avia-builder-el-8  el_after_av_social_share  el_before_av_comments_list '><span class='hr-inner ' ><span class='hr-inner-style'><\/span><\/span><\/div>\n<div  class='av-buildercomment  av-blog-meta-html-info-disabled av-blog-meta-tag-disabled  '><\/div>\n","protected":false},"excerpt":{"rendered":"","protected":false},"author":1,"featured_media":14552,"comment_status":"open","ping_status":"open","sticky":false,"template":"","format":"standard","meta":{"footnotes":""},"categories":[38],"tags":[],"class_list":["post-14551","post","type-post","status-publish","format-standard","has-post-thumbnail","hentry","category-regional"],"jetpack_featured_media_url":"https:\/\/radiorevelacionfm.cl\/wp-content\/uploads\/2022\/03\/image-80_optimized.jpg","_links":{"self":[{"href":"https:\/\/radiorevelacionfm.cl\/index.php?rest_route=\/wp\/v2\/posts\/14551","targetHints":{"allow":["GET"]}}],"collection":[{"href":"https:\/\/radiorevelacionfm.cl\/index.php?rest_route=\/wp\/v2\/posts"}],"about":[{"href":"https:\/\/radiorevelacionfm.cl\/index.php?rest_route=\/wp\/v2\/types\/post"}],"author":[{"embeddable":true,"href":"https:\/\/radiorevelacionfm.cl\/index.php?rest_route=\/wp\/v2\/users\/1"}],"replies":[{"embeddable":true,"href":"https:\/\/radiorevelacionfm.cl\/index.php?rest_route=%2Fwp%2Fv2%2Fcomments&post=14551"}],"version-history":[{"count":2,"href":"https:\/\/radiorevelacionfm.cl\/index.php?rest_route=\/wp\/v2\/posts\/14551\/revisions"}],"predecessor-version":[{"id":14554,"href":"https:\/\/radiorevelacionfm.cl\/index.php?rest_route=\/wp\/v2\/posts\/14551\/revisions\/14554"}],"wp:featuredmedia":[{"embeddable":true,"href":"https:\/\/radiorevelacionfm.cl\/index.php?rest_route=\/wp\/v2\/media\/14552"}],"wp:attachment":[{"href":"https:\/\/radiorevelacionfm.cl\/index.php?rest_route=%2Fwp%2Fv2%2Fmedia&parent=14551"}],"wp:term":[{"taxonomy":"category","embeddable":true,"href":"https:\/\/radiorevelacionfm.cl\/index.php?rest_route=%2Fwp%2Fv2%2Fcategories&post=14551"},{"taxonomy":"post_tag","embeddable":true,"href":"https:\/\/radiorevelacionfm.cl\/index.php?rest_route=%2Fwp%2Fv2%2Ftags&post=14551"}],"curies":[{"name":"wp","href":"https:\/\/api.w.org\/{rel}","templated":true}]}}