{"id":14547,"date":"2022-03-12T11:51:54","date_gmt":"2022-03-12T14:51:54","guid":{"rendered":"https:\/\/radiorevelacionfm.cl\/?p=14547"},"modified":"2022-03-12T11:51:54","modified_gmt":"2022-03-12T14:51:54","slug":"corfo-invita-a-las-mujeres-de-aysen-a-participar-de-una-nueva-version-de-su-feria-digital-de-emprendedoras","status":"publish","type":"post","link":"https:\/\/radiorevelacionfm.cl\/?p=14547","title":{"rendered":"Corfo invita a las mujeres de Ays\u00e9n a participar de una nueva versi\u00f3n de su Feria Digital de Emprendedoras"},"content":{"rendered":"<div class=\"flex_column av_one_full  flex_column_div av-zero-column-padding first  avia-builder-el-0  el_before_av_one_full  avia-builder-el-first  \" style='border-radius:0px; '><div  class='avia-image-container  av-styling-    avia-builder-el-1  avia-builder-el-no-sibling  avia-align-center '  itemprop=\"image\" itemscope=\"itemscope\" itemtype=\"https:\/\/schema.org\/ImageObject\"  ><div class='avia-image-container-inner'><div class='avia-image-overlay-wrap'><img decoding=\"async\" class='wp-image-14548 avia-img-lazy-loading-not-14548 avia_image' src=\"https:\/\/radiorevelacionfm.cl\/wp-content\/uploads\/2022\/03\/image-79-2.jpg\" alt='' title='image-79-2' height=\"600\" width=\"995\"  itemprop=\"thumbnailUrl\" srcset=\"https:\/\/radiorevelacionfm.cl\/wp-content\/uploads\/2022\/03\/image-79-2.jpg 995w, https:\/\/radiorevelacionfm.cl\/wp-content\/uploads\/2022\/03\/image-79-2-300x181.jpg 300w, https:\/\/radiorevelacionfm.cl\/wp-content\/uploads\/2022\/03\/image-79-2-768x463.jpg 768w, https:\/\/radiorevelacionfm.cl\/wp-content\/uploads\/2022\/03\/image-79-2-705x425.jpg 705w, https:\/\/radiorevelacionfm.cl\/wp-content\/uploads\/2022\/03\/image-79-2-600x362.jpg 600w\" sizes=\"(max-width: 995px) 100vw, 995px\" \/><\/div><\/div><\/div><\/div><div class=\"flex_column av_one_full  flex_column_div av-zero-column-padding first  avia-builder-el-2  el_after_av_one_full  el_before_av_one_full  column-top-margin\" style='border-radius:0px; '><section class=\"av_textblock_section \"  itemscope=\"itemscope\" itemtype=\"https:\/\/schema.org\/BlogPosting\" itemprop=\"blogPost\" ><div class='avia_textblock  '   itemprop=\"text\" ><p class=\"v1MsoNormal\" style=\"text-align: center;\" align=\"center\"><span style=\"font-size: 18pt;\"><b><span lang=\"ES\">Corfo invita a las mujeres de Ays\u00e9n a participar de una nueva versi\u00f3n de su Feria Digital de Emprendedoras<\/span><\/b><\/span><\/p>\n<div id=\"gtx-trans\" style=\"position: absolute; left: -50px; top: 4.31534px;\">\n<div class=\"gtx-trans-icon\"><\/div>\n<\/div>\n<\/div><\/section><\/div><div class=\"flex_column av_one_full  flex_column_div av-zero-column-padding first  avia-builder-el-4  el_after_av_one_full  el_before_av_hr  column-top-margin\" style='border-radius:0px; '><section class=\"av_textblock_section \"  itemscope=\"itemscope\" itemtype=\"https:\/\/schema.org\/BlogPosting\" itemprop=\"blogPost\" ><div class='avia_textblock  '   itemprop=\"text\" ><p style=\"text-align: justify;\">Una invitaci\u00f3n para que mujeres de todo Chile participen en la nueva versi\u00f3n de <a href=\"http:\/\/www.feriaemprendedoras.cl\/\" target=\"_blank\" rel=\"noopener\" data-saferedirecturl=\"https:\/\/www.google.com\/url?q=http:\/\/www.feriaemprendedoras.cl&amp;source=gmail&amp;ust=1647109503633000&amp;usg=AOvVaw04EFau_OCwSSPjO34sX6y_\">www.feriaemprendedoras.cl<\/a>, una vitrina digital donde m\u00e1s de mil emprendedoras podr\u00e1n exhibir sus productos y servicios, junto con ampliar sus redes comerciales y potenciar sus negocios.<\/p>\n<p style=\"text-align: justify;\"><span lang=\"ES\">La nueva versi\u00f3n de esta feria digital, liderada por Corfo junto a Sistema de las Naciones Unidas en Chile, ProChile y ejecutado por Innovacien, estar\u00e1 disponible desde el 24 de marzo con una oferta para las mujeres que se conecten que incluye tambi\u00e9n charlas y talleres, espacio para compartir experiencias, adem\u00e1s de consejos para buscar nuevos canales de distribuci\u00f3n y entrar a nuevos mercados.\u00a0<\/span><\/p>\n<p style=\"text-align: justify;\"><span lang=\"ES\">Las emprendedoras interesadas en ser parte de esta vitrina virtual pueden postular hasta el pr\u00f3ximo martes 15 de marzo, a las 15 horas, a trav\u00e9s del siguiente enlace:<a href=\"https:\/\/bit.ly\/3hY1Hwc\" target=\"_blank\" rel=\"noopener\" data-saferedirecturl=\"https:\/\/www.google.com\/url?q=https:\/\/bit.ly\/3hY1Hwc&amp;source=gmail&amp;ust=1647109503633000&amp;usg=AOvVaw1E06Tl6kzr5NIZpfjKZq05\">https:\/\/bit.ly\/3hY1Hwc<\/a>.\u00a0 <\/span><span lang=\"ES\">Los r<\/span><span lang=\"ES\">equisitos y condiciones para hacerlo son e<\/span>star formalizada; tener conexi\u00f3n a internet; contar con un PC o dispositivo m\u00f3vil; tener redes sociales o p\u00e1gina web; fotos del producto; contar con sistema de pago (transferencia, carro de compras, Marketplace, otro) y uno de env\u00edo del producto; y realizar el entrenamiento de preparaci\u00f3n para la feria (entre el 16 y 18 de marzo).<\/p>\n<p style=\"text-align: justify;\"><span lang=\"ES\">En tanto, la programaci\u00f3n definitiva de las charlas y talleres se dar\u00e1n a conocer durante los pr\u00f3ximos d\u00edas a trav\u00e9s de la misma plataforma.\u00a0<\/span><\/p>\n<p style=\"text-align: justify;\">La versi\u00f3n 2022 de \u00a0<a href=\"http:\/\/www.feriaemprendedoras.cl\/\" target=\"_blank\" rel=\"noopener\" data-saferedirecturl=\"https:\/\/www.google.com\/url?q=http:\/\/www.feriaemprendedoras.cl&amp;source=gmail&amp;ust=1647109503633000&amp;usg=AOvVaw04EFau_OCwSSPjO34sX6y_\">www.feriaemprendedoras.cl<\/a> surge con el objetivo de potenciar el desarrollo de nuevos negocios, en un contexto de transformaci\u00f3n digital que la crisis ha acelerado y que va exigiendo el uso de plataformas digitales que acerquen la oferta y la demanda de una manera accesible y simple.<\/p>\n<\/div><\/section><\/div><div  style='height:50px' class='hr hr-invisible   avia-builder-el-6  el_after_av_one_full  el_before_av_social_share '><span class='hr-inner ' ><span class='hr-inner-style'><\/span><\/span><\/div><\/p>\n<div  class='av-social-sharing-box  avia-builder-el-7  el_after_av_hr  el_before_av_hr  '><div class='av-share-box'><h5 class='av-share-link-description av-no-toc '>Compartir esta noticia<\/h5><ul class='av-share-box-list noLightbox'><li class='av-share-link av-social-link-facebook' ><a target=\"_blank\" aria-label=\"Compartir en Facebook\" href='https:\/\/www.facebook.com\/sharer.php?u=https:\/\/radiorevelacionfm.cl\/?p=14547&#038;t=Corfo%20invita%20a%20las%20mujeres%20de%20Ays%C3%A9n%20a%20participar%20de%20una%20nueva%20versi%C3%B3n%20de%20su%20Feria%20Digital%20de%20Emprendedoras' aria-hidden='false' data-av_icon='\ue8f3' data-av_iconfont='entypo-fontello' title='' data-avia-related-tooltip='Compartir en Facebook' rel=\"noopener\"><span class='avia_hidden_link_text'>Compartir en Facebook<\/span><\/a><\/li><li class='av-share-link av-social-link-twitter' ><a target=\"_blank\" aria-label=\"Compartir en Twitter\" href='https:\/\/twitter.com\/share?text=Corfo%20invita%20a%20las%20mujeres%20de%20Ays%C3%A9n%20a%20participar%20de%20una%20nueva%20versi%C3%B3n%20de%20su%20Feria%20Digital%20de%20Emprendedoras&#038;url=https:\/\/radiorevelacionfm.cl\/?p=14547' aria-hidden='false' data-av_icon='\ue8f1' data-av_iconfont='entypo-fontello' title='' data-avia-related-tooltip='Compartir en Twitter' rel=\"noopener\"><span class='avia_hidden_link_text'>Compartir en Twitter<\/span><\/a><\/li><li class='av-share-link av-social-link-whatsapp' ><a target=\"_blank\" aria-label=\"Compartir en Whatsapp\" href='https:\/\/api.whatsapp.com\/send?text=https:\/\/radiorevelacionfm.cl\/?p=14547' aria-hidden='false' data-av_icon='\uf232' data-av_iconfont='entypo-fontello' title='' data-avia-related-tooltip='Compartir en Whatsapp' rel=\"noopener\"><span class='avia_hidden_link_text'>Compartir en Whatsapp<\/span><\/a><\/li><li class='av-share-link av-social-link-linkedin' ><a target=\"_blank\" aria-label=\"Compartir en LinkedIn\" href='https:\/\/linkedin.com\/shareArticle?mini=true&#038;title=Corfo%20invita%20a%20las%20mujeres%20de%20Ays%C3%A9n%20a%20participar%20de%20una%20nueva%20versi%C3%B3n%20de%20su%20Feria%20Digital%20de%20Emprendedoras&#038;url=https:\/\/radiorevelacionfm.cl\/?p=14547' aria-hidden='false' data-av_icon='\ue8fc' data-av_iconfont='entypo-fontello' title='' data-avia-related-tooltip='Compartir en LinkedIn' rel=\"noopener\"><span class='avia_hidden_link_text'>Compartir en LinkedIn<\/span><\/a><\/li><li class='av-share-link av-social-link-mail' ><a  aria-label=\"Compartir por correo\" href='mailto:?subject=Corfo%20invita%20a%20las%20mujeres%20de%20Ays%C3%A9n%20a%20participar%20de%20una%20nueva%20versi%C3%B3n%20de%20su%20Feria%20Digital%20de%20Emprendedoras&#038;body=https:\/\/radiorevelacionfm.cl\/?p=14547' aria-hidden='false' data-av_icon='\ue805' data-av_iconfont='entypo-fontello' title='' data-avia-related-tooltip='Compartir por correo'><span class='avia_hidden_link_text'>Compartir por correo<\/span><\/a><\/li><\/ul><\/div><\/div>\n<div  style='height:50px' class='hr hr-invisible   avia-builder-el-8  el_after_av_social_share  el_before_av_comments_list '><span class='hr-inner ' ><span class='hr-inner-style'><\/span><\/span><\/div>\n<div  class='av-buildercomment  av-blog-meta-html-info-disabled av-blog-meta-tag-disabled  '><\/div>\n","protected":false},"excerpt":{"rendered":"","protected":false},"author":1,"featured_media":14548,"comment_status":"open","ping_status":"open","sticky":false,"template":"","format":"standard","meta":{"footnotes":""},"categories":[38],"tags":[],"class_list":["post-14547","post","type-post","status-publish","format-standard","has-post-thumbnail","hentry","category-regional"],"jetpack_featured_media_url":"https:\/\/radiorevelacionfm.cl\/wp-content\/uploads\/2022\/03\/image-79-2.jpg","_links":{"self":[{"href":"https:\/\/radiorevelacionfm.cl\/index.php?rest_route=\/wp\/v2\/posts\/14547","targetHints":{"allow":["GET"]}}],"collection":[{"href":"https:\/\/radiorevelacionfm.cl\/index.php?rest_route=\/wp\/v2\/posts"}],"about":[{"href":"https:\/\/radiorevelacionfm.cl\/index.php?rest_route=\/wp\/v2\/types\/post"}],"author":[{"embeddable":true,"href":"https:\/\/radiorevelacionfm.cl\/index.php?rest_route=\/wp\/v2\/users\/1"}],"replies":[{"embeddable":true,"href":"https:\/\/radiorevelacionfm.cl\/index.php?rest_route=%2Fwp%2Fv2%2Fcomments&post=14547"}],"version-history":[{"count":2,"href":"https:\/\/radiorevelacionfm.cl\/index.php?rest_route=\/wp\/v2\/posts\/14547\/revisions"}],"predecessor-version":[{"id":14570,"href":"https:\/\/radiorevelacionfm.cl\/index.php?rest_route=\/wp\/v2\/posts\/14547\/revisions\/14570"}],"wp:featuredmedia":[{"embeddable":true,"href":"https:\/\/radiorevelacionfm.cl\/index.php?rest_route=\/wp\/v2\/media\/14548"}],"wp:attachment":[{"href":"https:\/\/radiorevelacionfm.cl\/index.php?rest_route=%2Fwp%2Fv2%2Fmedia&parent=14547"}],"wp:term":[{"taxonomy":"category","embeddable":true,"href":"https:\/\/radiorevelacionfm.cl\/index.php?rest_route=%2Fwp%2Fv2%2Fcategories&post=14547"},{"taxonomy":"post_tag","embeddable":true,"href":"https:\/\/radiorevelacionfm.cl\/index.php?rest_route=%2Fwp%2Fv2%2Ftags&post=14547"}],"curies":[{"name":"wp","href":"https:\/\/api.w.org\/{rel}","templated":true}]}}