{"id":14544,"date":"2022-03-12T09:34:42","date_gmt":"2022-03-12T12:34:42","guid":{"rendered":"https:\/\/radiorevelacionfm.cl\/?p=14544"},"modified":"2022-03-12T09:34:42","modified_gmt":"2022-03-12T12:34:42","slug":"nuevo-proyecto-creara-invernaderos-modulares-y-tecnologias-para-la-horticultura-regional","status":"publish","type":"post","link":"https:\/\/radiorevelacionfm.cl\/?p=14544","title":{"rendered":"Nuevo proyecto crear\u00e1 invernaderos modulares y tecnolog\u00edas para la Horticultura regional"},"content":{"rendered":"<div class=\"flex_column av_one_full  flex_column_div av-zero-column-padding first  avia-builder-el-0  el_before_av_one_full  avia-builder-el-first  \" style='border-radius:0px; '><div  class='avia-image-container  av-styling-    avia-builder-el-1  avia-builder-el-no-sibling  avia-align-center '  itemprop=\"image\" itemscope=\"itemscope\" itemtype=\"https:\/\/schema.org\/ImageObject\"  ><div class='avia-image-container-inner'><div class='avia-image-overlay-wrap'><img decoding=\"async\" class='wp-image-14545 avia-img-lazy-loading-not-14545 avia_image' src=\"https:\/\/radiorevelacionfm.cl\/wp-content\/uploads\/2022\/03\/Invernaderos.jpeg\" alt='' title='Invernaderos' height=\"600\" width=\"800\"  itemprop=\"thumbnailUrl\" srcset=\"https:\/\/radiorevelacionfm.cl\/wp-content\/uploads\/2022\/03\/Invernaderos.jpeg 800w, https:\/\/radiorevelacionfm.cl\/wp-content\/uploads\/2022\/03\/Invernaderos-300x225.jpeg 300w, https:\/\/radiorevelacionfm.cl\/wp-content\/uploads\/2022\/03\/Invernaderos-768x576.jpeg 768w, https:\/\/radiorevelacionfm.cl\/wp-content\/uploads\/2022\/03\/Invernaderos-705x529.jpeg 705w, https:\/\/radiorevelacionfm.cl\/wp-content\/uploads\/2022\/03\/Invernaderos-600x450.jpeg 600w\" sizes=\"(max-width: 800px) 100vw, 800px\" \/><\/div><\/div><\/div><\/div><div class=\"flex_column av_one_full  flex_column_div av-zero-column-padding first  avia-builder-el-2  el_after_av_one_full  el_before_av_one_full  column-top-margin\" style='border-radius:0px; '><section class=\"av_textblock_section \"  itemscope=\"itemscope\" itemtype=\"https:\/\/schema.org\/BlogPosting\" itemprop=\"blogPost\" ><div class='avia_textblock  '   itemprop=\"text\" ><p style=\"text-align: center;\"><span style=\"font-size: 18pt;\"><b>Nuevo proyecto crear\u00e1 invernaderos modulares y tecnolog\u00edas para la Horticultura regional<\/b><b>\u00a0<\/b><\/span><\/p>\n<div id=\"gtx-trans\" style=\"position: absolute; left: -50px; top: 4.31534px;\">\n<div class=\"gtx-trans-icon\"><\/div>\n<\/div>\n<\/div><\/section><\/div><div class=\"flex_column av_one_full  flex_column_div av-zero-column-padding first  avia-builder-el-4  el_after_av_one_full  el_before_av_hr  column-top-margin\" style='border-radius:0px; '><section class=\"av_textblock_section \"  itemscope=\"itemscope\" itemtype=\"https:\/\/schema.org\/BlogPosting\" itemprop=\"blogPost\" ><div class='avia_textblock  '   itemprop=\"text\" ><p class=\"v1MsoNormal\" style=\"text-align: justify;\" align=\"justify\">Si bien el fomento estatal a la producci\u00f3n hort\u00edcola se ha enfocado en incrementar la superficie cubierta con invernaderos, incorporar\u00a0nuevas tecnolog\u00edas agron\u00f3micas, capacitar a productores y en estimular la asociatividad en la comercializaci\u00f3n, nuestra regi\u00f3n\u00a0sigue presentando dificultades en la producci\u00f3n e implementaci\u00f3n sobre el uso de invernaderos, ya sea por una infraestructura que no se adapta a las condiciones clim\u00e1ticas, como el impacto del viento\u00a0o\u00a0nieve, o bien por desconocimiento de t\u00e9cnicas y tecnolog\u00edas agr\u00edcolas.<\/p>\n<p class=\"v1MsoNormal\" style=\"text-align: justify;\" align=\"justify\">El requisito m\u00e1s b\u00e1sico para el desarrollo de la horticultura es que la estructura del invernadero sea capaz de soportar las cargas agroclim\u00e1ticas regionales, a la vez que se proporcionen las condiciones agron\u00f3micas apropiadas para los cultivos.\u00a0Un gran porcentaje de la infraestructura productiva presenta da\u00f1o estructural severo que es atribuible a un dise\u00f1o estructural deficiente, condicionando\u00a0negativamente el crecimiento de la actividad como motor del desarrollo rural. Paralelamente, la horticultura presenta un incipiente desarrollo de tecnolog\u00edas relacionadas al monitoreo ambiental, que permiten un uso m\u00e1s eficiente de la infraestructura productiva y una oferta m\u00e1s estable de productos frescos, lo que se ha sumado a la baja investigaci\u00f3n y transferencia con que cuenta Ays\u00e9n en esta materia.<\/p>\n<p class=\"v1MsoNormal\" style=\"text-align: justify;\" align=\"justify\">Un reciente proyecto, financiado por la Fundaci\u00f3n para la Innovaci\u00f3n Agraria (FIA) del Ministerio de Agricultura\u00a0fue asignado al Centro de Investigaci\u00f3n en Ecosistemas de la Patagonia (CIEP), liderado por el investigador residente Dr. Pablo Mata, el cual\u00a0se enfoca en dise\u00f1ar de manera participativa, en conjunto con los potenciales usuarios y profesionales del rubro, un conjunto de tres modelos de invernadero modular que cuenten con un dise\u00f1o estructural capaz de resistir apropiadamente las condiciones\u00a0asociadas al viento y la nieve existentes en cualquiera de las zonas agroclim\u00e1ticas de la regi\u00f3n,\u00a0a la vez que proporcionen un ambiente controlado apropiado para el cultivo hort\u00edcola. Los modelos propuestos deben ser validados mediante prototipos y pilotos productivos, y deben permitir una buena integraci\u00f3n con tecnolog\u00edas modernas de producci\u00f3n. Se considerar\u00e1n opciones de dise\u00f1o que sean f\u00e1cilmente adaptables a productores de diversos\u00a0tama\u00f1os (auto-consumo, micro-empresa y pyme) y que sean viables econ\u00f3micamente considerando la rentabilidad del negocio hort\u00edcola. Los dise\u00f1os\u00a0adem\u00e1s\u00a0debieran permitir la contrataci\u00f3n de un seguro por siniestros medio-ambientales.<\/p>\n<p class=\"v1MsoNormal\" style=\"text-align: justify;\" align=\"justify\">El desarrollo de los nuevos tipos de invernadero se complementar\u00e1\u00a0con acciones de transferencia de la experiencia obtenida con los invernaderos piloto y capacitaci\u00f3n para su buen uso y manejo, junto al uso de herramientas tecnol\u00f3gicas y de comunicaci\u00f3n (TICs) para el monitoreo ambiental al interior de los invernaderos. Buscando crear un bien de acceso p\u00fablico que se complemente\u00a0con un paquete de transferencia tecnol\u00f3gica para mejorar las capacidades productivas instaladas en el sector.<\/p>\n<p class=\"v1MsoNormal\" style=\"text-align: justify;\" align=\"justify\">El proyecto descrito de denomina \u00abProyecto de Innovaci\u00f3n. Aumento de la Superficie de uso para el rubro de hortalizas por medio del desarrollo de Infraestructura modular adaptada a distintas zonas agroclim\u00e1ticas &#8211; Regi\u00f3n de Ays\u00e9n\u00bb (PYT-2021-0648).<\/p>\n<\/div><\/section><\/div><div  style='height:50px' class='hr hr-invisible   avia-builder-el-6  el_after_av_one_full  el_before_av_social_share '><span class='hr-inner ' ><span class='hr-inner-style'><\/span><\/span><\/div><\/p>\n<div  class='av-social-sharing-box  avia-builder-el-7  el_after_av_hr  el_before_av_hr  '><div class='av-share-box'><h5 class='av-share-link-description av-no-toc '>Compartir esta noticia<\/h5><ul class='av-share-box-list noLightbox'><li class='av-share-link av-social-link-facebook' ><a target=\"_blank\" aria-label=\"Compartir en Facebook\" href='https:\/\/www.facebook.com\/sharer.php?u=https:\/\/radiorevelacionfm.cl\/?p=14544&#038;t=Nuevo%20proyecto%20crear%C3%A1%20invernaderos%20modulares%20y%20tecnolog%C3%ADas%20para%20la%20Horticultura%20regional' aria-hidden='false' data-av_icon='\ue8f3' data-av_iconfont='entypo-fontello' title='' data-avia-related-tooltip='Compartir en Facebook' rel=\"noopener\"><span class='avia_hidden_link_text'>Compartir en Facebook<\/span><\/a><\/li><li class='av-share-link av-social-link-twitter' ><a target=\"_blank\" aria-label=\"Compartir en Twitter\" href='https:\/\/twitter.com\/share?text=Nuevo%20proyecto%20crear%C3%A1%20invernaderos%20modulares%20y%20tecnolog%C3%ADas%20para%20la%20Horticultura%20regional&#038;url=https:\/\/radiorevelacionfm.cl\/?p=14544' aria-hidden='false' data-av_icon='\ue8f1' data-av_iconfont='entypo-fontello' title='' data-avia-related-tooltip='Compartir en Twitter' rel=\"noopener\"><span class='avia_hidden_link_text'>Compartir en Twitter<\/span><\/a><\/li><li class='av-share-link av-social-link-whatsapp' ><a target=\"_blank\" aria-label=\"Compartir en Whatsapp\" href='https:\/\/api.whatsapp.com\/send?text=https:\/\/radiorevelacionfm.cl\/?p=14544' aria-hidden='false' data-av_icon='\uf232' data-av_iconfont='entypo-fontello' title='' data-avia-related-tooltip='Compartir en Whatsapp' rel=\"noopener\"><span class='avia_hidden_link_text'>Compartir en Whatsapp<\/span><\/a><\/li><li class='av-share-link av-social-link-linkedin' ><a target=\"_blank\" aria-label=\"Compartir en LinkedIn\" href='https:\/\/linkedin.com\/shareArticle?mini=true&#038;title=Nuevo%20proyecto%20crear%C3%A1%20invernaderos%20modulares%20y%20tecnolog%C3%ADas%20para%20la%20Horticultura%20regional&#038;url=https:\/\/radiorevelacionfm.cl\/?p=14544' aria-hidden='false' data-av_icon='\ue8fc' data-av_iconfont='entypo-fontello' title='' data-avia-related-tooltip='Compartir en LinkedIn' rel=\"noopener\"><span class='avia_hidden_link_text'>Compartir en LinkedIn<\/span><\/a><\/li><li class='av-share-link av-social-link-mail' ><a  aria-label=\"Compartir por correo\" href='mailto:?subject=Nuevo%20proyecto%20crear%C3%A1%20invernaderos%20modulares%20y%20tecnolog%C3%ADas%20para%20la%20Horticultura%20regional&#038;body=https:\/\/radiorevelacionfm.cl\/?p=14544' aria-hidden='false' data-av_icon='\ue805' data-av_iconfont='entypo-fontello' title='' data-avia-related-tooltip='Compartir por correo'><span class='avia_hidden_link_text'>Compartir por correo<\/span><\/a><\/li><\/ul><\/div><\/div>\n<div  style='height:50px' class='hr hr-invisible   avia-builder-el-8  el_after_av_social_share  el_before_av_comments_list '><span class='hr-inner ' ><span class='hr-inner-style'><\/span><\/span><\/div>\n<div  class='av-buildercomment  av-blog-meta-html-info-disabled av-blog-meta-tag-disabled  '><\/div>\n","protected":false},"excerpt":{"rendered":"","protected":false},"author":1,"featured_media":14545,"comment_status":"open","ping_status":"open","sticky":false,"template":"","format":"standard","meta":{"footnotes":""},"categories":[58],"tags":[],"class_list":["post-14544","post","type-post","status-publish","format-standard","has-post-thumbnail","hentry","category-agricultura"],"jetpack_featured_media_url":"https:\/\/radiorevelacionfm.cl\/wp-content\/uploads\/2022\/03\/Invernaderos.jpeg","_links":{"self":[{"href":"https:\/\/radiorevelacionfm.cl\/index.php?rest_route=\/wp\/v2\/posts\/14544","targetHints":{"allow":["GET"]}}],"collection":[{"href":"https:\/\/radiorevelacionfm.cl\/index.php?rest_route=\/wp\/v2\/posts"}],"about":[{"href":"https:\/\/radiorevelacionfm.cl\/index.php?rest_route=\/wp\/v2\/types\/post"}],"author":[{"embeddable":true,"href":"https:\/\/radiorevelacionfm.cl\/index.php?rest_route=\/wp\/v2\/users\/1"}],"replies":[{"embeddable":true,"href":"https:\/\/radiorevelacionfm.cl\/index.php?rest_route=%2Fwp%2Fv2%2Fcomments&post=14544"}],"version-history":[{"count":2,"href":"https:\/\/radiorevelacionfm.cl\/index.php?rest_route=\/wp\/v2\/posts\/14544\/revisions"}],"predecessor-version":[{"id":14563,"href":"https:\/\/radiorevelacionfm.cl\/index.php?rest_route=\/wp\/v2\/posts\/14544\/revisions\/14563"}],"wp:featuredmedia":[{"embeddable":true,"href":"https:\/\/radiorevelacionfm.cl\/index.php?rest_route=\/wp\/v2\/media\/14545"}],"wp:attachment":[{"href":"https:\/\/radiorevelacionfm.cl\/index.php?rest_route=%2Fwp%2Fv2%2Fmedia&parent=14544"}],"wp:term":[{"taxonomy":"category","embeddable":true,"href":"https:\/\/radiorevelacionfm.cl\/index.php?rest_route=%2Fwp%2Fv2%2Fcategories&post=14544"},{"taxonomy":"post_tag","embeddable":true,"href":"https:\/\/radiorevelacionfm.cl\/index.php?rest_route=%2Fwp%2Fv2%2Ftags&post=14544"}],"curies":[{"name":"wp","href":"https:\/\/api.w.org\/{rel}","templated":true}]}}