{"id":14537,"date":"2022-03-11T13:39:50","date_gmt":"2022-03-11T16:39:50","guid":{"rendered":"https:\/\/radiorevelacionfm.cl\/?p=14537"},"modified":"2022-03-11T13:50:13","modified_gmt":"2022-03-11T16:50:13","slug":"presidente-gabriel-boric-ante-el-pueblo-y-los-pueblos-de-chile-si-prometo","status":"publish","type":"post","link":"https:\/\/radiorevelacionfm.cl\/?p=14537","title":{"rendered":"Presidente Gabriel Boric: \u00abAnte el pueblo y los pueblos de Chile, s\u00ed prometo\u00bb"},"content":{"rendered":"<div class=\"flex_column av_one_full  flex_column_div av-zero-column-padding first  avia-builder-el-0  el_before_av_one_full  avia-builder-el-first  \" style='border-radius:0px; '><div  class='avia-image-container  av-styling-    avia-builder-el-1  avia-builder-el-no-sibling  avia-align-center '  itemprop=\"image\" itemscope=\"itemscope\" itemtype=\"https:\/\/schema.org\/ImageObject\"  ><div class='avia-image-container-inner'><div class='avia-image-overlay-wrap'><img decoding=\"async\" class='wp-image-14538 avia-img-lazy-loading-not-14538 avia_image' src=\"https:\/\/radiorevelacionfm.cl\/wp-content\/uploads\/2022\/03\/image-77-2.jpg\" alt='' title='image-77-2' height=\"600\" width=\"923\"  itemprop=\"thumbnailUrl\" srcset=\"https:\/\/radiorevelacionfm.cl\/wp-content\/uploads\/2022\/03\/image-77-2.jpg 923w, https:\/\/radiorevelacionfm.cl\/wp-content\/uploads\/2022\/03\/image-77-2-300x195.jpg 300w, https:\/\/radiorevelacionfm.cl\/wp-content\/uploads\/2022\/03\/image-77-2-768x499.jpg 768w, https:\/\/radiorevelacionfm.cl\/wp-content\/uploads\/2022\/03\/image-77-2-705x458.jpg 705w, https:\/\/radiorevelacionfm.cl\/wp-content\/uploads\/2022\/03\/image-77-2-600x390.jpg 600w\" sizes=\"(max-width: 923px) 100vw, 923px\" \/><\/div><\/div><\/div><\/div>\n<div class=\"flex_column av_one_full  flex_column_div av-zero-column-padding first  avia-builder-el-2  el_after_av_one_full  el_before_av_one_full  column-top-margin\" style='border-radius:0px; '><section class=\"av_textblock_section \"  itemscope=\"itemscope\" itemtype=\"https:\/\/schema.org\/BlogPosting\" itemprop=\"blogPost\" ><div class='avia_textblock  '   itemprop=\"text\" ><p style=\"text-align: center;\"><strong><span style=\"font-size: 18pt;\">Presidente Gabriel Boric: \u00abAnte el pueblo y los pueblos de Chile, s\u00ed prometo\u00bb<\/span><\/strong><\/p>\n<div id=\"gtx-trans\" style=\"position: absolute; left: -50px; top: 4.31534px;\">\n<div class=\"gtx-trans-icon\"><\/div>\n<\/div>\n<\/div><\/section><\/div>\n<div class=\"flex_column av_one_full  flex_column_div av-zero-column-padding first  avia-builder-el-4  el_after_av_one_full  el_before_av_hr  column-top-margin\" style='border-radius:0px; '><section class=\"av_textblock_section \"  itemscope=\"itemscope\" itemtype=\"https:\/\/schema.org\/BlogPosting\" itemprop=\"blogPost\" ><div class='avia_textblock  '   itemprop=\"text\" ><p style=\"text-align: justify;\">El Mandatario magall\u00e1nico fue investido con la banda presidencial por el presidente del Senado, \u00c1lvaro Elizalde, despu\u00e9s de lo cual Sebasti\u00e1n Pi\u00f1era le impuso la piocha de O&#8217;Higgins, s\u00edmbolo del traspaso del mando de la naci\u00f3n<\/p>\n<p style=\"text-align: justify;\">\u00abAnte el pueblo y los pueblos de Chile, s\u00ed prometo\u00bb. Con esas palabras, el Presidente Electo Gabriel Boric Font, comenz\u00f3 la formalizaci\u00f3n de su llegada a la m\u00e1xima magistratura del pa\u00eds.<\/p>\n<p style=\"text-align: justify;\">Ello, luego que a las 12:24 horas de este 11 de marzo de 2022, el presidente del Senado \u00c1lvaro Elizalde, procediera a tomar la promesa o juramento ante los invitados nacionales e internacionales que estaban presentes en el Sal\u00f3n de Honor del Congreso Nacional en Valpara\u00edso.<\/p>\n<p style=\"text-align: justify;\">Seis minutos m\u00e1s tarde, a las 12:30 horas, el magall\u00e1nico se convert\u00eda en el Presidente de la Rep\u00fablica por los pr\u00f3ximos cuatro a\u00f1os, tras ser investido como tal por el titular de la C\u00e1mara Alta, quien le impuso la banda presidencial y luego que el Mandatario saliente, Sebasti\u00e1n Pi\u00f1era, le entregara la piocha de O&#8217;Higgins, s\u00edmbolo del traspaso del mando de la naci\u00f3n.<\/p>\n<p style=\"text-align: justify;\">La ceremonia se inici\u00f3 a las 12:14 cuando el presidente del Senado, \u00c1lvaro Elizalde, dio por iniciada la sesi\u00f3n y le cedi\u00f3 la palabra al secretario general de esa corporaci\u00f3n, Ra\u00fal Guzm\u00e1n, quien dio lectura del acta de proclamaci\u00f3n del Presidente Electo, Gabriel Boric Font.<\/p>\n<p style=\"text-align: justify;\">A las 12:20 ingres\u00f3 al Sal\u00f3n de Honor Gabriel Boric quien fue escoltado por la m\u00e1xima autoridad administrativa del Senado y la jefa de Ceremonial y Protocolo de la nueva administraci\u00f3n , la diplom\u00e1tica rapanui Manahi Pakarati, quien estaba ataviada con un traje t\u00edpico.<\/p>\n<p style=\"text-align: justify;\">Una vez ubicado en la testera del Sal\u00f3n de Honor, se dio inicio a la ceremonia de traspaso donde el presidente del Senado procedi\u00f3 a tomar la promesa al Mandatario Electo. Tras pronunciar la frase antes citada, Gabriel Boric firm\u00f3 las actas que lo declaran como el nuevo Presidente de Chile por cuatro a\u00f1os.<\/p>\n<p style=\"text-align: justify;\">Acto seguido recibi\u00f3 la banda presidencial y la respectiva piocha de O&#8217;Higgins, tras lo cual se enton\u00f3 el himno nacional por\u00a0 todos los presentes. Una vez finalizado aquello,\u00a0 Sebasti\u00e1n Pi\u00f1era abandon\u00f3 el Congreso Pleno de la mano de su esposa Cecilia Morel y escoltado por los ministros que lo acompa\u00f1aron en su administraci\u00f3n.<\/p>\n<p style=\"text-align: justify;\">Cuando el reloj marcaba las 12:46 horas el Presidente Gabriel Boric tom\u00f3 promesa a sus ministros y dijo sentirse \u00aborgulloso de este gabinete donde hay m\u00e1s mujeres que hombres y eso es gracias al movimiento feminista\u00bb.<\/p>\n<p style=\"text-align: justify;\">Al t\u00e9rmino de la ceremonia, el Mandatario hizo abandono del Sal\u00f3n de Honor, y saliend\u00f3se del protocolo se despidi\u00f3 personalmente de varios parlamentarios e invitados, siendo una de las primeras en saludar \u00a0la senadora Fabiola Campillai quien estaba sentada en primera fila.<\/p>\n<\/div><\/section><\/div><div  style='height:50px' class='hr hr-invisible   avia-builder-el-6  el_after_av_one_full  el_before_av_social_share '><span class='hr-inner ' ><span class='hr-inner-style'><\/span><\/span><\/div><\/p>\n<div  class='av-social-sharing-box  avia-builder-el-7  el_after_av_hr  el_before_av_hr  '><div class='av-share-box'><h5 class='av-share-link-description av-no-toc '>Compartir esta noticia<\/h5><ul class='av-share-box-list noLightbox'><li class='av-share-link av-social-link-facebook' ><a target=\"_blank\" aria-label=\"Compartir en Facebook\" href='https:\/\/www.facebook.com\/sharer.php?u=https:\/\/radiorevelacionfm.cl\/?p=14537&#038;t=Presidente%20Gabriel%20Boric%3A%20%C2%ABAnte%20el%20pueblo%20y%20los%20pueblos%20de%20Chile%2C%20s%C3%AD%20prometo%C2%BB' aria-hidden='false' data-av_icon='\ue8f3' data-av_iconfont='entypo-fontello' title='' data-avia-related-tooltip='Compartir en Facebook' rel=\"noopener\"><span class='avia_hidden_link_text'>Compartir en Facebook<\/span><\/a><\/li><li class='av-share-link av-social-link-twitter' ><a target=\"_blank\" aria-label=\"Compartir en Twitter\" href='https:\/\/twitter.com\/share?text=Presidente%20Gabriel%20Boric%3A%20%C2%ABAnte%20el%20pueblo%20y%20los%20pueblos%20de%20Chile%2C%20s%C3%AD%20prometo%C2%BB&#038;url=https:\/\/radiorevelacionfm.cl\/?p=14537' aria-hidden='false' data-av_icon='\ue8f1' data-av_iconfont='entypo-fontello' title='' data-avia-related-tooltip='Compartir en Twitter' rel=\"noopener\"><span class='avia_hidden_link_text'>Compartir en Twitter<\/span><\/a><\/li><li class='av-share-link av-social-link-whatsapp' ><a target=\"_blank\" aria-label=\"Compartir en Whatsapp\" href='https:\/\/api.whatsapp.com\/send?text=https:\/\/radiorevelacionfm.cl\/?p=14537' aria-hidden='false' data-av_icon='\uf232' data-av_iconfont='entypo-fontello' title='' data-avia-related-tooltip='Compartir en Whatsapp' rel=\"noopener\"><span class='avia_hidden_link_text'>Compartir en Whatsapp<\/span><\/a><\/li><li class='av-share-link av-social-link-linkedin' ><a target=\"_blank\" aria-label=\"Compartir en LinkedIn\" href='https:\/\/linkedin.com\/shareArticle?mini=true&#038;title=Presidente%20Gabriel%20Boric%3A%20%C2%ABAnte%20el%20pueblo%20y%20los%20pueblos%20de%20Chile%2C%20s%C3%AD%20prometo%C2%BB&#038;url=https:\/\/radiorevelacionfm.cl\/?p=14537' aria-hidden='false' data-av_icon='\ue8fc' data-av_iconfont='entypo-fontello' title='' data-avia-related-tooltip='Compartir en LinkedIn' rel=\"noopener\"><span class='avia_hidden_link_text'>Compartir en LinkedIn<\/span><\/a><\/li><li class='av-share-link av-social-link-mail' ><a  aria-label=\"Compartir por correo\" href='mailto:?subject=Presidente%20Gabriel%20Boric%3A%20%C2%ABAnte%20el%20pueblo%20y%20los%20pueblos%20de%20Chile%2C%20s%C3%AD%20prometo%C2%BB&#038;body=https:\/\/radiorevelacionfm.cl\/?p=14537' aria-hidden='false' data-av_icon='\ue805' data-av_iconfont='entypo-fontello' title='' data-avia-related-tooltip='Compartir por correo'><span class='avia_hidden_link_text'>Compartir por correo<\/span><\/a><\/li><\/ul><\/div><\/div>\n<div  style='height:50px' class='hr hr-invisible   avia-builder-el-8  el_after_av_social_share  el_before_av_comments_list '><span class='hr-inner ' ><span class='hr-inner-style'><\/span><\/span><\/div>\n<div  class='av-buildercomment  av-blog-meta-html-info-disabled av-blog-meta-tag-disabled  '><\/div>\n","protected":false},"excerpt":{"rendered":"","protected":false},"author":1,"featured_media":14541,"comment_status":"open","ping_status":"open","sticky":false,"template":"","format":"standard","meta":{"footnotes":""},"categories":[61],"tags":[],"class_list":["post-14537","post","type-post","status-publish","format-standard","has-post-thumbnail","hentry","category-nacional"],"jetpack_featured_media_url":"https:\/\/radiorevelacionfm.cl\/wp-content\/uploads\/2022\/03\/image-78-2.jpg","_links":{"self":[{"href":"https:\/\/radiorevelacionfm.cl\/index.php?rest_route=\/wp\/v2\/posts\/14537","targetHints":{"allow":["GET"]}}],"collection":[{"href":"https:\/\/radiorevelacionfm.cl\/index.php?rest_route=\/wp\/v2\/posts"}],"about":[{"href":"https:\/\/radiorevelacionfm.cl\/index.php?rest_route=\/wp\/v2\/types\/post"}],"author":[{"embeddable":true,"href":"https:\/\/radiorevelacionfm.cl\/index.php?rest_route=\/wp\/v2\/users\/1"}],"replies":[{"embeddable":true,"href":"https:\/\/radiorevelacionfm.cl\/index.php?rest_route=%2Fwp%2Fv2%2Fcomments&post=14537"}],"version-history":[{"count":3,"href":"https:\/\/radiorevelacionfm.cl\/index.php?rest_route=\/wp\/v2\/posts\/14537\/revisions"}],"predecessor-version":[{"id":14540,"href":"https:\/\/radiorevelacionfm.cl\/index.php?rest_route=\/wp\/v2\/posts\/14537\/revisions\/14540"}],"wp:featuredmedia":[{"embeddable":true,"href":"https:\/\/radiorevelacionfm.cl\/index.php?rest_route=\/wp\/v2\/media\/14541"}],"wp:attachment":[{"href":"https:\/\/radiorevelacionfm.cl\/index.php?rest_route=%2Fwp%2Fv2%2Fmedia&parent=14537"}],"wp:term":[{"taxonomy":"category","embeddable":true,"href":"https:\/\/radiorevelacionfm.cl\/index.php?rest_route=%2Fwp%2Fv2%2Fcategories&post=14537"},{"taxonomy":"post_tag","embeddable":true,"href":"https:\/\/radiorevelacionfm.cl\/index.php?rest_route=%2Fwp%2Fv2%2Ftags&post=14537"}],"curies":[{"name":"wp","href":"https:\/\/api.w.org\/{rel}","templated":true}]}}