{"id":14534,"date":"2022-03-11T15:47:26","date_gmt":"2022-03-11T18:47:26","guid":{"rendered":"https:\/\/radiorevelacionfm.cl\/?p=14534"},"modified":"2022-03-11T15:47:26","modified_gmt":"2022-03-11T18:47:26","slug":"lanzan-convocatoria-para-creacion-de-obras-artisticas-de-contenido-cientifico-inspiradas-en-investigaciones-de-la-uaysen","status":"publish","type":"post","link":"https:\/\/radiorevelacionfm.cl\/?p=14534","title":{"rendered":"Lanzan convocatoria para creaci\u00f3n de obras art\u00edsticas de contenido cient\u00edfico inspiradas en investigaciones de la UAys\u00e9n"},"content":{"rendered":"<div class=\"flex_column av_one_full  flex_column_div av-zero-column-padding first  avia-builder-el-0  el_before_av_one_full  avia-builder-el-first  \" style='border-radius:0px; '><div  class='avia-image-container  av-styling-    avia-builder-el-1  avia-builder-el-no-sibling  avia-align-center '  itemprop=\"image\" itemscope=\"itemscope\" itemtype=\"https:\/\/schema.org\/ImageObject\"  ><div class='avia-image-container-inner'><div class='avia-image-overlay-wrap'><img decoding=\"async\" class='wp-image-14535 avia-img-lazy-loading-not-14535 avia_image' src=\"https:\/\/radiorevelacionfm.cl\/wp-content\/uploads\/2022\/03\/UNIVERSIDAD-DE-AYSEN-CP-123-2-2.jpg\" alt='' title='UNIVERSIDAD DE AYSEN CP-123-2-2' height=\"600\" width=\"900\"  itemprop=\"thumbnailUrl\" srcset=\"https:\/\/radiorevelacionfm.cl\/wp-content\/uploads\/2022\/03\/UNIVERSIDAD-DE-AYSEN-CP-123-2-2.jpg 900w, https:\/\/radiorevelacionfm.cl\/wp-content\/uploads\/2022\/03\/UNIVERSIDAD-DE-AYSEN-CP-123-2-2-300x200.jpg 300w, https:\/\/radiorevelacionfm.cl\/wp-content\/uploads\/2022\/03\/UNIVERSIDAD-DE-AYSEN-CP-123-2-2-768x512.jpg 768w, https:\/\/radiorevelacionfm.cl\/wp-content\/uploads\/2022\/03\/UNIVERSIDAD-DE-AYSEN-CP-123-2-2-705x470.jpg 705w, https:\/\/radiorevelacionfm.cl\/wp-content\/uploads\/2022\/03\/UNIVERSIDAD-DE-AYSEN-CP-123-2-2-600x400.jpg 600w\" sizes=\"(max-width: 900px) 100vw, 900px\" \/><\/div><\/div><\/div><\/div><div class=\"flex_column av_one_full  flex_column_div av-zero-column-padding first  avia-builder-el-2  el_after_av_one_full  el_before_av_one_full  column-top-margin\" style='border-radius:0px; '><section class=\"av_textblock_section \"  itemscope=\"itemscope\" itemtype=\"https:\/\/schema.org\/BlogPosting\" itemprop=\"blogPost\" ><div class='avia_textblock  '   itemprop=\"text\" ><p style=\"text-align: center;\"><span style=\"font-size: 18pt;\"><strong>Lanzan convocatoria para creaci\u00f3n de obras art\u00edsticas de contenido cient\u00edfico inspiradas en investigaciones de la UAys\u00e9n<\/strong><\/span><\/p>\n<div id=\"gtx-trans\" style=\"position: absolute; left: -50px; top: 4.31534px;\">\n<div class=\"gtx-trans-icon\"><\/div>\n<\/div>\n<\/div><\/section><\/div><div class=\"flex_column av_one_full  flex_column_div av-zero-column-padding first  avia-builder-el-4  el_after_av_one_full  el_before_av_hr  column-top-margin\" style='border-radius:0px; '><section class=\"av_textblock_section \"  itemscope=\"itemscope\" itemtype=\"https:\/\/schema.org\/BlogPosting\" itemprop=\"blogPost\" ><div class='avia_textblock  '   itemprop=\"text\" ><p style=\"text-align: justify;\">La iniciativa denominada programa de residencias cient\u00edficas-art\u00edsticas \u201cResidencia Remota\u201d est\u00e1 dirigida a artistas nacionales y extranjeras\/os residentes en Chile quienes deber\u00e1n trabajar creativamente en un proyecto original e in\u00e9dito a partir de las investigaciones desarrolladas al interior del plantel estatal.<\/p>\n<p style=\"text-align: justify;\">El prop\u00f3sito del concurso, organizado por la Universidad de Ays\u00e9n en colaboraci\u00f3n con el Museo Regional de Ays\u00e9n,\u00a0 es generar una obra art\u00edstica que comunique los resultados de las investigaciones desarrolladas por algunos acad\u00e9micos y acad\u00e9micas de la casa de estudios superiores como el an\u00e1lisis de ADN ambiental para monitoreo de biodiversidad, la b\u00fasqueda de compuestos bioactivos en los bosques ayseninos o la valorizaci\u00f3n del patrimonio frut\u00edcola de la regi\u00f3n.<\/p>\n<p style=\"text-align: justify;\">Las y los artistas que resulten seleccionados contar\u00e1n con financiamiento para trabajar en Ays\u00e9n -incluidos honorarios, costos de instalaci\u00f3n, traslado y otros gastos &#8211; considerando acciones de vinculaci\u00f3n con el territorio y actividades de mediaci\u00f3n.<\/p>\n<p style=\"text-align: justify;\">La postulaci\u00f3n se realiza v\u00eda formulario en uaysen.cl\/residencia-remota\u00a0 y\u00a0 cierra el 10 de abril. Adem\u00e1s de la propuesta art\u00edstica, deber\u00e1 incluir la presentaci\u00f3n de un portafolio que d\u00e9 cuenta de la experiencia art\u00edstica de el o la postulante.<\/p>\n<\/div><\/section><\/div><div  style='height:50px' class='hr hr-invisible   avia-builder-el-6  el_after_av_one_full  el_before_av_social_share '><span class='hr-inner ' ><span class='hr-inner-style'><\/span><\/span><\/div><\/p>\n<div  class='av-social-sharing-box  avia-builder-el-7  el_after_av_hr  el_before_av_hr  '><div class='av-share-box'><h5 class='av-share-link-description av-no-toc '>Compartir esta noticia<\/h5><ul class='av-share-box-list noLightbox'><li class='av-share-link av-social-link-facebook' ><a target=\"_blank\" aria-label=\"Compartir en Facebook\" href='https:\/\/www.facebook.com\/sharer.php?u=https:\/\/radiorevelacionfm.cl\/?p=14534&#038;t=Lanzan%20convocatoria%20para%20creaci%C3%B3n%20de%20obras%20art%C3%ADsticas%20de%20contenido%20cient%C3%ADfico%20inspiradas%20en%20investigaciones%20de%20la%20UAys%C3%A9n' aria-hidden='false' data-av_icon='\ue8f3' data-av_iconfont='entypo-fontello' title='' data-avia-related-tooltip='Compartir en Facebook' rel=\"noopener\"><span class='avia_hidden_link_text'>Compartir en Facebook<\/span><\/a><\/li><li class='av-share-link av-social-link-twitter' ><a target=\"_blank\" aria-label=\"Compartir en Twitter\" href='https:\/\/twitter.com\/share?text=Lanzan%20convocatoria%20para%20creaci%C3%B3n%20de%20obras%20art%C3%ADsticas%20de%20contenido%20cient%C3%ADfico%20inspiradas%20en%20investigaciones%20de%20la%20UAys%C3%A9n&#038;url=https:\/\/radiorevelacionfm.cl\/?p=14534' aria-hidden='false' data-av_icon='\ue8f1' data-av_iconfont='entypo-fontello' title='' data-avia-related-tooltip='Compartir en Twitter' rel=\"noopener\"><span class='avia_hidden_link_text'>Compartir en Twitter<\/span><\/a><\/li><li class='av-share-link av-social-link-whatsapp' ><a target=\"_blank\" aria-label=\"Compartir en Whatsapp\" href='https:\/\/api.whatsapp.com\/send?text=https:\/\/radiorevelacionfm.cl\/?p=14534' aria-hidden='false' data-av_icon='\uf232' data-av_iconfont='entypo-fontello' title='' data-avia-related-tooltip='Compartir en Whatsapp' rel=\"noopener\"><span class='avia_hidden_link_text'>Compartir en Whatsapp<\/span><\/a><\/li><li class='av-share-link av-social-link-linkedin' ><a target=\"_blank\" aria-label=\"Compartir en LinkedIn\" href='https:\/\/linkedin.com\/shareArticle?mini=true&#038;title=Lanzan%20convocatoria%20para%20creaci%C3%B3n%20de%20obras%20art%C3%ADsticas%20de%20contenido%20cient%C3%ADfico%20inspiradas%20en%20investigaciones%20de%20la%20UAys%C3%A9n&#038;url=https:\/\/radiorevelacionfm.cl\/?p=14534' aria-hidden='false' data-av_icon='\ue8fc' data-av_iconfont='entypo-fontello' title='' data-avia-related-tooltip='Compartir en LinkedIn' rel=\"noopener\"><span class='avia_hidden_link_text'>Compartir en LinkedIn<\/span><\/a><\/li><li class='av-share-link av-social-link-mail' ><a  aria-label=\"Compartir por correo\" href='mailto:?subject=Lanzan%20convocatoria%20para%20creaci%C3%B3n%20de%20obras%20art%C3%ADsticas%20de%20contenido%20cient%C3%ADfico%20inspiradas%20en%20investigaciones%20de%20la%20UAys%C3%A9n&#038;body=https:\/\/radiorevelacionfm.cl\/?p=14534' aria-hidden='false' data-av_icon='\ue805' data-av_iconfont='entypo-fontello' title='' data-avia-related-tooltip='Compartir por correo'><span class='avia_hidden_link_text'>Compartir por correo<\/span><\/a><\/li><\/ul><\/div><\/div>\n<div  style='height:50px' class='hr hr-invisible   avia-builder-el-8  el_after_av_social_share  el_before_av_comments_list '><span class='hr-inner ' ><span class='hr-inner-style'><\/span><\/span><\/div>\n<div  class='av-buildercomment  av-blog-meta-html-info-disabled av-blog-meta-tag-disabled  '><\/div>\n","protected":false},"excerpt":{"rendered":"","protected":false},"author":1,"featured_media":14535,"comment_status":"open","ping_status":"open","sticky":false,"template":"","format":"standard","meta":{"footnotes":""},"categories":[49],"tags":[],"class_list":["post-14534","post","type-post","status-publish","format-standard","has-post-thumbnail","hentry","category-educacion"],"jetpack_featured_media_url":"https:\/\/radiorevelacionfm.cl\/wp-content\/uploads\/2022\/03\/UNIVERSIDAD-DE-AYSEN-CP-123-2-2.jpg","_links":{"self":[{"href":"https:\/\/radiorevelacionfm.cl\/index.php?rest_route=\/wp\/v2\/posts\/14534","targetHints":{"allow":["GET"]}}],"collection":[{"href":"https:\/\/radiorevelacionfm.cl\/index.php?rest_route=\/wp\/v2\/posts"}],"about":[{"href":"https:\/\/radiorevelacionfm.cl\/index.php?rest_route=\/wp\/v2\/types\/post"}],"author":[{"embeddable":true,"href":"https:\/\/radiorevelacionfm.cl\/index.php?rest_route=\/wp\/v2\/users\/1"}],"replies":[{"embeddable":true,"href":"https:\/\/radiorevelacionfm.cl\/index.php?rest_route=%2Fwp%2Fv2%2Fcomments&post=14534"}],"version-history":[{"count":2,"href":"https:\/\/radiorevelacionfm.cl\/index.php?rest_route=\/wp\/v2\/posts\/14534\/revisions"}],"predecessor-version":[{"id":14550,"href":"https:\/\/radiorevelacionfm.cl\/index.php?rest_route=\/wp\/v2\/posts\/14534\/revisions\/14550"}],"wp:featuredmedia":[{"embeddable":true,"href":"https:\/\/radiorevelacionfm.cl\/index.php?rest_route=\/wp\/v2\/media\/14535"}],"wp:attachment":[{"href":"https:\/\/radiorevelacionfm.cl\/index.php?rest_route=%2Fwp%2Fv2%2Fmedia&parent=14534"}],"wp:term":[{"taxonomy":"category","embeddable":true,"href":"https:\/\/radiorevelacionfm.cl\/index.php?rest_route=%2Fwp%2Fv2%2Fcategories&post=14534"},{"taxonomy":"post_tag","embeddable":true,"href":"https:\/\/radiorevelacionfm.cl\/index.php?rest_route=%2Fwp%2Fv2%2Ftags&post=14534"}],"curies":[{"name":"wp","href":"https:\/\/api.w.org\/{rel}","templated":true}]}}