{"id":14523,"date":"2022-03-11T09:53:42","date_gmt":"2022-03-11T12:53:42","guid":{"rendered":"https:\/\/radiorevelacionfm.cl\/?p=14523"},"modified":"2022-03-11T09:53:42","modified_gmt":"2022-03-11T12:53:42","slug":"conservacion-turismo-y-megaloteos-jugando-al-monopoly-verde-en-la-patagonia","status":"publish","type":"post","link":"https:\/\/radiorevelacionfm.cl\/?p=14523","title":{"rendered":"Conservaci\u00f3n, turismo y megaloteos: Jugando al Monopoly verde en la Patagonia"},"content":{"rendered":"<div class=\"flex_column av_one_full  flex_column_div av-zero-column-padding first  avia-builder-el-0  el_before_av_one_full  avia-builder-el-first  \" style='border-radius:0px; '><div  class='avia-image-container  av-styling-    avia-builder-el-1  avia-builder-el-no-sibling  avia-align-center '  itemprop=\"image\" itemscope=\"itemscope\" itemtype=\"https:\/\/schema.org\/ImageObject\"  ><div class='avia-image-container-inner'><div class='avia-image-overlay-wrap'><img decoding=\"async\" class='wp-image-14524 avia-img-lazy-loading-not-14524 avia_image' src=\"https:\/\/radiorevelacionfm.cl\/wp-content\/uploads\/2022\/03\/1-20160317_153044-2.jpg\" alt='' title='1 20160317_153044-2' height=\"600\" width=\"800\"  itemprop=\"thumbnailUrl\" srcset=\"https:\/\/radiorevelacionfm.cl\/wp-content\/uploads\/2022\/03\/1-20160317_153044-2.jpg 800w, https:\/\/radiorevelacionfm.cl\/wp-content\/uploads\/2022\/03\/1-20160317_153044-2-300x225.jpg 300w, https:\/\/radiorevelacionfm.cl\/wp-content\/uploads\/2022\/03\/1-20160317_153044-2-768x576.jpg 768w, https:\/\/radiorevelacionfm.cl\/wp-content\/uploads\/2022\/03\/1-20160317_153044-2-705x529.jpg 705w, https:\/\/radiorevelacionfm.cl\/wp-content\/uploads\/2022\/03\/1-20160317_153044-2-600x450.jpg 600w\" sizes=\"(max-width: 800px) 100vw, 800px\" \/><\/div><\/div><\/div><\/div><div class=\"flex_column av_one_full  flex_column_div av-zero-column-padding first  avia-builder-el-2  el_after_av_one_full  el_before_av_one_full  column-top-margin\" style='border-radius:0px; '><section class=\"av_textblock_section \"  itemscope=\"itemscope\" itemtype=\"https:\/\/schema.org\/BlogPosting\" itemprop=\"blogPost\" ><div class='avia_textblock  '   itemprop=\"text\" ><p style=\"text-align: center;\"><span style=\"font-size: 18pt;\"><strong>Conservaci\u00f3n, turismo y megaloteos: Jugando al Monopoly verde en la Patagonia<\/strong><\/span><\/p>\n<div id=\"gtx-trans\" style=\"position: absolute; left: -50px; top: 4.31534px;\">\n<div class=\"gtx-trans-icon\"><\/div>\n<\/div>\n<\/div><\/section><\/div><div class=\"flex_column av_one_full  flex_column_div av-zero-column-padding first  avia-builder-el-4  el_after_av_one_full  el_before_av_hr  column-top-margin\" style='border-radius:0px; '><section class=\"av_textblock_section \"  itemscope=\"itemscope\" itemtype=\"https:\/\/schema.org\/BlogPosting\" itemprop=\"blogPost\" ><div class='avia_textblock  '   itemprop=\"text\" ><div style=\"text-align: justify;\"><span style=\"font-size: 12pt;\">PRIMERA PARTE: \u00bfPuede la conservaci\u00f3n\u00a0ser un medio para el control del suelo de un territorio?<\/span><\/div>\n<div style=\"text-align: justify;\"><span style=\"font-size: 12pt;\">\u00a0<\/span><\/div>\n<div style=\"text-align: justify;\"><span style=\"font-size: 12pt;\">En Ays\u00e9n, el inter\u00e9s por proteger y conservar las tierras muchas veces se mezcla con la compra privada de grandes extensiones de territorio, la elitizaci\u00f3n del acceso al suelo, intereses de subdividir para hacer buenos y \u00abecol\u00f3gicos\u00bb negocios, todo al margen de la planificaci\u00f3n p\u00fablica regional y con escasa participaci\u00f3n de quienes efectivamente habitan los territorios. Ayer en otras latitudes se defini\u00f3 que la regi\u00f3n de Ays\u00e9n ser\u00eda una gran despensa energ\u00e9tica, intentando empresas trasnacionales imponer un modelo de desarrollo basado en la construcci\u00f3n de<span class=\"v1gmail_default\"><span class=\"v1gmail-Apple-converted-space\">\u00a0<\/span><\/span>grandes represas. Hoy, la conservaci\u00f3n -por la cual una parte importante de la poblaci\u00f3n regional se moviliz\u00f3- pareciera tambi\u00e9n responder a decisiones tomadas en otro tiempo y lugar.<\/span><\/div>\n<div><\/div>\n<div style=\"text-align: justify;\"><\/div>\n<div style=\"text-align: justify;\"><span style=\"font-size: 12pt;\">Divergentes visiones existen en la regi\u00f3n de Ays\u00e9n ante la llegada de la conservaci\u00f3n a la Patagonia chilena.\u00a0Acorde a lo que se ha dado a conocer en el mundo como \u00abgreen grabbing\u00bb (\u00abcolonialismo verde\u00bb), los investigadores Enrique Aliste Almuna (ge\u00f3grafo), Andr\u00e9s N\u00fa\u00f1ez Gonz\u00e1lez (historiador) y \u00c1lvaro Bello Maldonado (antrop\u00f3loga) suscriben la tesis de un creciente \u00ab<a href=\"http:\/\/www.ub.edu\/geocrit\/xiv_nunezaliste.pdf\" target=\"_blank\" rel=\"noopener noreferrer\">control de la propiedad y neo-colonizaci\u00f3n<\/a>\u00bb de la Patagonia, particularmente de la regi\u00f3n de Ays\u00e9n, de la mano del discurso ecol\u00f3gico.\u00a0Ponen como ejemplo el concepto y modelo \u00ab<a href=\"https:\/\/issuu.com\/psegura\/docs\/declaracio_n_arv_final\" target=\"_blank\" rel=\"noopener noreferrer\">Ays\u00e9n reserva de vida<\/a>\u00ab, que muchos de quienes habitamos estos lugares impulsamos, afirmando que \u00e9ste no ser\u00eda m\u00e1s que una\u00a0<a href=\"https:\/\/books.openedition.org\/eunrn\/1788?lang=es\" target=\"_blank\" rel=\"noopener noreferrer\">excusa para apropiarse del territorio<\/a>\u00a0y su sentido (<a href=\"https:\/\/www.scielo.cl\/scielo.php?script=sci_arttext&amp;pid=S0718-34022016000200012\" target=\"_blank\" rel=\"noopener noreferrer\">opini\u00f3n que comparte el antrop\u00f3logo<\/a>\u00a0Juan Carlos Rodr\u00edguez), expulsando de paso a los habitantes tradicionales (los chilenos, ya que los aonikenk\u00a0<a href=\"https:\/\/www.senado.cl\/senadores\/buscan-reconocer-genocidio-contra-las-etnias-de-la-zona-austral-de-chile\" target=\"_blank\" rel=\"noopener noreferrer\">fueron exterminados hace m\u00e1s de un siglo<\/a>) de la propiedad del suelo y de su imaginario asociado.<\/span><\/div>\n<div style=\"text-align: justify;\"><span style=\"font-size: 12pt;\">\u00a0<\/span><\/div>\n<div style=\"text-align: justify;\"><span style=\"font-size: 12pt;\">\u00abCapitalismo y discurso &#8216;verde&#8217; presentan una relaci\u00f3n m\u00e1s estrecha de lo que es visible desde la apariencia. En el fondo, &#8216;lo verde&#8217; se ha transformado en un discurso ut\u00f3pico cuyo soporte es tambi\u00e9n una tecnolog\u00eda de poder que impacta de modo radical en los espacios locales y donde el capital termina concentrando la propiedad de la tierra, los medios de producci\u00f3n y el horizonte cultural desde donde debe asentarse o comprenderse la zona\u00bb, plantean los investigadores, desde una matriz de pensamiento donde el control de los medios de producci\u00f3n, como el suelo, es fundamental.<\/span><\/div>\n<div style=\"text-align: justify;\"><span style=\"font-size: 12pt;\">\u00a0<\/span><\/div>\n<div style=\"text-align: justify;\"><span style=\"font-size: 12pt;\">En\u00a0<a href=\"https:\/\/www.redalyc.org\/jatsRepo\/459\/45959310009\/index.html\" target=\"_blank\" rel=\"noopener noreferrer\">m\u00faltiples<\/a>\u00a0papers han plasmado los resultados de sus investigaciones, describiendo a este nuevo movimiento conservacionista como \u00abecoextractivismo\u00bb.\u00a0En el art\u00edculo \u00ab<a href=\"https:\/\/terceradosis.cl\/2021\/11\/14\/ricos-al-rescate-de-la-patagonia-bienvenidos-al-capitalismo-verde\/\" target=\"_blank\" rel=\"noopener noreferrer\">Bienvenidos al capitalismo verde<\/a>\u00bb de la periodista Marcela Ramos, Aliste\u00a0<a href=\"https:\/\/terceradosis.cl\/2021\/11\/14\/enrique-aliste-geografo-de-la-universidad-de-chile-hoy-el-capitalismo-se-salva-a-traves-de-discursos-ambientales-es-bien-fascinante\/\" target=\"_blank\" rel=\"noopener noreferrer\">afirma<\/a>\u00a0que la situaci\u00f3n de Ays\u00e9n por esta ofensiva ligada a la masiva adquisici\u00f3n privada de tierras \u00abnos muestra la infinita capacidad del capitalismo para reinventarse; para sobreponerse incluso a lo m\u00e1s adverso y transformarlo en una ventaja. Hasta hace un tiempo la idea era que los discursos ambientales nos iban a ayudar a combatir el capitalismo, pero de pronto nos damos cuenta que en realidad el capitalismo se salva a trav\u00e9s de los discursos ambientales\u00bb.<\/span><\/div>\n<div style=\"text-align: justify;\"><span style=\"font-size: 12pt;\">\u00a0<\/span><\/div>\n<div style=\"text-align: justify;\"><span style=\"font-size: 12pt;\">Para bien o para mal, la investigaci\u00f3n de larga data de Aliste, N\u00fa\u00f1ez y Bello sobre el traspaso de la propiedad de la tierra en Ays\u00e9n da cuenta sobre lo que ha venido ocurriendo durante los \u00faltimos a\u00f1os en este territorio. Un resumen de esta visi\u00f3n est\u00e1 contenida en el\u00a0<a href=\"https:\/\/repositorio.uchile.cl\/bitstream\/handle\/2250\/145418\/Imaginarios_geogra%20ficos_pra%20cticas_y_discursos_de_frontera.pdf?sequence=1\" target=\"_blank\" rel=\"noopener noreferrer\">libro<\/a>\u00a0\u00abImaginarios geogr\u00e1ficos, pr\u00e1cticas y discursos de frontera: Ais\u00e9n-Patagonia desde el texto de la naci\u00f3n\u00bb, editado en 2017.<\/span><\/div>\n<div style=\"text-align: justify;\"><span style=\"font-size: 12pt;\">\u00a0<\/span><\/div>\n<div style=\"text-align: justify;\"><span style=\"font-size: 12pt;\">Defensores del proceso que se lleva adelante desde hace d\u00e9cadas para implantar en la regi\u00f3n una forma de desarrollo m\u00e1s sostenible desde el punto de vista ecol\u00f3gico, econ\u00f3mico, social y cultural, basado en conservaci\u00f3n unida a actividades productivas diversas y de peque\u00f1a escala, se quejan que la descripci\u00f3n de los acad\u00e9micos es una generalizaci\u00f3n.\u00a0Esto porque el\u00a0leit motiv\u00a0y\/o consecuencias de uno de los conceptos matrices del movimiento socioambiental regional, Ays\u00e9n como reserva de vida, desde su origen no ha buscado ni perseguido mercantilizar la naturaleza ni excluir grupos.\u00a0S\u00ed ha pretendido proteger el territorio y maritorio ante el avance de una mirada que ve la biodiversidad de Ays\u00e9n s\u00f3lo como una despensa, un bot\u00edn o una plataforma.<\/span><\/div>\n<div style=\"text-align: justify;\"><span style=\"font-size: 12pt;\">\u00a0<\/span><\/div>\n<div style=\"text-align: justify;\"><span style=\"font-size: 12pt;\">Sin embargo, cualquiera que sea el lado en que se encuentre, es evidente que hay muchas formas de apropiarse de la Trapananda. La realidad es que, desde otros \u00e1mbitos, perspectivas y acciones, capturar su suelo, paisajes y significados s\u00ed es posible que sea la raz\u00f3n de ser de diversos actores hoy presentes en el territorio.<\/span><\/div>\n<div style=\"text-align: justify;\"><span style=\"font-size: 12pt;\">\u00a0<\/span><\/div>\n<div style=\"text-align: justify;\"><span style=\"font-size: 12pt;\"><strong>\u00bfReserva de vida para una elite?<\/strong><\/span><\/div>\n<div style=\"text-align: justify;\"><span style=\"font-size: 12pt;\">Desde hace mucho, antes incluso que el Estado se apersonara con sus divisiones pol\u00edtico administrativas, el austro aysenino ha sido visto como un bot\u00edn. De las grandes estancias, de von Flack y tantos otros que llegaron seducidos por la excepcionalidad de sus paisajes, exuberancia natural y atrayente lejan\u00eda.\u00a0Vieron en ella una gran despensa de cipreses, luego de pasturas para ganader\u00eda, mar para pesca, borde costero para salmonicultura.\u00a0Sus aguas y hielos tampoco han estado fuera del radar de las empresas de energ\u00eda y suministro h\u00eddrico.\u00a0Y \u00faltimamente su aire, si nos fijamos en c\u00f3mo cada d\u00eda nuevos artefactos cruzan su espacio inmediato: los miradores ya no tienen por qu\u00e9 estar anclados a la tierra.<\/span><\/div>\n<div style=\"text-align: justify;\"><span style=\"font-size: 12pt;\">\u00a0<\/span><\/div>\n<div style=\"text-align: justify;\"><span style=\"font-size: 12pt;\">Pero desde hace un tiempo el aterrizaje es distinto. Casi tres d\u00e9cadas de acci\u00f3n socioambiental bajo el paraguas de Ays\u00e9n reserva de vida han transformado a la regi\u00f3n en \u00edcono nacional e internacional.\u00a0Sus campos de hielo, sus millones de hect\u00e1reas de bosque nativo, sus caudalosos r\u00edos, monta\u00f1as y espacios abiertos, han llamado la atenci\u00f3n del mundo.\u00a0Con dis\u00edmiles fines, haciendo que este foco se transforme, claramente, en una\u00a0<a href=\"https:\/\/www.elquintopoder.cl\/medio-ambiente\/la-fatalidad-del-paraiso\/\" target=\"_blank\" rel=\"noopener noreferrer\">fatalidad<\/a>.\u00a0La fatalidad del para\u00edso que atrae.\u00a0Porque atrae lo que le sostiene, pero tambi\u00e9n lo que lo puede extinguir.<\/span><\/div>\n<div style=\"text-align: justify;\"><span style=\"font-size: 12pt;\">\u00a0<\/span><\/div>\n<div style=\"text-align: justify;\"><span style=\"font-size: 12pt;\">Desde mediados de la d\u00e9cada pasada se sab\u00eda que Ays\u00e9n reserva de vida\u00a0<a href=\"https:\/\/www.elmostrador.cl\/noticias\/opinion\/2017\/11\/07\/patagonia-sin-represas-la-tarea-inconclusa\/\" target=\"_blank\" rel=\"noopener noreferrer\">no se agotaba en Patagonia sin Represas<\/a>.\u00a0Que el problema no eran los proyectos de energ\u00eda.\u00a0El problema era el sentido com\u00fan imperante que ve a naturaleza s\u00f3lo como un medio de producci\u00f3n.\u00a0O apropiaci\u00f3n.<\/span><\/div>\n<div style=\"text-align: justify;\"><span style=\"font-size: 12pt;\">\u00a0<\/span><\/div>\n<div style=\"text-align: justify;\"><span style=\"font-size: 12pt;\">La lucha ciudadana contra el proyecto Alumysa que emergi\u00f3\u00a0<a href=\"https:\/\/www.patagonjournal.com\/index.php?option=com_content&amp;view=article&amp;id=371:alumysa-el-fantasma-que-persigue-a-energia-austral&amp;catid=97:medio-ambiente&amp;Itemid=340&amp;lang=es\" target=\"_blank\" rel=\"noopener noreferrer\">a principios del 2000<\/a>\u00a0y, m\u00e1s a\u00fan, contra la construcci\u00f3n de las represas de\u00a0<a href=\"https:\/\/issuu.com\/psegura\/docs\/9_hidroaysen_fin\" target=\"_blank\" rel=\"noopener noreferrer\">HidroAys\u00e9n<\/a>\u00a0y\u00a0<a href=\"https:\/\/issuu.com\/psegura\/docs\/ce_170_renuncia__rca_cuervo-1\" target=\"_blank\" rel=\"noopener noreferrer\">Energ\u00eda Austral<\/a>\u00a0en el marco de la campa\u00f1a Patagonia sin Represas, dieron una potente se\u00f1al al inadvertido chileno de a pie: este apartado territorio deb\u00eda ser muy especial para que tantos esfuerzos se destinaran a su protecci\u00f3n.<\/span><\/div>\n<div style=\"text-align: justify;\"><span style=\"font-size: 12pt;\">\u00a0<\/span><\/div>\n<div style=\"text-align: justify;\"><span style=\"font-size: 12pt;\">Pero han sido diversas decisiones previas las que fueron dibujando ese destino.\u00a0Hoy m\u00e1s de un 50% de su territorio es parte del Sistema Nacional de \u00c1reas Protegidas del Estado, con m\u00faltiples y extensos parques y reservas nacionales.<\/span><\/div>\n<div style=\"text-align: justify;\"><span style=\"font-size: 12pt;\">\u00a0<\/span><\/div>\n<div style=\"text-align: justify;\"><span style=\"font-size: 12pt;\"><a href=\"https:\/\/www.conaf.cl\/cms\/editorweb\/parques\/G.pdf\" target=\"_blank\" rel=\"noopener noreferrer\">El primero<\/a>, Laguna San Rafael, que aunque fue declarado reserva a fines del gobierno de Jorge Alessandri Rodr\u00edguez, en 1967 Eduardo Frei Montalva lo recategoriz\u00f3 a parque nacional.\u00a0Ese a\u00f1o se cre\u00f3 tambi\u00e9n el Parque Nacional Isla Guamblin y en 1969 Bernardo O&#8217;Higgins.\u00a0Le siguieron Isla Magdalena y Queulat (1983).\u00a0Entonces, precisa se\u00f1alar, el sentido de cuidar la biodiversidad de Ays\u00e9n no provino desde el mercado.\u00a0Lleg\u00f3 de la mano del Estado.\u00a0<\/span><\/div>\n<div style=\"text-align: justify;\"><span style=\"font-size: 12pt;\">\u00a0<\/span><\/div>\n<div style=\"text-align: justify;\"><span style=\"font-size: 12pt;\">En los \u00faltimos a\u00f1os han aumentado considerablemente las iniciativas de conservaci\u00f3n, tanto en terrenos privados como p\u00fablicos.<\/span><\/div>\n<div style=\"text-align: justify;\"><span style=\"font-size: 12pt;\">\u00a0<\/span><\/div>\n<div style=\"text-align: justify;\"><span style=\"font-size: 12pt;\">El caso m\u00e1s emblem\u00e1tico es el del Parque Nacional Patagonia (PNP), que tiene un origen h\u00edbrido, igual que Corcovado (2005), Yendegaia (2014), Melimoyu (2018), Pumal\u00edn Douglas Tompkins (2018) y Kaw\u00e9sqar (2019); son fruto de las donaciones privadas que hicieran al Estado de Chile\u00a0por la Fundaci\u00f3n Tompkins Conservation, creada por los fil\u00e1ntropos estadounidenses Douglas y Kristine Tompkins.<\/span><\/div>\n<div style=\"text-align: justify;\"><span style=\"font-size: 12pt;\">\u00a0<\/span><\/div>\n<div style=\"text-align: justify;\"><span style=\"font-size: 12pt;\">El Parque Nacional Patagonia, con 304 mil hect\u00e1reas, fue constituido el\u00a0<a href=\"https:\/\/www.bcn.cl\/leychile\/navegar?idNorma=1126527\" target=\"_blank\" rel=\"noopener noreferrer\">25 de octubre de 2018<\/a>\u00a0y es administrado por la Corporaci\u00f3n Nacional Forestal.\u00a0Confluyeron en este territorio las recategorizadas reservas nacionales Jeinimeni (161.100 mil h\u00e1s) y Lago Tamango o Cochrane (6.925 h\u00e1s), la donaci\u00f3n de la Estancia Valle Chacabuco (70.000 h\u00e1s) propiedad de los Tompkins y otros terrenos fiscales.\u00a0<\/span><\/div>\n<div style=\"text-align: justify;\">\n<div><span style=\"font-size: 12pt;\">\u00a0<\/span><\/div>\n<div><span style=\"font-size: 12pt;\">Durante las \u00faltimas semanas esta \u00e1rea protegida p\u00fablica llam\u00f3 la atenci\u00f3n tras la cr\u00edtica del arquitecto Francisco Morand\u00e9 Ruiz-Tagle a la modificaci\u00f3n que la corporaci\u00f3n hotelera Explora, de Pedro Ib\u00e1\u00f1ez Santa Mar\u00eda, hiciera al lodge y restor\u00e1n que dise\u00f1ara junto a\u00a0Douglas Tompkins.\u00a0\u00abRetiraron todo el mobiliario, con sus tallados hechos a mano, las molduras, las fotos seleccionadas para cada muro, cuadros, l\u00e1mparas, cientos de detalles pensados y dise\u00f1ados exclusivamente para cada lugar, y lo reemplazaron por muebles comunes de cualquier recepci\u00f3n de un edificio capitalino\u00bb,\u00a0fueron sus palabras en una carta publicada por El Mercurio y replicada por\u00a0<a href=\"https:\/\/www.biobiochile.cl\/noticias\/nacional\/region-de-aysen\/2022\/01\/03\/arquitecto-denuncia-intervencion-de-hotelera-a-infraestructura-de-parque-nacional-patagonia.shtml\" target=\"_blank\" rel=\"noopener noreferrer\">otros medios<\/a>.<\/span><\/div>\n<div><span style=\"font-size: 12pt;\">\u00a0<\/span><\/div>\n<div><span style=\"font-size: 12pt;\">Esta alerta, que se enmarca en una\u00a0<a href=\"https:\/\/www.conaf.cl\/explora-se-adjudica-servicios-ecoturisticos-en-el-parque-nacional-patagonia\/\" target=\"_blank\" rel=\"noopener noreferrer\">concesi\u00f3n de Conaf<\/a>\u00a0que durar\u00e1 hasta 2046, se suma a la queja de muchos visitantes que han se\u00f1alado que el lodge y restaurant, antes abiertos al p\u00fablico general, partieron restringidos a los clientes de Explora.<\/span><\/div>\n<\/div>\n<div style=\"text-align: justify;\"><span style=\"font-size: 12pt;\">\u00a0<\/span><\/div>\n<div style=\"text-align: justify;\"><span style=\"font-size: 12pt;\">En la regi\u00f3n de Ays\u00e9n este hecho es visto como la privatizaci\u00f3n de facto (y por ende elitizaci\u00f3n) de un \u00e1rea que, si bien contempla una donaci\u00f3n privada al fisco de Chile, estuvo en el centro de una lucha regional y nacional como Patagonia sin Represas (HidroAys\u00e9n pretend\u00eda construir el muro de la represa Baker 1 justo\u00a0<a href=\"https:\/\/media.elmostrador.cl\/2017\/05\/HidroAys%C3%A9n3-700x467.jpg\" target=\"_blank\" rel=\"noopener noreferrer\">frente al acceso al sector Valle Chacabuco<\/a>del hoy parque), con m\u00faltiples costos.\u00a0La licitaci\u00f3n busc\u00f3 inyectar\u00a0<a href=\"https:\/\/codexverde.cl\/director-de-conaf-por-nuevos-parques-no-tenemos-recursos-pero-tenemos-que-ver-como-asumir-esta-realidad\/\" target=\"_blank\" rel=\"noopener noreferrer\">recursos financieros a la gesti\u00f3n del \u00e1rea protegida por parte del Estado<\/a>, pero en este proceso es posible que se desvirt\u00fae el sentido de lo p\u00fablico de un parque nacional.<\/span><\/div>\n<div style=\"text-align: justify;\"><span style=\"font-size: 12pt;\">\u00a0<\/span><\/div>\n<div style=\"text-align: justify;\"><span style=\"font-size: 12pt;\">El PNP es parte de la\u00a0<a href=\"https:\/\/www.rutadelosparques.org\/los-parques\/\" target=\"_blank\" rel=\"noopener noreferrer\">Red de los Parques de la Patagonia<\/a>: 17 \u00e1reas protegidas en 11,8 millones de hect\u00e1reas a lo largo de 2.800 kms. desde Puerto Montt (regi\u00f3n de Los Lagos) hasta el Cabo de Hornos (Regi\u00f3n de Magallanes).\u00a0<\/span><\/div>\n<div style=\"text-align: justify;\"><span style=\"font-size: 12pt;\">\u00a0<\/span><\/div>\n<div style=\"text-align: justify;\"><span style=\"font-size: 12pt;\">En la Regi\u00f3n de Los Lagos:\u00a0<a href=\"https:\/\/www.rutadelosparques.org\/parque-nacional-pumalin-douglas-tompkins\/\" target=\"_blank\" rel=\"noopener noreferrer\">Pumal\u00edn Douglas Tompkins<\/a>,\u00a0<a href=\"https:\/\/www.rutadelosparques.org\/parque-nacional-alerce-andino\/\" target=\"_blank\" rel=\"noopener noreferrer\">Alerce Andino<\/a>,\u00a0<a href=\"https:\/\/www.rutadelosparques.org\/parque-nacional-hornopiren\/\" target=\"_blank\" rel=\"noopener noreferrer\">Hornopir\u00e9n<\/a>,\u00a0<a href=\"https:\/\/www.rutadelosparques.org\/parque-nacional-corcovado\/\" target=\"_blank\" rel=\"noopener noreferrer\">Corcovado<\/a>\u00a0(compartido con Ays\u00e9n).\u00a0En Ays\u00e9n:\u00a0<a href=\"https:\/\/www.rutadelosparques.org\/parque-nacional-queulat\/\" target=\"_blank\" rel=\"noopener noreferrer\">Queulat<\/a>,\u00a0<a href=\"https:\/\/www.rutadelosparques.org\/parque-nacional-melimoyu\/\" target=\"_blank\" rel=\"noopener noreferrer\">Melimoyu<\/a>,\u00a0<a href=\"https:\/\/www.rutadelosparques.org\/parque-nacional-isla-magdalena\/\" target=\"_blank\" rel=\"noopener noreferrer\">Isla Magdalena<\/a>,\u00a0<a href=\"https:\/\/www.rutadelosparques.org\/parque-nacional-cerro-castillo\/\" target=\"_blank\" rel=\"noopener noreferrer\">Cerro Castillo<\/a>,\u00a0<a href=\"https:\/\/www.rutadelosparques.org\/parque-nacional-patagonia\/\" target=\"_blank\" rel=\"noopener noreferrer\">Patagonia<\/a>,\u00a0<a href=\"https:\/\/www.rutadelosparques.org\/parque-nacional-laguna-san-rafael\/\" target=\"_blank\" rel=\"noopener noreferrer\">Laguna San Rafael<\/a>.\u00a0En Magallanes:\u00a0<a href=\"https:\/\/www.rutadelosparques.org\/parque-nacional-bernardo-ohiggins\/\" target=\"_blank\" rel=\"noopener noreferrer\">Bernardo O&#8217;Higgins<\/a>\u00a0(compartido con Ays\u00e9n),\u00a0<a href=\"https:\/\/www.rutadelosparques.org\/parque-nacional-pali-aike\/\" target=\"_blank\" rel=\"noopener noreferrer\">Pali Aike<\/a>,\u00a0<a href=\"https:\/\/www.rutadelosparques.org\/parque-nacional-kaweskar\/\" target=\"_blank\" rel=\"noopener noreferrer\">Kaw\u00e9sqar<\/a>,\u00a0<a href=\"https:\/\/www.rutadelosparques.org\/parque-nacional-alberto-de-agostini\/\" target=\"_blank\" rel=\"noopener noreferrer\">Alberto de Agostini<\/a>,\u00a0<a href=\"https:\/\/www.rutadelosparques.org\/parque-nacional-torres-del-paine\/\" target=\"_blank\" rel=\"noopener noreferrer\">Torres del Paine<\/a>,\u00a0<a href=\"https:\/\/www.rutadelosparques.org\/parque-nacional-yendegaia\/\" target=\"_blank\" rel=\"noopener noreferrer\">Yendegaia<\/a>,\u00a0<a href=\"https:\/\/www.rutadelosparques.org\/parque-nacional-cabo-de-hornos\/\" target=\"_blank\" rel=\"noopener noreferrer\">Cabo de Hornos<\/a>.<\/span><\/div>\n<div style=\"text-align: justify;\"><span style=\"font-size: 12pt;\">\u00a0<\/span><\/div>\n<div style=\"text-align: justify;\"><span style=\"font-size: 12pt;\">Seg\u00fan el fallecido bi\u00f3logo de Harvard E.O. Wilson, uno de los pioneros del movimiento mundial de protecci\u00f3n de la biodiversidad, para detener la extinci\u00f3n masiva de especies y garantizar la supervivencia de la propia humanidad, lo que se necesita es una acci\u00f3n masiva a la altura de la magnitud del problema. Wilson plante\u00f3 que debemos conservar plenamente la mitad de la superficie de la Tierra a la naturaleza. En ese sentido, la Patagonia chilena es un gran \u00e9xito mundial.\u00a0 Esto ya se ha conseguido en Ays\u00e9n, algo que no puede decirse de casi ninguna otra regi\u00f3n del planeta.<\/span><\/div>\n<div style=\"text-align: justify;\"><span style=\"font-size: 12pt;\">\u00a0<\/span><\/div>\n<div style=\"text-align: justify;\"><span style=\"font-size: 12pt;\">Brian Reid, subdirector cient\u00edfico del Centro de Investigaci\u00f3n de Ecosistemas de la Patagonia (Ciep), con sede en Coyhaique, dijo a Patagon Journal en una reciente entrevista que, si bien esos avances en materia de conservaci\u00f3n son un tremendo logro del que Chile deber\u00eda estar orgulloso, a nivel local sigue siendo un gran desaf\u00edo conseguir que todos se sumen. La reacci\u00f3n a los nuevos parques ha sido mixta: mientras que algunos en las comunidades aleda\u00f1as est\u00e1n interesados y los apoyan, ha habido una reacci\u00f3n negativa por parte de otros tambi\u00e9n.<\/span><\/div>\n<div style=\"text-align: justify;\"><span style=\"font-size: 12pt;\">\u00a0<\/span><\/div>\n<div style=\"text-align: justify;\"><span style=\"font-size: 12pt;\">\u00abNo dir\u00eda que es inmerecida\u00bb, ha planteado Reid sobre tal rechazo. \u00abEn parte se debe a que no se ha trabajado con las comunidades de la forma adecuada, y eso ralentiza las cosas en cuanto a los objetivos de conservaci\u00f3n\u00bb. En su visi\u00f3n la \u00fanica manera de que la conservaci\u00f3n sea sostenible a largo plazo es hacerlo de la mano de las comunidades locales. \u00abLa conservaci\u00f3n puede ser algo bueno, pero si ellas (las comunidades locales) est\u00e1n al margen y no se les consulta, eso va en contra de la conservaci\u00f3n. Puede que no se complazca a todos, pero hay que hacer el esfuerzo\u00bb.<\/span><\/div>\n<div style=\"text-align: justify;\"><span style=\"font-size: 12pt;\">\u00a0<\/span><\/div>\n<div style=\"text-align: justify;\"><span style=\"font-size: 12pt;\">En paralelo a la acci\u00f3n p\u00fablica, una nueva fiebre por la tierra ha llevado a varios empresarios chilenos y extranjeros a comprar grandes extensiones de terreno, en algunos casos como inversi\u00f3n, mientras que otros declaran su intenci\u00f3n de conservar sus posesiones como parques o reservas privadas.\u00a0<\/span><\/div>\n<div style=\"text-align: justify;\"><span style=\"font-size: 12pt;\">\u00a0<\/span><\/div>\n<div style=\"text-align: justify;\"><span style=\"font-size: 12pt;\">Uno de ellos es la\u00a0<a href=\"https:\/\/villaohiggins.com\/blog\/el-proyecto-conservacionista-del-empresario-andronico-luksic-en-villa-ohiggins\/\" target=\"_blank\" rel=\"noopener noreferrer\">Estancia Las Margaritas<\/a>\u00a0de Andr\u00f3nico Luksic Craig, de unas 35 mil h\u00e1s., en la comuna de O&#8217;Higgins en el extremo sur de Ays\u00e9n.\u00a0Luksic, siendo s\u00f3lo un particular, ya tiene fuerte incidencia en las\u00a0<a href=\"https:\/\/www.eldesconcierto.cl\/nacional\/2020\/11\/01\/luksic-y-su-cuarentena-en-su-segunda-casa-en-la-patagonia.html\" target=\"_blank\" rel=\"noopener noreferrer\">pol\u00edticas p\u00fablicas locales<\/a>.\u00a0La instalaci\u00f3n del multimillonario chileno en la zona le ha ganado portadas y\u00a0<a href=\"https:\/\/www.biobiochile.cl\/noticias\/economia\/negocios-y-empresas\/2020\/11\/03\/la-nueva-vida-del-empresario-andronico-luksic-con-pelo-largo-y-teletrabajando-lejos-de-santiago.shtml\" target=\"_blank\" rel=\"noopener noreferrer\">titulares<\/a>\u00a0en los principales medios nacionales, que destacan la \u00abvida rural y sustentable\u00bb del controlador de m\u00faltiples empresas mineras y extractivas a lo largo del pa\u00eds.\u00a0La paradoja es que siendo Villa O&#8217;Higgins \u00abla comuna de los hielos\u00bb (se ubica\u00a0en el extremo norte del Campo de Hielo Sur), Antofagasta Minerals, del millonario antofagastino, ha destruido los glaciares de roca ubicados en la parte alta del r\u00edo Choapa, en la regi\u00f3n de Coquimbo, trav\u00e9s de Minera Los Pelambres, seg\u00fan\u00a0<a href=\"https:\/\/ciperchile.cl\/pdfs\/2017\/agosto\/Azocar_Brenning_2008_Pelambres.pdf\" target=\"_blank\" rel=\"noopener noreferrer\">han consignado m\u00faltiples investigaciones<\/a>.<\/span><\/div>\n<div style=\"text-align: justify;\"><span style=\"font-size: 12pt;\">\u00a0<\/span><\/div>\n<div style=\"text-align: justify;\"><span style=\"font-size: 12pt;\">Tambi\u00e9n operan en Ays\u00e9n el abogado Enrique Alcalde Undurraga, quien posee terrenos en Villa O&#8217;Higgins y Cochrane a trav\u00e9s de la Sociedad Agr\u00edcola R\u00edo Baker; el ex due\u00f1o de Aqua Chile y descendiente de una familia asentada por varias d\u00e9cadas en la zona V\u00edctor Hugo Puchi Acu\u00f1a con predios en Cochrane y otros sectores de la regi\u00f3n; y la familia de Nicol\u00e1s Ib\u00e1\u00f1ez Scott (ex due\u00f1o de D&amp;S, controlador de L\u00edder, hoy Walmart), con terrenos en la costa del lago Cochrane.\u00a0Todo esto consignado en un\u00a0<a href=\"https:\/\/www.latercera.com\/pulso\/noticia\/el-boom-de-la-patagonia-crece-demanda-por-invertir-en-tiempos-de-crisis\/ZDUCT3SYBJD45J3EQPVLTMC64A\/\" target=\"_blank\" rel=\"noopener noreferrer\">art\u00edculo<\/a>\u00a0de La Tercera del a\u00f1o 2020.\u00a0<\/span><\/div>\n<div style=\"text-align: justify;\"><span style=\"font-size: 12pt;\">\u00a0<\/span><\/div>\n<div style=\"text-align: justify;\"><span style=\"font-size: 12pt;\">Por estas tierras tambi\u00e9n\u00a0<a href=\"http:\/\/www.economiaynegocios.cl\/noticias\/noticias.asp?id=368256\" target=\"_blank\" rel=\"noopener noreferrer\">ha comprado<\/a>\u00a0el multimillonario norteamericano Kenneth Dart (<a href=\"https:\/\/elpais.com\/gente\/2020-07-31\/la-rocambolesca-historia-del-multimillonario-que-esta-comprando-las-islas-caiman.html\" target=\"_blank\" rel=\"noopener noreferrer\">acreedor<\/a>\u00a0de los famosos fondos buitres que tuvieron complicada a Argentina hace algunos a\u00f1os) en el lago Azul y lago Desierto; la Fundaci\u00f3n Meri, de la familia Cort\u00e9s Solari, en Melimoyu con fines de conservaci\u00f3n; Gonzalo Vial de Agrosuper en Isla Refugio, como\u00a0<a href=\"https:\/\/www.islajechica.cl\/lugar.php\" target=\"_blank\" rel=\"noopener noreferrer\">segunda residencia y centro de turismo<\/a>.\u00a0El\u00a0<a href=\"https:\/\/pdfs.semanticscholar.org\/2b1e\/6d897f0998b2129039c84a7a9fd875141664.pdf\" target=\"_blank\" rel=\"noopener noreferrer\">multimillonario Addison Fischer<\/a>, en la reserva Anihu\u00e9 en la desembocadura del r\u00edo Palena, tambi\u00e9n para protecci\u00f3n de la biodiversidad;\u00a0<a href=\"https:\/\/www.elhuemul.cl\/2013\/07\/11\/el-negocio-de-las-tierras-protegidas-en-chile\/\" target=\"_blank\" rel=\"noopener noreferrer\">Felipe Briones<\/a>\u00a0de Pesquera Yadr\u00e1n en Alto Nirehuao con dos mil hect\u00e1reas; el empresario minero Jon\u00e1s G\u00f3mez en Melimoyu; Eduardo Erg\u00e1s que compr\u00f3 completa la Isla Traigu\u00e9n, con\u00a0<a href=\"https:\/\/www.theclinic.cl\/2014\/05\/06\/la-isla-de-los-nahuelquin-delgado\/\" target=\"_blank\" rel=\"noopener noreferrer\">serios conflictos<\/a>\u00a0con la comunidad huilliche Nahuelqu\u00edn-Delgado, que ha vivido desde hace medio siglo en la zona.<\/span><\/div>\n<div style=\"text-align: justify;\"><span style=\"font-size: 12pt;\">\u00a0<\/span><\/div>\n<div style=\"text-align: justify;\"><span style=\"font-size: 12pt;\">Y ah\u00ed est\u00e1 tambi\u00e9n la\u00a0<a href=\"https:\/\/www.patagonjournal.com\/index.php?option=com_content&amp;view=article&amp;id=4294%3Aprotegiendo-la-cuenca-del-rio-cuervo-otro-santuario-si-fue-posible&amp;catid=190%3Aconservation&amp;Itemid=279&amp;lang=es\" target=\"_blank\" rel=\"noopener noreferrer\">familia Hurtado Berger<\/a>, ex controladora de Embotelladora Andina, cuyas hijas compraron 22 mil hect\u00e1reas en la cuenca del r\u00edo Cuervo y de los lagos Yulton y Meull\u00edn, donde originalmente Energ\u00eda Austral pretend\u00eda construir las represas Cuervo, Blanco y C\u00f3ndor.\u00a0Todo esto a trav\u00e9s de la Fundaci\u00f3n Kreen, que hoy dirigen las hermanas Madeleine y Pamela Hurtado Berger, que ha blindado su inversi\u00f3n mediante m\u00faltiples concesiones mineras, igual que Luksic en el extremo sur, con pertenencias inscritas a nombre de su familiar Rodrigo Terr\u00e9 Fontbona.\u00a0En todo caso, esta pr\u00e1ctica no es nueva, \u00abhoy son varios los particulares de la Regi\u00f3n de Ays\u00e9n (fundaciones, hidroel\u00e9ctricas, salmoneras y operadores tur\u00edsticos, entre otros) que han &#8216;corrido&#8217; a reclamar intereses mineros dentro de sus predios, para as\u00ed evitar que la &#8216;fiebre del oro&#8217; que vive la zona afecte sus terrenos y proyectos\u00bb,\u00a0<a href=\"https:\/\/www.mch.cl\/2013\/06\/17\/fiebre-del-oro-en-aysen-mineras-ya-controlan-635-000-hectareas\/\" target=\"_blank\" rel=\"noopener noreferrer\">consignaba<\/a>\u00a0en 2013 La Segunda.<\/span><\/div>\n<div style=\"text-align: justify;\"><span style=\"font-size: 12pt;\">\u00a0<\/span><\/div>\n<div style=\"text-align: justify;\"><span style=\"font-size: 12pt;\">Este traspaso de la propiedad se ha realizado sin participaci\u00f3n alguna de las comunidades, operando simplemente el mercado.\u00a0Esto, en circunstancias que tiene fuertes impactos ambientales, productivos, sociales y culturales en los territorios donde, la mayor\u00eda de los nuevos propietarios, no vive.\u00a0Y donde sus actos y decisiones no les afectar\u00e1n personalmente, en la mayor\u00eda de los casos a nivel patrimonial.<\/span><\/div>\n<div style=\"text-align: justify;\"><span style=\"font-size: 12pt;\">\u00a0<\/span><\/div>\n<div style=\"text-align: justify;\"><span style=\"font-size: 12pt;\">M\u00e1s all\u00e1 del desaf\u00edo de construir una relaci\u00f3n entre las comunidades locales y la nueva Ruta de los Parques, est\u00e1 la cuesti\u00f3n abierta de si Chile cuenta con los marcos normativos e institucionales necesarios para gestionar las iniciativas privadas de conservaci\u00f3n, que en algunos casos son realmente proyectos de desarrollo inmobiliario revestidos de una profunda ret\u00f3rica verde.<\/span><\/div>\n<div style=\"text-align: justify;\"><span style=\"font-size: 12pt;\">\u00a0<\/span><\/div>\n<div style=\"text-align: justify;\"><span style=\"font-size: 12pt;\">En el pr\u00f3ximo art\u00edculo el enfoque estar\u00e1 en la historia de la millonaria en el sur de Ays\u00e9n, Paola Luksic Fontbona\u00a0en Caleta Tortel y sus v\u00ednculos con empresas B ligadas al conservacionismo internacional.\u00a0Y, por cierto, la carrera ol\u00edmpica por lotear y lotear, como si la Patagonia se fuera a acabar.<\/span><\/div>\n<div style=\"text-align: justify;\"><span style=\"font-size: 12pt;\">\u00a0<\/span><\/div>\n<div style=\"text-align: justify;\"><span style=\"font-size: 12pt;\">El autor, Patricio Segura, es un periodista que vive cerca de Puerto Guadal, en la cuenca del lago General Carrera de la regi\u00f3n de Ays\u00e9n. Es el actual tesorero de la Corporaci\u00f3n Privada para el Desarrollo de Ays\u00e9n y form\u00f3 parte del equipo de comunicaciones de la campa\u00f1a Patagonia sin Represas.\u00a0<\/span><\/div>\n<\/div><\/section><\/div><div  style='height:50px' class='hr hr-invisible   avia-builder-el-6  el_after_av_one_full  el_before_av_social_share '><span class='hr-inner ' ><span class='hr-inner-style'><\/span><\/span><\/div><\/p>\n<div  class='av-social-sharing-box  avia-builder-el-7  el_after_av_hr  el_before_av_hr  '><div class='av-share-box'><h5 class='av-share-link-description av-no-toc '>Compartir esta noticia<\/h5><ul class='av-share-box-list noLightbox'><li class='av-share-link av-social-link-facebook' ><a target=\"_blank\" aria-label=\"Compartir en Facebook\" href='https:\/\/www.facebook.com\/sharer.php?u=https:\/\/radiorevelacionfm.cl\/?p=14523&#038;t=Conservaci%C3%B3n%2C%20turismo%20y%20megaloteos%3A%20Jugando%20al%20Monopoly%20verde%20en%20la%20Patagonia' aria-hidden='false' data-av_icon='\ue8f3' data-av_iconfont='entypo-fontello' title='' data-avia-related-tooltip='Compartir en Facebook' rel=\"noopener\"><span class='avia_hidden_link_text'>Compartir en Facebook<\/span><\/a><\/li><li class='av-share-link av-social-link-twitter' ><a target=\"_blank\" aria-label=\"Compartir en Twitter\" href='https:\/\/twitter.com\/share?text=Conservaci%C3%B3n%2C%20turismo%20y%20megaloteos%3A%20Jugando%20al%20Monopoly%20verde%20en%20la%20Patagonia&#038;url=https:\/\/radiorevelacionfm.cl\/?p=14523' aria-hidden='false' data-av_icon='\ue8f1' data-av_iconfont='entypo-fontello' title='' data-avia-related-tooltip='Compartir en Twitter' rel=\"noopener\"><span class='avia_hidden_link_text'>Compartir en Twitter<\/span><\/a><\/li><li class='av-share-link av-social-link-whatsapp' ><a target=\"_blank\" aria-label=\"Compartir en Whatsapp\" href='https:\/\/api.whatsapp.com\/send?text=https:\/\/radiorevelacionfm.cl\/?p=14523' aria-hidden='false' data-av_icon='\uf232' data-av_iconfont='entypo-fontello' title='' data-avia-related-tooltip='Compartir en Whatsapp' rel=\"noopener\"><span class='avia_hidden_link_text'>Compartir en Whatsapp<\/span><\/a><\/li><li class='av-share-link av-social-link-linkedin' ><a target=\"_blank\" aria-label=\"Compartir en LinkedIn\" href='https:\/\/linkedin.com\/shareArticle?mini=true&#038;title=Conservaci%C3%B3n%2C%20turismo%20y%20megaloteos%3A%20Jugando%20al%20Monopoly%20verde%20en%20la%20Patagonia&#038;url=https:\/\/radiorevelacionfm.cl\/?p=14523' aria-hidden='false' data-av_icon='\ue8fc' data-av_iconfont='entypo-fontello' title='' data-avia-related-tooltip='Compartir en LinkedIn' rel=\"noopener\"><span class='avia_hidden_link_text'>Compartir en LinkedIn<\/span><\/a><\/li><li class='av-share-link av-social-link-mail' ><a  aria-label=\"Compartir por correo\" href='mailto:?subject=Conservaci%C3%B3n%2C%20turismo%20y%20megaloteos%3A%20Jugando%20al%20Monopoly%20verde%20en%20la%20Patagonia&#038;body=https:\/\/radiorevelacionfm.cl\/?p=14523' aria-hidden='false' data-av_icon='\ue805' data-av_iconfont='entypo-fontello' title='' data-avia-related-tooltip='Compartir por correo'><span class='avia_hidden_link_text'>Compartir por correo<\/span><\/a><\/li><\/ul><\/div><\/div>\n<div  style='height:50px' class='hr hr-invisible   avia-builder-el-8  el_after_av_social_share  el_before_av_comments_list '><span class='hr-inner ' ><span class='hr-inner-style'><\/span><\/span><\/div>\n<div  class='av-buildercomment  av-blog-meta-html-info-disabled av-blog-meta-tag-disabled  '><\/div>\n","protected":false},"excerpt":{"rendered":"","protected":false},"author":1,"featured_media":14524,"comment_status":"open","ping_status":"open","sticky":false,"template":"","format":"standard","meta":{"footnotes":""},"categories":[38],"tags":[],"class_list":["post-14523","post","type-post","status-publish","format-standard","has-post-thumbnail","hentry","category-regional"],"jetpack_featured_media_url":"https:\/\/radiorevelacionfm.cl\/wp-content\/uploads\/2022\/03\/1-20160317_153044-2.jpg","_links":{"self":[{"href":"https:\/\/radiorevelacionfm.cl\/index.php?rest_route=\/wp\/v2\/posts\/14523","targetHints":{"allow":["GET"]}}],"collection":[{"href":"https:\/\/radiorevelacionfm.cl\/index.php?rest_route=\/wp\/v2\/posts"}],"about":[{"href":"https:\/\/radiorevelacionfm.cl\/index.php?rest_route=\/wp\/v2\/types\/post"}],"author":[{"embeddable":true,"href":"https:\/\/radiorevelacionfm.cl\/index.php?rest_route=\/wp\/v2\/users\/1"}],"replies":[{"embeddable":true,"href":"https:\/\/radiorevelacionfm.cl\/index.php?rest_route=%2Fwp%2Fv2%2Fcomments&post=14523"}],"version-history":[{"count":2,"href":"https:\/\/radiorevelacionfm.cl\/index.php?rest_route=\/wp\/v2\/posts\/14523\/revisions"}],"predecessor-version":[{"id":14529,"href":"https:\/\/radiorevelacionfm.cl\/index.php?rest_route=\/wp\/v2\/posts\/14523\/revisions\/14529"}],"wp:featuredmedia":[{"embeddable":true,"href":"https:\/\/radiorevelacionfm.cl\/index.php?rest_route=\/wp\/v2\/media\/14524"}],"wp:attachment":[{"href":"https:\/\/radiorevelacionfm.cl\/index.php?rest_route=%2Fwp%2Fv2%2Fmedia&parent=14523"}],"wp:term":[{"taxonomy":"category","embeddable":true,"href":"https:\/\/radiorevelacionfm.cl\/index.php?rest_route=%2Fwp%2Fv2%2Fcategories&post=14523"},{"taxonomy":"post_tag","embeddable":true,"href":"https:\/\/radiorevelacionfm.cl\/index.php?rest_route=%2Fwp%2Fv2%2Ftags&post=14523"}],"curies":[{"name":"wp","href":"https:\/\/api.w.org\/{rel}","templated":true}]}}