{"id":14514,"date":"2022-03-11T09:03:08","date_gmt":"2022-03-11T12:03:08","guid":{"rendered":"https:\/\/radiorevelacionfm.cl\/?p=14514"},"modified":"2022-03-11T09:03:08","modified_gmt":"2022-03-11T12:03:08","slug":"finalizo-instalacion-de-pasto-sintetico-en-cancha-de-futbol-del-club-deportivo-el-salto","status":"publish","type":"post","link":"https:\/\/radiorevelacionfm.cl\/?p=14514","title":{"rendered":"Finaliz\u00f3 instalaci\u00f3n de pasto sint\u00e9tico en cancha de f\u00fatbol del Club Deportivo El Salto"},"content":{"rendered":"<div class=\"flex_column av_one_full  flex_column_div av-zero-column-padding first  avia-builder-el-0  el_before_av_one_full  avia-builder-el-first  \" style='border-radius:0px; '><div  class='avia-image-container  av-styling-    avia-builder-el-1  avia-builder-el-no-sibling  avia-align-center '  itemprop=\"image\" itemscope=\"itemscope\" itemtype=\"https:\/\/schema.org\/ImageObject\"  ><div class='avia-image-container-inner'><div class='avia-image-overlay-wrap'><img decoding=\"async\" class='wp-image-14515 avia-img-lazy-loading-not-14515 avia_image' src=\"https:\/\/radiorevelacionfm.cl\/wp-content\/uploads\/2022\/03\/img_6318-2_optimized.jpg\" alt='' title='img_6318-2_optimized' height=\"600\" width=\"900\"  itemprop=\"thumbnailUrl\" srcset=\"https:\/\/radiorevelacionfm.cl\/wp-content\/uploads\/2022\/03\/img_6318-2_optimized.jpg 900w, https:\/\/radiorevelacionfm.cl\/wp-content\/uploads\/2022\/03\/img_6318-2_optimized-300x200.jpg 300w, https:\/\/radiorevelacionfm.cl\/wp-content\/uploads\/2022\/03\/img_6318-2_optimized-768x512.jpg 768w, https:\/\/radiorevelacionfm.cl\/wp-content\/uploads\/2022\/03\/img_6318-2_optimized-705x470.jpg 705w, https:\/\/radiorevelacionfm.cl\/wp-content\/uploads\/2022\/03\/img_6318-2_optimized-600x400.jpg 600w\" sizes=\"(max-width: 900px) 100vw, 900px\" \/><\/div><\/div><\/div><\/div><div class=\"flex_column av_one_full  flex_column_div av-zero-column-padding first  avia-builder-el-2  el_after_av_one_full  el_before_av_one_full  column-top-margin\" style='border-radius:0px; '><section class=\"av_textblock_section \"  itemscope=\"itemscope\" itemtype=\"https:\/\/schema.org\/BlogPosting\" itemprop=\"blogPost\" ><div class='avia_textblock  '   itemprop=\"text\" ><p style=\"text-align: center;\"><strong><span style=\"font-size: 18pt;\">Finaliz\u00f3 instalaci\u00f3n de pasto sint\u00e9tico en cancha de f\u00fatbol del Club Deportivo El Salto<\/span><\/strong><\/p>\n<div id=\"gtx-trans\" style=\"position: absolute; left: -50px; top: 4.31534px;\">\n<div class=\"gtx-trans-icon\"><\/div>\n<\/div>\n<\/div><\/section><\/div><div class=\"flex_column av_one_full  flex_column_div av-zero-column-padding first  avia-builder-el-4  el_after_av_one_full  el_before_av_hr  column-top-margin\" style='border-radius:0px; '><section class=\"av_textblock_section \"  itemscope=\"itemscope\" itemtype=\"https:\/\/schema.org\/BlogPosting\" itemprop=\"blogPost\" ><div class='avia_textblock  '   itemprop=\"text\" ><p style=\"text-align: justify;\">El Secretario Regional Ministerial de Obras P\u00fablicas (S), El\u00edas Fern\u00e1ndez Ni\u00f1o inform\u00f3 que finaliz\u00f3 la instalaci\u00f3n de pasto sint\u00e9tico en la cancha de f\u00fatbol del Club Deportivo El Salto, ubicado a 15 kil\u00f3metros de la ciudad de Coyhaique.<\/p>\n<p style=\"text-align: justify;\">\u201cEsta es la tercera cancha en donde instalamos pasto sint\u00e9tico que materializamos\u00a0 en el gobierno del presidente Sebasti\u00e1n Pi\u00f1era- a las que se suman las del Estadio Regional en Coyhaique y la del Club Deportivo Cerro Porte\u00f1o en Puerto Ays\u00e9n, todas obras realizadas por mandato del Gobierno Regional de Ays\u00e9n con recursos FNDR. A estos trabajos se suma tambi\u00e9n la conservaci\u00f3n que estamos haciendo hoy al Gimnasio IND en Coyhaique y que tienen como fin mejorar las condiciones en las que los deportistas y comunidad realizan deporte, siendo tambi\u00e9n parte fundamental de las obras incluidas en el Plan Paso a Paso Chile Se Recupera que junto con construirlas, tambi\u00e9n entregan empleos\u201d, afirm\u00f3 la autoridad sectorial.<\/p>\n<p style=\"text-align: justify;\">Consultado al respecto, el Director Regional de Arquitectura del MOP (S) Marcos Silva se\u00f1al\u00f3 \u00a0que \u201cen la zona en que nos encontramos tanto por lluvia o por nieve, la cancha de pasto natural sufre en forma importante y su mantenci\u00f3n es m\u00e1s onerosa, por lo tanto con la instalaci\u00f3n de este pasto sint\u00e9tico, los usuarios\/as pueden ocupar la cancha durante todo el a\u00f1o porque -entre otras caracter\u00edsticas- tiene un drenaje que le permite evacuar r\u00e1pidamente el agua posibilitando que no se vaya acumulando, entonces le da mayor tiempo de uso durante el a\u00f1o y en cualquier tipo de clima. La inversi\u00f3n del Gobierno Regional de Ays\u00e9n con recursos FNDR en estas obras alcanza los $752 millones, y los trabajos consideraron el retiro del pasto y material org\u00e1nico de la cancha original, la nivelaci\u00f3n y relleno de toda la superficie y la reposici\u00f3n del pasto de acuerdo a las nuevas medidas, con un cierre perimetral tipo ol\u00edmpico, instalaci\u00f3n de bancas de suplentes, bodega modular, malla de protecci\u00f3n, construcci\u00f3n de veredas y bancas del equipo invitado y marcador\u201d.<\/p>\n<p style=\"text-align: justify;\">Para Jos\u00e9 Nahuelqu\u00edn, presidente del Club Deportivo El Salto estas obras son muy significativas: \u201cEstamos muy contentos ya que hemos podido llegar a la etapa final de la construcci\u00f3n de nuestro Estadio, con una cancha de f\u00fatbol con pasto sint\u00e9tico, que viene a mejorar no s\u00f3lo las condiciones futbol\u00edsticas de nuestra escuela formativa sino tambi\u00e9n de la serie adulta de nuestro Club. Esto no s\u00f3lo es para nuestra Instituci\u00f3n, nosotros hoy d\u00eda integramos ANFA Coyhaique. Somos una de las Instituciones m\u00e1s antiguas del f\u00fatbol rural en donde con mucho esfuerzo nuestros socios fundadores lograron comprar este recinto para poder construir este campo deportivo. Estamos ubicados en un sector rural, a 15 km de Coyhaique, fuera del radio de la contaminaci\u00f3n, as\u00ed que los deportistas van a salir favorecidos porque van a tener una continuaci\u00f3n dentro del Campeonato, as\u00ed que bien porque hemos tenido la suerte de poder concretar este proyecto tan importante para el Club. Muy contento y agradecido de todas nuestras autoridades\u201d.<\/p>\n<p style=\"text-align: justify;\">Por su parte, H\u00e9ctor Contreras, vicepresidente del Club Deportivo El Salto indic\u00f3: \u201cEl tr\u00e1fico que ten\u00edamos en la ex cancha de pasto natural nos condicionaba hacer f\u00fatbol en la temporada de invierno (\u2026). Nos va a servir mucho este campo deportivo porque nosotros tenemos varias series, entonces va a ver un trabajo muy bueno que podremos hacer en el futuro, as\u00ed que feliz de este logro\u201d.<\/p>\n<\/div><\/section><\/div><div  style='height:50px' class='hr hr-invisible   avia-builder-el-6  el_after_av_one_full  el_before_av_social_share '><span class='hr-inner ' ><span class='hr-inner-style'><\/span><\/span><\/div><\/p>\n<div  class='av-social-sharing-box  avia-builder-el-7  el_after_av_hr  el_before_av_hr  '><div class='av-share-box'><h5 class='av-share-link-description av-no-toc '>Compartir esta noticia<\/h5><ul class='av-share-box-list noLightbox'><li class='av-share-link av-social-link-facebook' ><a target=\"_blank\" aria-label=\"Compartir en Facebook\" href='https:\/\/www.facebook.com\/sharer.php?u=https:\/\/radiorevelacionfm.cl\/?p=14514&#038;t=Finaliz%C3%B3%20instalaci%C3%B3n%20de%20pasto%20sint%C3%A9tico%20en%20cancha%20de%20f%C3%BAtbol%20del%20Club%20Deportivo%20El%20Salto' aria-hidden='false' data-av_icon='\ue8f3' data-av_iconfont='entypo-fontello' title='' data-avia-related-tooltip='Compartir en Facebook' rel=\"noopener\"><span class='avia_hidden_link_text'>Compartir en Facebook<\/span><\/a><\/li><li class='av-share-link av-social-link-twitter' ><a target=\"_blank\" aria-label=\"Compartir en Twitter\" href='https:\/\/twitter.com\/share?text=Finaliz%C3%B3%20instalaci%C3%B3n%20de%20pasto%20sint%C3%A9tico%20en%20cancha%20de%20f%C3%BAtbol%20del%20Club%20Deportivo%20El%20Salto&#038;url=https:\/\/radiorevelacionfm.cl\/?p=14514' aria-hidden='false' data-av_icon='\ue8f1' data-av_iconfont='entypo-fontello' title='' data-avia-related-tooltip='Compartir en Twitter' rel=\"noopener\"><span class='avia_hidden_link_text'>Compartir en Twitter<\/span><\/a><\/li><li class='av-share-link av-social-link-whatsapp' ><a target=\"_blank\" aria-label=\"Compartir en Whatsapp\" href='https:\/\/api.whatsapp.com\/send?text=https:\/\/radiorevelacionfm.cl\/?p=14514' aria-hidden='false' data-av_icon='\uf232' data-av_iconfont='entypo-fontello' title='' data-avia-related-tooltip='Compartir en Whatsapp' rel=\"noopener\"><span class='avia_hidden_link_text'>Compartir en Whatsapp<\/span><\/a><\/li><li class='av-share-link av-social-link-linkedin' ><a target=\"_blank\" aria-label=\"Compartir en LinkedIn\" href='https:\/\/linkedin.com\/shareArticle?mini=true&#038;title=Finaliz%C3%B3%20instalaci%C3%B3n%20de%20pasto%20sint%C3%A9tico%20en%20cancha%20de%20f%C3%BAtbol%20del%20Club%20Deportivo%20El%20Salto&#038;url=https:\/\/radiorevelacionfm.cl\/?p=14514' aria-hidden='false' data-av_icon='\ue8fc' data-av_iconfont='entypo-fontello' title='' data-avia-related-tooltip='Compartir en LinkedIn' rel=\"noopener\"><span class='avia_hidden_link_text'>Compartir en LinkedIn<\/span><\/a><\/li><li class='av-share-link av-social-link-mail' ><a  aria-label=\"Compartir por correo\" href='mailto:?subject=Finaliz%C3%B3%20instalaci%C3%B3n%20de%20pasto%20sint%C3%A9tico%20en%20cancha%20de%20f%C3%BAtbol%20del%20Club%20Deportivo%20El%20Salto&#038;body=https:\/\/radiorevelacionfm.cl\/?p=14514' aria-hidden='false' data-av_icon='\ue805' data-av_iconfont='entypo-fontello' title='' data-avia-related-tooltip='Compartir por correo'><span class='avia_hidden_link_text'>Compartir por correo<\/span><\/a><\/li><\/ul><\/div><\/div>\n<div  style='height:50px' class='hr hr-invisible   avia-builder-el-8  el_after_av_social_share  el_before_av_comments_list '><span class='hr-inner ' ><span class='hr-inner-style'><\/span><\/span><\/div>\n<div  class='av-buildercomment  av-blog-meta-html-info-disabled av-blog-meta-tag-disabled  '><\/div>\n","protected":false},"excerpt":{"rendered":"","protected":false},"author":1,"featured_media":14515,"comment_status":"open","ping_status":"open","sticky":false,"template":"","format":"standard","meta":{"footnotes":""},"categories":[38],"tags":[],"class_list":["post-14514","post","type-post","status-publish","format-standard","has-post-thumbnail","hentry","category-regional"],"jetpack_featured_media_url":"https:\/\/radiorevelacionfm.cl\/wp-content\/uploads\/2022\/03\/img_6318-2_optimized.jpg","_links":{"self":[{"href":"https:\/\/radiorevelacionfm.cl\/index.php?rest_route=\/wp\/v2\/posts\/14514","targetHints":{"allow":["GET"]}}],"collection":[{"href":"https:\/\/radiorevelacionfm.cl\/index.php?rest_route=\/wp\/v2\/posts"}],"about":[{"href":"https:\/\/radiorevelacionfm.cl\/index.php?rest_route=\/wp\/v2\/types\/post"}],"author":[{"embeddable":true,"href":"https:\/\/radiorevelacionfm.cl\/index.php?rest_route=\/wp\/v2\/users\/1"}],"replies":[{"embeddable":true,"href":"https:\/\/radiorevelacionfm.cl\/index.php?rest_route=%2Fwp%2Fv2%2Fcomments&post=14514"}],"version-history":[{"count":2,"href":"https:\/\/radiorevelacionfm.cl\/index.php?rest_route=\/wp\/v2\/posts\/14514\/revisions"}],"predecessor-version":[{"id":14527,"href":"https:\/\/radiorevelacionfm.cl\/index.php?rest_route=\/wp\/v2\/posts\/14514\/revisions\/14527"}],"wp:featuredmedia":[{"embeddable":true,"href":"https:\/\/radiorevelacionfm.cl\/index.php?rest_route=\/wp\/v2\/media\/14515"}],"wp:attachment":[{"href":"https:\/\/radiorevelacionfm.cl\/index.php?rest_route=%2Fwp%2Fv2%2Fmedia&parent=14514"}],"wp:term":[{"taxonomy":"category","embeddable":true,"href":"https:\/\/radiorevelacionfm.cl\/index.php?rest_route=%2Fwp%2Fv2%2Fcategories&post=14514"},{"taxonomy":"post_tag","embeddable":true,"href":"https:\/\/radiorevelacionfm.cl\/index.php?rest_route=%2Fwp%2Fv2%2Ftags&post=14514"}],"curies":[{"name":"wp","href":"https:\/\/api.w.org\/{rel}","templated":true}]}}