{"id":14511,"date":"2022-03-12T10:58:08","date_gmt":"2022-03-12T13:58:08","guid":{"rendered":"https:\/\/radiorevelacionfm.cl\/?p=14511"},"modified":"2022-03-12T10:58:08","modified_gmt":"2022-03-12T13:58:08","slug":"senador-sandoval-el-desafio-del-cambio-climatico-requiere-una-mirada-totalmente-distinta","status":"publish","type":"post","link":"https:\/\/radiorevelacionfm.cl\/?p=14511","title":{"rendered":"Senador Sandoval: \u201cEl desaf\u00edo del cambio clim\u00e1tico requiere una mirada totalmente distinta\u201d"},"content":{"rendered":"<div class=\"flex_column av_one_full  flex_column_div av-zero-column-padding first  avia-builder-el-0  el_before_av_one_full  avia-builder-el-first  \" style='border-radius:0px; '><div  class='avia-image-container  av-styling-    avia-builder-el-1  avia-builder-el-no-sibling  avia-align-center '  itemprop=\"image\" itemscope=\"itemscope\" itemtype=\"https:\/\/schema.org\/ImageObject\"  ><div class='avia-image-container-inner'><div class='avia-image-overlay-wrap'><img decoding=\"async\" class='wp-image-14512 avia-img-lazy-loading-not-14512 avia_image' src=\"https:\/\/radiorevelacionfm.cl\/wp-content\/uploads\/2022\/03\/image-76-2.jpg\" alt='' title='image-76-2' height=\"600\" width=\"851\"  itemprop=\"thumbnailUrl\" srcset=\"https:\/\/radiorevelacionfm.cl\/wp-content\/uploads\/2022\/03\/image-76-2.jpg 851w, https:\/\/radiorevelacionfm.cl\/wp-content\/uploads\/2022\/03\/image-76-2-300x212.jpg 300w, https:\/\/radiorevelacionfm.cl\/wp-content\/uploads\/2022\/03\/image-76-2-768x541.jpg 768w, https:\/\/radiorevelacionfm.cl\/wp-content\/uploads\/2022\/03\/image-76-2-705x497.jpg 705w, https:\/\/radiorevelacionfm.cl\/wp-content\/uploads\/2022\/03\/image-76-2-600x423.jpg 600w\" sizes=\"(max-width: 851px) 100vw, 851px\" \/><\/div><\/div><\/div><\/div><div class=\"flex_column av_one_full  flex_column_div av-zero-column-padding first  avia-builder-el-2  el_after_av_one_full  el_before_av_one_full  column-top-margin\" style='border-radius:0px; '><section class=\"av_textblock_section \"  itemscope=\"itemscope\" itemtype=\"https:\/\/schema.org\/BlogPosting\" itemprop=\"blogPost\" ><div class='avia_textblock  '   itemprop=\"text\" ><p style=\"text-align: center;\"><span style=\"font-size: 18pt;\"><strong>Senador Sandoval: \u201cEl desaf\u00edo del cambio clim\u00e1tico requiere una mirada totalmente distinta\u201d<\/strong><\/span><\/p>\n<div id=\"gtx-trans\" style=\"position: absolute; left: -50px; top: 4.31534px;\">\n<div class=\"gtx-trans-icon\"><\/div>\n<\/div>\n<\/div><\/section><\/div><div class=\"flex_column av_one_full  flex_column_div av-zero-column-padding first  avia-builder-el-4  el_after_av_one_full  el_before_av_hr  column-top-margin\" style='border-radius:0px; '><section class=\"av_textblock_section \"  itemscope=\"itemscope\" itemtype=\"https:\/\/schema.org\/BlogPosting\" itemprop=\"blogPost\" ><div class='avia_textblock  '   itemprop=\"text\" ><p style=\"text-align: justify;\">Lista para su promulgaci\u00f3n qued\u00f3 la Ley Marco de Cambio Clim\u00e1tico, iniciativa aprobada esta semana por la sala del Senado y que se convierte en una de las primeras de este tipo en Latinoam\u00e9rica.<\/p>\n<p style=\"text-align: justify;\">La iniciativa apunta a regular la nueva institucionalidad del sector y los\u00a0instrumentos que permitan gestionarlo, para as\u00ed alcanzar la meta de carbono neutralidad como m\u00e1ximo para el a\u00f1o 2050.<\/p>\n<p style=\"text-align: justify;\">Al respecto, el senador David Sandoval record\u00f3 que durante el tr\u00e1mite de la iniciativa, promovi\u00f3 distintas instancias \u201cpara ponernos a tono\u201d respecto de la relevancia que tiene este tema, entre ellas, la electromovilidad y la eficiencia energ\u00e9tica.<\/p>\n<p style=\"text-align: justify;\">En esa l\u00ednea, se\u00f1al\u00f3 que la ley busca enfatizar en materias como la neutralidad de emisiones, \u201cque no es meramente un acuerdo de naturaleza pol\u00edtica de ponerle una fecha, sino que requiere de procesos y acciones de cambio y de corregir lo que el propio Estado ha realizado a lo largo de los a\u00f1os\u201d, agregando que realizar un cambio en la matriz energ\u00e9tica no es algo que \u201cse hace de la noche a la ma\u00f1ana\u201d.<\/p>\n<p style=\"text-align: justify;\">\u201cSon desaf\u00edos evidentes porque est\u00e1 afectando a nuestras sociedades, por ejemplo, con la disminuci\u00f3n de precipitaciones, aumento de la desertificaci\u00f3n, el cambio de las precipitaciones nivales a pluviales, que afecta particularmente a la regi\u00f3n de Ays\u00e9n\u201d agreg\u00f3.<\/p>\n<p style=\"text-align: justify;\">Adem\u00e1s, el legislador destac\u00f3 que la norma \u201ccontempla un c\u00famulo de estrategias significativas y relevantes, que hablan desde los niveles de participaci\u00f3n, de estrategia en el contexto global, el rol de las regiones el manejo de cuenca, entre otros\u201d.<\/p>\n<p style=\"text-align: justify;\"><strong>D\u00e9ficit h\u00eddrico <\/strong><\/p>\n<p style=\"text-align: justify;\">Durante el debate, Sandoval mostr\u00f3 su preocupaci\u00f3n por el impacto que tiene el d\u00e9ficit h\u00eddrico que se vive en m\u00e1s del 60% de la regi\u00f3n de Ays\u00e9n. \u201cIncluso en Chile Chico, que es ribere\u00f1o al Lago General Carrera. Por eso, este desaf\u00edo del cambio clim\u00e1tico, requiere de manera sustantiva un cambio de mirada respecto de c\u00f3mo hacemos los efectos de mitigaciones, como hacemos las acciones que nos permitan enfrentar de manera tecnol\u00f3gica e infraestructura, para enfrentar este tema\u201d, puntualiz\u00f3.<\/p>\n<p style=\"text-align: justify;\">Por lo mismo, considera evidente que \u201cel desaf\u00edo del cambio clim\u00e1tico requiere una mirada totalmente distinta\u201d, enfatizando \u201cya no basta el mero discurso pol\u00edtico\u201d, sino que por el contrario, hoy se hace necesario incorporar las acciones concretas para enfrentar esta realidad.<\/p>\n<p style=\"text-align: justify;\">En ese contexto, Sandoval recalc\u00f3 que nuestro pa\u00eds \u201cno es un gran emisor de gases de efecto invernadero a nivel mundial\u201d, pero de igual manera vive el impacto\u00a0 de todos los efectos no deseados del cambio clim\u00e1tico. \u201cAl extremo de que cinco de las diez comunas de la regi\u00f3n de Ays\u00e9n, est\u00e1n declaradas con d\u00e9ficit h\u00eddrico, en una zona donde cualquier pensar\u00eda que es algo imposible\u201d, concluy\u00f3.<\/p>\n<p style=\"text-align: justify;\">La nueva norma dispone que el Ministerio del Medioambiente sea la autoridad en el cambio clim\u00e1tico y le corresponder\u00e1 elaborar la Estrategia Clim\u00e1tica de Largo Plazo. Tambi\u00e9n estar\u00e1 a cargo de la Contribuci\u00f3n Determinada a Nivel Nacional que contendr\u00e1 los compromisos de Chile a nivel internacional, para mitigar las emisiones de gases de efecto invernadero e implementar medidas de adaptaci\u00f3n.<\/p>\n<p style=\"text-align: justify;\">Del mismo modo, elaborar\u00e1 el Reporte de Acci\u00f3n Nacional de Cambio Clim\u00e1tico, el cual contendr\u00e1 las pol\u00edticas, planes, programas y medidas del cambio clim\u00e1tico.<\/p>\n<\/div><\/section><\/div><div  style='height:50px' class='hr hr-invisible   avia-builder-el-6  el_after_av_one_full  el_before_av_social_share '><span class='hr-inner ' ><span class='hr-inner-style'><\/span><\/span><\/div><\/p>\n<div  class='av-social-sharing-box  avia-builder-el-7  el_after_av_hr  el_before_av_hr  '><div class='av-share-box'><h5 class='av-share-link-description av-no-toc '>Compartir esta noticia<\/h5><ul class='av-share-box-list noLightbox'><li class='av-share-link av-social-link-facebook' ><a target=\"_blank\" aria-label=\"Compartir en Facebook\" href='https:\/\/www.facebook.com\/sharer.php?u=https:\/\/radiorevelacionfm.cl\/?p=14511&#038;t=Senador%20Sandoval%3A%20%E2%80%9CEl%20desaf%C3%ADo%20del%20cambio%20clim%C3%A1tico%20requiere%20una%20mirada%20totalmente%20distinta%E2%80%9D' aria-hidden='false' data-av_icon='\ue8f3' data-av_iconfont='entypo-fontello' title='' data-avia-related-tooltip='Compartir en Facebook' rel=\"noopener\"><span class='avia_hidden_link_text'>Compartir en Facebook<\/span><\/a><\/li><li class='av-share-link av-social-link-twitter' ><a target=\"_blank\" aria-label=\"Compartir en Twitter\" href='https:\/\/twitter.com\/share?text=Senador%20Sandoval%3A%20%E2%80%9CEl%20desaf%C3%ADo%20del%20cambio%20clim%C3%A1tico%20requiere%20una%20mirada%20totalmente%20distinta%E2%80%9D&#038;url=https:\/\/radiorevelacionfm.cl\/?p=14511' aria-hidden='false' data-av_icon='\ue8f1' data-av_iconfont='entypo-fontello' title='' data-avia-related-tooltip='Compartir en Twitter' rel=\"noopener\"><span class='avia_hidden_link_text'>Compartir en Twitter<\/span><\/a><\/li><li class='av-share-link av-social-link-whatsapp' ><a target=\"_blank\" aria-label=\"Compartir en Whatsapp\" href='https:\/\/api.whatsapp.com\/send?text=https:\/\/radiorevelacionfm.cl\/?p=14511' aria-hidden='false' data-av_icon='\uf232' data-av_iconfont='entypo-fontello' title='' data-avia-related-tooltip='Compartir en Whatsapp' rel=\"noopener\"><span class='avia_hidden_link_text'>Compartir en Whatsapp<\/span><\/a><\/li><li class='av-share-link av-social-link-linkedin' ><a target=\"_blank\" aria-label=\"Compartir en LinkedIn\" href='https:\/\/linkedin.com\/shareArticle?mini=true&#038;title=Senador%20Sandoval%3A%20%E2%80%9CEl%20desaf%C3%ADo%20del%20cambio%20clim%C3%A1tico%20requiere%20una%20mirada%20totalmente%20distinta%E2%80%9D&#038;url=https:\/\/radiorevelacionfm.cl\/?p=14511' aria-hidden='false' data-av_icon='\ue8fc' data-av_iconfont='entypo-fontello' title='' data-avia-related-tooltip='Compartir en LinkedIn' rel=\"noopener\"><span class='avia_hidden_link_text'>Compartir en LinkedIn<\/span><\/a><\/li><li class='av-share-link av-social-link-mail' ><a  aria-label=\"Compartir por correo\" href='mailto:?subject=Senador%20Sandoval%3A%20%E2%80%9CEl%20desaf%C3%ADo%20del%20cambio%20clim%C3%A1tico%20requiere%20una%20mirada%20totalmente%20distinta%E2%80%9D&#038;body=https:\/\/radiorevelacionfm.cl\/?p=14511' aria-hidden='false' data-av_icon='\ue805' data-av_iconfont='entypo-fontello' title='' data-avia-related-tooltip='Compartir por correo'><span class='avia_hidden_link_text'>Compartir por correo<\/span><\/a><\/li><\/ul><\/div><\/div>\n<div  style='height:50px' class='hr hr-invisible   avia-builder-el-8  el_after_av_social_share  el_before_av_comments_list '><span class='hr-inner ' ><span class='hr-inner-style'><\/span><\/span><\/div>\n<div  class='av-buildercomment  av-blog-meta-html-info-disabled av-blog-meta-tag-disabled  '><\/div>\n","protected":false},"excerpt":{"rendered":"","protected":false},"author":1,"featured_media":14512,"comment_status":"open","ping_status":"open","sticky":false,"template":"","format":"standard","meta":{"footnotes":""},"categories":[35],"tags":[],"class_list":["post-14511","post","type-post","status-publish","format-standard","has-post-thumbnail","hentry","category-politica"],"jetpack_featured_media_url":"https:\/\/radiorevelacionfm.cl\/wp-content\/uploads\/2022\/03\/image-76-2.jpg","_links":{"self":[{"href":"https:\/\/radiorevelacionfm.cl\/index.php?rest_route=\/wp\/v2\/posts\/14511","targetHints":{"allow":["GET"]}}],"collection":[{"href":"https:\/\/radiorevelacionfm.cl\/index.php?rest_route=\/wp\/v2\/posts"}],"about":[{"href":"https:\/\/radiorevelacionfm.cl\/index.php?rest_route=\/wp\/v2\/types\/post"}],"author":[{"embeddable":true,"href":"https:\/\/radiorevelacionfm.cl\/index.php?rest_route=\/wp\/v2\/users\/1"}],"replies":[{"embeddable":true,"href":"https:\/\/radiorevelacionfm.cl\/index.php?rest_route=%2Fwp%2Fv2%2Fcomments&post=14511"}],"version-history":[{"count":2,"href":"https:\/\/radiorevelacionfm.cl\/index.php?rest_route=\/wp\/v2\/posts\/14511\/revisions"}],"predecessor-version":[{"id":14568,"href":"https:\/\/radiorevelacionfm.cl\/index.php?rest_route=\/wp\/v2\/posts\/14511\/revisions\/14568"}],"wp:featuredmedia":[{"embeddable":true,"href":"https:\/\/radiorevelacionfm.cl\/index.php?rest_route=\/wp\/v2\/media\/14512"}],"wp:attachment":[{"href":"https:\/\/radiorevelacionfm.cl\/index.php?rest_route=%2Fwp%2Fv2%2Fmedia&parent=14511"}],"wp:term":[{"taxonomy":"category","embeddable":true,"href":"https:\/\/radiorevelacionfm.cl\/index.php?rest_route=%2Fwp%2Fv2%2Fcategories&post=14511"},{"taxonomy":"post_tag","embeddable":true,"href":"https:\/\/radiorevelacionfm.cl\/index.php?rest_route=%2Fwp%2Fv2%2Ftags&post=14511"}],"curies":[{"name":"wp","href":"https:\/\/api.w.org\/{rel}","templated":true}]}}